{"id":102877,"date":"2025-11-07T23:01:46","date_gmt":"2025-11-07T22:01:46","guid":{"rendered":"https:\/\/de.ambaguinee.org\/?p=102877"},"modified":"2025-11-07T23:01:46","modified_gmt":"2025-11-07T22:01:46","slug":"preavis-de-greve-de-lintersyndicale-dr-alia-camara-annonce-louverture-prochaine-des-negociations","status":"publish","type":"post","link":"https:\/\/de.ambaguinee.org\/?p=102877","title":{"rendered":"Pr\u00e9avis de gr\u00e8ve de l\u2019intersyndicale : Dr Alia Camara annonce l\u2019ouverture prochaine des n\u00e9gociations"},"content":{"rendered":"<div>\n<div style=\"margin-bottom:20px;\"><img width=\"1020\" height=\"574\"src=\"https:\/\/i0.wp.com\/www.guinee7.com\/wp-content\/uploads\/2025\/11\/IMG-20251107-WA0005.jpg?w=1020&amp;ssl=1\" class=\"attachment-post-thumbnail size-post-thumbnail wp-post-image\" alt=\"\" decoding=\"async\" loading=\"lazy\" srcset=\"https:\/\/i0.wp.com\/www.guinee7.com\/wp-content\/uploads\/2025\/11\/IMG-20251107-WA0005.jpg?w=1020&amp;ssl=1 1020w, https:\/\/i0.wp.com\/www.guinee7.com\/wp-content\/uploads\/2025\/11\/IMG-20251107-WA0005.jpg?resize=300%2C169&amp;ssl=1 300w, https:\/\/i0.wp.com\/www.guinee7.com\/wp-content\/uploads\/2025\/11\/IMG-20251107-WA0005.jpg?resize=768%2C432&amp;ssl=1 768w\" sizes=\"auto, (max-width: 1020px) 100vw, 1020px\"><\/div>\n<p><span style=\"font-size: 18px;\">L\u2019intersyndicale de l\u2019\u00c9ducation pr\u00e9-universitaire a d\u00e9pos\u00e9 un pr\u00e9avis de gr\u00e8ve aupr\u00e8s des autorit\u00e9s guin\u00e9ennes, r\u00e9clamant la satisfaction des points inscrits dans sa plateforme revendicative du 1er septembre 2025.<\/span><\/p>\n<p><span style=\"font-size: 18px;\">Jeudi 6 novembre 2025, le pr\u00e9sident du Conseil national du dialogue social, Dr Alia Camara, a invit\u00e9 les responsables syndicaux \u00e0 privil\u00e9gier la voie du dialogue.<\/span><\/p>\n<p><span style=\"font-size: 18px;\">\u201cJe voudrais inviter nos partenaires de l\u2019intersyndicale de l\u2019\u00e9ducation \u00e0 continuer \u00e0 faire preuve de responsabilit\u00e9 et \u00e0 s\u2019engager dans la voie du dialogue\u201da d\u00e9clar\u00e9 Dr Camara, avant d\u2019annoncer la tenue prochaine de discussions.<\/span><\/p>\n<p><span style=\"font-size: 18px;\">Il a ajout\u00e9 que les dispositions n\u00e9cessaires seront prises dans les prochains jours pour instaurer un cadre d\u2019\u00e9changes entre les repr\u00e9sentants syndicaux et les autorit\u00e9s comp\u00e9tentes.<\/span><\/p>\n<p><span style=\"font-size: 18px;\">\u201cIls ont d\u00e9pos\u00e9 un pr\u00e9avis de gr\u00e8ve, et dans les jours \u00e0 venir, les dispositions seront prises afin que nous puissions cr\u00e9er un cadre de dialogue permettant \u00e0 ces partenaires et \u00e0 leurs structures de discuter de l\u2019ensemble de leurs pr\u00e9occupations\u201d, a annonc\u00e9 Dr Alia Camara.<\/span><\/p>\n<p><strong><span style=\"font-size: 18px;\">Bhoye Barry pour guinee7.com<\/span><\/strong><!--\/data\/user\/0\/com.samsung.android.app.notes\/files\/clipdata\/clipdata_bodytext_251107_115704_712.sdocx--><\/p>\n<p>L\u2019article <a href=\"https:\/\/www.guinee7.com\/2025\/11\/07\/preavis-de-greve-de-lintersyndicale-dr-alia-camara-annonce-louverture-prochaine-des-negociations\/\">Pr\u00e9avis de gr\u00e8ve de l\u2019intersyndicale : Dr Alia Camara annonce l\u2019ouverture prochaine des n\u00e9gociations<\/a> est apparu en premier sur <a href=\"https:\/\/www.guinee7.com\/\">Guinee7.com<\/a>.<\/p>\n<\/div>\n","protected":false},"excerpt":{"rendered":"<p>L\u2019intersyndicale de l\u2019\u00c9ducation pr\u00e9-universitaire a d\u00e9pos\u00e9 un pr\u00e9avis de gr\u00e8ve aupr\u00e8s des autorit\u00e9s guin\u00e9ennes, r\u00e9clamant la satisfaction des points inscrits dans sa plateforme revendicative du 1er septembre 2025. Jeudi 6 novembre 2025, le pr\u00e9sident du Conseil national du dialogue social, Dr Alia Camara, a invit\u00e9 les responsables syndicaux \u00e0 privil\u00e9gier la voie du dialogue. \u201cJe &hellip;<\/p>\n","protected":false},"author":1,"featured_media":0,"comment_status":"closed","ping_status":"closed","sticky":false,"template":"","format":"standard","meta":{"footnotes":""},"categories":[2],"tags":[22],"_links":{"self":[{"href":"https:\/\/de.ambaguinee.org\/index.php?rest_route=\/wp\/v2\/posts\/102877"}],"collection":[{"href":"https:\/\/de.ambaguinee.org\/index.php?rest_route=\/wp\/v2\/posts"}],"about":[{"href":"https:\/\/de.ambaguinee.org\/index.php?rest_route=\/wp\/v2\/types\/post"}],"author":[{"embeddable":true,"href":"https:\/\/de.ambaguinee.org\/index.php?rest_route=\/wp\/v2\/users\/1"}],"replies":[{"embeddable":true,"href":"https:\/\/de.ambaguinee.org\/index.php?rest_route=%2Fwp%2Fv2%2Fcomments&post=102877"}],"version-history":[{"count":0,"href":"https:\/\/de.ambaguinee.org\/index.php?rest_route=\/wp\/v2\/posts\/102877\/revisions"}],"wp:attachment":[{"href":"https:\/\/de.ambaguinee.org\/index.php?rest_route=%2Fwp%2Fv2%2Fmedia&parent=102877"}],"wp:term":[{"taxonomy":"category","embeddable":true,"href":"https:\/\/de.ambaguinee.org\/index.php?rest_route=%2Fwp%2Fv2%2Fcategories&post=102877"},{"taxonomy":"post_tag","embeddable":true,"href":"https:\/\/de.ambaguinee.org\/index.php?rest_route=%2Fwp%2Fv2%2Ftags&post=102877"}],"curies":[{"name":"wp","href":"https:\/\/api.w.org\/{rel}","templated":true}]}}