{"id":103735,"date":"2025-11-20T23:02:10","date_gmt":"2025-11-20T22:02:10","guid":{"rendered":"https:\/\/de.ambaguinee.org\/?p=103735"},"modified":"2025-11-20T23:02:10","modified_gmt":"2025-11-20T22:02:10","slug":"cellou-balde-un-choix-strategique-pour-diriger-la-campagne-du-candidat-mamadi-doumbouya-a-labe","status":"publish","type":"post","link":"https:\/\/de.ambaguinee.org\/?p=103735","title":{"rendered":"Cellou Bald\u00e9 : un choix strat\u00e9gique pour diriger la campagne du candidat Mamadi Doumbouya \u00e0 Lab\u00e9"},"content":{"rendered":"<div>\n<div style=\"margin-bottom:20px;\"><img width=\"1410\" height=\"1148\"src=\"https:\/\/i0.wp.com\/mediaguinee.com\/wp-content\/uploads\/2025\/11\/6cb49a7e-4c59-4b55-9635-e2276e113720.jpeg?w=1410&amp;ssl=1\" class=\"attachment-post-thumbnail size-post-thumbnail wp-post-image\" alt=\"\" decoding=\"async\" srcset=\"https:\/\/i0.wp.com\/mediaguinee.com\/wp-content\/uploads\/2025\/11\/6cb49a7e-4c59-4b55-9635-e2276e113720.jpeg?w=1410&amp;ssl=1 1410w, https:\/\/i0.wp.com\/mediaguinee.com\/wp-content\/uploads\/2025\/11\/6cb49a7e-4c59-4b55-9635-e2276e113720.jpeg?resize=300%2C244&amp;ssl=1 300w, https:\/\/i0.wp.com\/mediaguinee.com\/wp-content\/uploads\/2025\/11\/6cb49a7e-4c59-4b55-9635-e2276e113720.jpeg?resize=1024%2C834&amp;ssl=1 1024w, https:\/\/i0.wp.com\/mediaguinee.com\/wp-content\/uploads\/2025\/11\/6cb49a7e-4c59-4b55-9635-e2276e113720.jpeg?resize=768%2C625&amp;ssl=1 768w\" sizes=\"(max-width: 1410px) 100vw, 1410px\" data-attachment-id=\"301498\" data-permalink=\"https:\/\/mediaguinee.com\/2025\/11\/cellou-balde-un-choix-strategique-pour-diriger-la-campagne-du-candidat-mamadi-doumbouya-a-labe\/6cb49a7e-4c59-4b55-9635-e2276e113720\/\" data-orig-file=\"https:\/\/i0.wp.com\/mediaguinee.com\/wp-content\/uploads\/2025\/11\/6cb49a7e-4c59-4b55-9635-e2276e113720.jpeg?fit=1410%2C1148&amp;ssl=1\" data-orig-size=\"1410,1148\" data-comments-opened=\"1\" data-image-meta='{\"aperture\":\"0\",\"credit\":\"\",\"camera\":\"\",\"caption\":\"\",\"created_timestamp\":\"1763662989\",\"copyright\":\"\",\"focal_length\":\"0\",\"iso\":\"0\",\"shutter_speed\":\"0\",\"title\":\"\",\"orientation\":\"1\"}' data-image-title=\"Cellou Bald\u00e9\" data-image-description=\"\" data-image-caption=\"\" data-medium-file=\"https:\/\/i0.wp.com\/mediaguinee.com\/wp-content\/uploads\/2025\/11\/6cb49a7e-4c59-4b55-9635-e2276e113720.jpeg?fit=300%2C244&amp;ssl=1\" data-large-file=\"https:\/\/i0.wp.com\/mediaguinee.com\/wp-content\/uploads\/2025\/11\/6cb49a7e-4c59-4b55-9635-e2276e113720.jpeg?fit=1024%2C834&amp;ssl=1\"><\/div>\n<p>\u00c0 l\u2019approche de l\u2019\u00e9lection pr\u00e9sidentielle pr\u00e9vue en d\u00e9cembre 2025, les \u00e9quipes de campagne s\u2019organisent progressivement \u00e0 travers le pays. \u00c0 Lab\u00e9, la d\u00e9signation du ministre de la Jeunesse, Cellou Bald\u00e9, comme directeur r\u00e9gional de campagne du candidat Mamadi Doumbouya attire particuli\u00e8rement l\u2019attention, tant son profil semble correspondre aux r\u00e9alit\u00e9s locales et aux enjeux politiques actuels.<\/p>\n<p>Originaire de la r\u00e9gion et ancien d\u00e9put\u00e9 uninominal de Lab\u00e9, Cellou Bald\u00e9 s\u2019est forg\u00e9 au fil des ann\u00e9es une solide r\u00e9putation d\u2019homme de terrain. Proche des populations, il a maintenu un contact r\u00e9gulier avec les jeunes, les femmes et les sages, devenant l\u2019un des interlocuteurs les plus \u00e9cout\u00e9s du Foutah.<\/p>\n<p>Son exp\u00e9rience politique locale, alli\u00e9e \u00e0 sa capacit\u00e9 \u00e0 dialoguer avec l\u2019ensemble des composantes sociales, a largement appuy\u00e9 sa nomination. Pour de nombreux observateurs, il s\u2019agit d\u2019un acteur qui ma\u00eetrise profond\u00e9ment la6 sociologie politique de la r\u00e9gion, ses attentes, ses nuances et ses dynamiques communautaires.<\/p>\n<p>Consid\u00e9r\u00e9 comme l\u2019une des figures \u00e9mergentes du leadership local, Cellou Bald\u00e9 a \u00e9galement construit son influence \u00e0 travers son parcours dans les ONG, les projets de d\u00e9veloppement et son engagement dans l\u2019opposition, notamment au sein de l\u2019UFDG. Ce parcours lui a permis de d\u00e9velopper un r\u00e9seau diversifi\u00e9 et une l\u00e9gitimit\u00e9 politique reconnue.<\/p>\n<p>Son action en faveur de la jeunesse, notamment avant son entr\u00e9e au gouvernement, lui vaut une cr\u00e9dibilit\u00e9 particuli\u00e8re dans une r\u00e9gion o\u00f9 cette frange repr\u00e9sente une force sociale majeure. Les femmes et les notabilit\u00e9s rurales, avec lesquelles il entretient un dialogue constant, voient en lui un relais fiable et conciliateur.<\/p>\n<p>Depuis son adh\u00e9sion \u00e0 la dynamique de refondation port\u00e9e par le CNRD et le pr\u00e9sident Mamadi Doumbouya, la sc\u00e8ne politique de Lab\u00e9 a connu un repositionnement progressif. Plusieurs personnalit\u00e9s locales, y compris d\u2019anciens acteurs de l\u2019opposition radicale, ont rejoint cette nouvelle orientation, souvent sous l\u2019impulsion ou l\u2019influence du ministre Bald\u00e9.<\/p>\n<p>L\u2019article <a href=\"https:\/\/mediaguinee.com\/2025\/11\/cellou-balde-un-choix-strategique-pour-diriger-la-campagne-du-candidat-mamadi-doumbouya-a-labe\/\">Cellou Bald\u00e9 : un choix strat\u00e9gique pour diriger la campagne du candidat Mamadi Doumbouya \u00e0 Lab\u00e9<\/a> est apparu en premier sur <a href=\"https:\/\/mediaguinee.com\/\">Mediaguinee.com<\/a>.<\/p>\n<\/div>\n","protected":false},"excerpt":{"rendered":"<p>\u00c0 l\u2019approche de l\u2019\u00e9lection pr\u00e9sidentielle pr\u00e9vue en d\u00e9cembre 2025, les \u00e9quipes de campagne s\u2019organisent progressivement \u00e0 travers le pays. \u00c0 Lab\u00e9, la d\u00e9signation du ministre de la Jeunesse, Cellou Bald\u00e9, comme directeur r\u00e9gional de campagne du candidat Mamadi Doumbouya attire particuli\u00e8rement l\u2019attention, tant son profil semble correspondre aux r\u00e9alit\u00e9s locales et aux enjeux politiques actuels. &hellip;<\/p>\n","protected":false},"author":1,"featured_media":0,"comment_status":"closed","ping_status":"closed","sticky":false,"template":"","format":"standard","meta":{"footnotes":""},"categories":[2],"tags":[23],"_links":{"self":[{"href":"https:\/\/de.ambaguinee.org\/index.php?rest_route=\/wp\/v2\/posts\/103735"}],"collection":[{"href":"https:\/\/de.ambaguinee.org\/index.php?rest_route=\/wp\/v2\/posts"}],"about":[{"href":"https:\/\/de.ambaguinee.org\/index.php?rest_route=\/wp\/v2\/types\/post"}],"author":[{"embeddable":true,"href":"https:\/\/de.ambaguinee.org\/index.php?rest_route=\/wp\/v2\/users\/1"}],"replies":[{"embeddable":true,"href":"https:\/\/de.ambaguinee.org\/index.php?rest_route=%2Fwp%2Fv2%2Fcomments&post=103735"}],"version-history":[{"count":0,"href":"https:\/\/de.ambaguinee.org\/index.php?rest_route=\/wp\/v2\/posts\/103735\/revisions"}],"wp:attachment":[{"href":"https:\/\/de.ambaguinee.org\/index.php?rest_route=%2Fwp%2Fv2%2Fmedia&parent=103735"}],"wp:term":[{"taxonomy":"category","embeddable":true,"href":"https:\/\/de.ambaguinee.org\/index.php?rest_route=%2Fwp%2Fv2%2Fcategories&post=103735"},{"taxonomy":"post_tag","embeddable":true,"href":"https:\/\/de.ambaguinee.org\/index.php?rest_route=%2Fwp%2Fv2%2Ftags&post=103735"}],"curies":[{"name":"wp","href":"https:\/\/api.w.org\/{rel}","templated":true}]}}