{"id":104061,"date":"2025-11-25T23:03:37","date_gmt":"2025-11-25T22:03:37","guid":{"rendered":"https:\/\/de.ambaguinee.org\/?p=104061"},"modified":"2025-11-25T23:03:37","modified_gmt":"2025-11-25T22:03:37","slug":"la-refondation-senracine-trois-nouvelles-antennes-galvanisent-conakry","status":"publish","type":"post","link":"https:\/\/de.ambaguinee.org\/?p=104061","title":{"rendered":"La Refondation s\u2019enracine : trois nouvelles antennes galvanisent Conakry"},"content":{"rendered":"<div>\n<div style=\"margin-bottom:20px;\"><img width=\"1080\" height=\"719\"src=\"https:\/\/i0.wp.com\/www.guinee7.com\/wp-content\/uploads\/2025\/11\/IMG-20251125-WA0017.jpg?w=1080&amp;ssl=1\" class=\"attachment-post-thumbnail size-post-thumbnail wp-post-image\" alt=\"\" decoding=\"async\" loading=\"lazy\" srcset=\"https:\/\/i0.wp.com\/www.guinee7.com\/wp-content\/uploads\/2025\/11\/IMG-20251125-WA0017.jpg?w=1080&amp;ssl=1 1080w, https:\/\/i0.wp.com\/www.guinee7.com\/wp-content\/uploads\/2025\/11\/IMG-20251125-WA0017.jpg?resize=300%2C200&amp;ssl=1 300w, https:\/\/i0.wp.com\/www.guinee7.com\/wp-content\/uploads\/2025\/11\/IMG-20251125-WA0017.jpg?resize=1024%2C682&amp;ssl=1 1024w, https:\/\/i0.wp.com\/www.guinee7.com\/wp-content\/uploads\/2025\/11\/IMG-20251125-WA0017.jpg?resize=768%2C511&amp;ssl=1 768w\" sizes=\"auto, (max-width: 1080px) 100vw, 1080px\"><\/div>\n<p><span style=\"font-size: 18px;\">Un souffle d\u2019enthousiasme a parcouru ce dimanche 23 novembre les quartiers de Bellevue, Behanzin et Yimbaya, o\u00f9 la Dynamique Les Ambassadeurs de la Refondation a install\u00e9 ses nouvelles antennes locales. Trois quartiers, trois foules mobilis\u00e9es et une s\u00e9rie d\u2019\u00e9v\u00e9nements qui illustrent l\u2019ancrage grandissant de la Refondation dans la capitale guin\u00e9enne depuis son lancement officiel le 26 octobre 2025.<\/span><\/p>\n<p><span style=\"font-size: 18px;\">La c\u00e9r\u00e9monie, pr\u00e9sid\u00e9e par le Coordinateur national Lansana Diawara, a rassembl\u00e9 responsables de la Dynamique, autorit\u00e9s locales et habitants, donnant \u00e0 l\u2019\u00e9v\u00e9nement des allures de rencontre citoyenne de grande envergure. Dans son discours, M. Diawara a salu\u00e9 l\u2019engagement des nouveaux ambassadeurs, pr\u00e9sent\u00e9s comme des relais essentiels entre les communaut\u00e9s et l\u2019action publique, charg\u00e9s de diffuser les valeurs de paix, de coh\u00e9sion sociale et de d\u00e9veloppement.<\/span><\/p>\n<p><span style=\"font-size: 18px;\">La Cheffe de quartier de Behanzin, Mme Aminata, a apport\u00e9 une pr\u00e9sence symbolique forte, applaudie par la foule, tandis que le Coordinateur national adjoint, Alseny Marco Camara, et plusieurs cadres de la Dynamique ont insist\u00e9 sur la volont\u00e9 de renforcer l\u2019ancrage de la Refondation dans le quotidien des habitants, en valorisant l\u2019unit\u00e9, le dialogue et la citoyennet\u00e9 active.<\/span><\/p>\n<p><span style=\"font-size: 18px;\">Au cours des interventions, les responsables de la Dynamique ont \u00e9galement annonc\u00e9 leur soutien officiel \u00e0 la candidature du pr\u00e9sident Mamadi Doumbouya, actuellement engag\u00e9 dans la course aux prochaines \u00e9lections. Selon eux, la continuit\u00e9 de son mandat est indispensable pour achever les chantiers institutionnels et infrastructurels initi\u00e9s depuis 2021. Cette position, exprim\u00e9e publiquement, a \u00e9t\u00e9 salu\u00e9e par l\u2019assistance et a soulign\u00e9 la dimension politique et strat\u00e9gique des antennes locales.<\/span><\/p>\n<p><span style=\"font-size: 18px;\">Le leadership du pr\u00e9sident Doumbouya, \u00e0 la t\u00eate de l\u2019\u00c9tat depuis le 5 septembre 2021, a \u00e9t\u00e9 rappel\u00e9 comme le cadre structurant des transformations en cours. Les r\u00e9formes institutionnelles, les programmes de lutte contre la corruption et les projets d\u2019infrastructures majeurs ont \u00e9t\u00e9 cit\u00e9s comme des initiatives que les ambassadeurs souhaitent relayer et accompagner au plus pr\u00e8s des populations.<\/span><\/p>\n<p><span style=\"font-size: 18px;\">Depuis le lancement de la Dynamique, les responsables ont multipli\u00e9 les rencontres et les actions de proximit\u00e9 pour cr\u00e9er un maillage territorial dense. Leur objectif : transformer les antennes locales en v\u00e9ritables points de convergence entre l\u2019action nationale et les pr\u00e9occupations quotidiennes des citoyens.<\/span><\/p>\n<p><span style=\"font-size: 18px;\">Apr\u00e8s Bellevue, Behanzin et Yimbaya, la Dynamique pr\u00e9voit d\u2019\u00e9tendre ses activit\u00e9s \u00e0 Bonfi March\u00e9, Bonfi Port et Sangoyah, o\u00f9 d\u2019autres antennes seront bient\u00f4t inaugur\u00e9es. Si l\u2019on en juge par la ferveur observ\u00e9e ce week-end, le mouvement semble d\u00e9cid\u00e9 \u00e0 maintenir un rythme soutenu et \u00e0 renforcer sa pr\u00e9sence sur l\u2019ensemble de la capitale, tout en consolidant sa capacit\u00e9 \u00e0 relayer les initiatives nationales au niveau local.<\/span><!--\/data\/user\/0\/com.samsung.android.app.notes\/files\/clipdata\/clipdata_bodytext_251125_144934_631.sdocx--><\/p>\n<p>L\u2019article <a href=\"https:\/\/www.guinee7.com\/2025\/11\/25\/la-refondation-senracine-trois-nouvelles-antennes-galvanisent-conakry\/\">La Refondation s\u2019enracine : trois nouvelles antennes galvanisent Conakry<\/a> est apparu en premier sur <a href=\"https:\/\/www.guinee7.com\/\">Guinee7.com<\/a>.<\/p>\n<\/div>\n","protected":false},"excerpt":{"rendered":"<p>Un souffle d\u2019enthousiasme a parcouru ce dimanche 23 novembre les quartiers de Bellevue, Behanzin et Yimbaya, o\u00f9 la Dynamique Les Ambassadeurs de la Refondation a install\u00e9 ses nouvelles antennes locales. Trois quartiers, trois foules mobilis\u00e9es et une s\u00e9rie d\u2019\u00e9v\u00e9nements qui illustrent l\u2019ancrage grandissant de la Refondation dans la capitale guin\u00e9enne depuis son lancement officiel le &hellip;<\/p>\n","protected":false},"author":1,"featured_media":0,"comment_status":"closed","ping_status":"closed","sticky":false,"template":"","format":"standard","meta":{"footnotes":""},"categories":[2],"tags":[22],"_links":{"self":[{"href":"https:\/\/de.ambaguinee.org\/index.php?rest_route=\/wp\/v2\/posts\/104061"}],"collection":[{"href":"https:\/\/de.ambaguinee.org\/index.php?rest_route=\/wp\/v2\/posts"}],"about":[{"href":"https:\/\/de.ambaguinee.org\/index.php?rest_route=\/wp\/v2\/types\/post"}],"author":[{"embeddable":true,"href":"https:\/\/de.ambaguinee.org\/index.php?rest_route=\/wp\/v2\/users\/1"}],"replies":[{"embeddable":true,"href":"https:\/\/de.ambaguinee.org\/index.php?rest_route=%2Fwp%2Fv2%2Fcomments&post=104061"}],"version-history":[{"count":0,"href":"https:\/\/de.ambaguinee.org\/index.php?rest_route=\/wp\/v2\/posts\/104061\/revisions"}],"wp:attachment":[{"href":"https:\/\/de.ambaguinee.org\/index.php?rest_route=%2Fwp%2Fv2%2Fmedia&parent=104061"}],"wp:term":[{"taxonomy":"category","embeddable":true,"href":"https:\/\/de.ambaguinee.org\/index.php?rest_route=%2Fwp%2Fv2%2Fcategories&post=104061"},{"taxonomy":"post_tag","embeddable":true,"href":"https:\/\/de.ambaguinee.org\/index.php?rest_route=%2Fwp%2Fv2%2Ftags&post=104061"}],"curies":[{"name":"wp","href":"https:\/\/api.w.org\/{rel}","templated":true}]}}