{"id":104213,"date":"2025-11-27T23:03:38","date_gmt":"2025-11-27T22:03:38","guid":{"rendered":"https:\/\/de.ambaguinee.org\/?p=104213"},"modified":"2025-11-27T23:03:38","modified_gmt":"2025-11-27T22:03:38","slug":"qualite-et-competitivite-loncq-ouvre-ses-portes-pour-eclairer-son-role-strategique","status":"publish","type":"post","link":"https:\/\/de.ambaguinee.org\/?p=104213","title":{"rendered":"Qualit\u00e9 et comp\u00e9titivit\u00e9 : l\u2019ONCQ ouvre ses portes pour \u00e9clairer son r\u00f4le strat\u00e9gique"},"content":{"rendered":"<div>\n<div style=\"margin-bottom:20px;\"><img width=\"1024\" height=\"768\"src=\"https:\/\/i0.wp.com\/www.guinee7.com\/wp-content\/uploads\/2025\/11\/IMG-20251126-WA0041.jpg?w=1024&amp;ssl=1\" class=\"attachment-post-thumbnail size-post-thumbnail wp-post-image\" alt=\"\" decoding=\"async\" loading=\"lazy\" srcset=\"https:\/\/i0.wp.com\/www.guinee7.com\/wp-content\/uploads\/2025\/11\/IMG-20251126-WA0041.jpg?w=1024&amp;ssl=1 1024w, https:\/\/i0.wp.com\/www.guinee7.com\/wp-content\/uploads\/2025\/11\/IMG-20251126-WA0041.jpg?resize=300%2C225&amp;ssl=1 300w, https:\/\/i0.wp.com\/www.guinee7.com\/wp-content\/uploads\/2025\/11\/IMG-20251126-WA0041.jpg?resize=768%2C576&amp;ssl=1 768w, https:\/\/i0.wp.com\/www.guinee7.com\/wp-content\/uploads\/2025\/11\/IMG-20251126-WA0041.jpg?resize=86%2C64&amp;ssl=1 86w\" sizes=\"auto, (max-width: 1024px) 100vw, 1024px\"><\/div>\n<p><span style=\"font-size: 19px;\">Les Journ\u00e9es portes ouvertes sur la qualit\u00e9 ont \u00e9t\u00e9 officiellement lanc\u00e9es ce mercredi 26 novembre 2025 dans la salle du congr\u00e8s du Palais du Peuple. Plac\u00e9e sous le th\u00e8me \u00ab La qualit\u00e9, levier de comp\u00e9titivit\u00e9 et de protection du consommateur \u00bb, cette \u00e9dition est organis\u00e9e par l\u2019Office national de contr\u00f4le de qualit\u00e9 (ONCQ), sous la tutelle du minist\u00e8re du Commerce. L\u2019\u00e9v\u00e8nement a r\u00e9uni des cadres de l\u2019administration publique, des experts nationaux et internationaux ainsi que plusieurs institutions partenaires.<\/span><\/p>\n<p><span style=\"font-size: 19px;\">D\u00e8s l\u2019ouverture, le directeur g\u00e9n\u00e9ral de l\u2019ONCQ, Mohamed Kadiatou Sylla, a rappel\u00e9 le r\u00f4le essentiel que joue la qualit\u00e9 dans le d\u00e9veloppement \u00e9conomique.<\/span><br \/><span style=\"font-size: 19px;\">\u00abVotre pr\u00e9sence parmi nous t\u00e9moigne de l\u2019int\u00e9r\u00eat que vous portez \u00e0 cette th\u00e9matique essentielle pour le d\u00e9veloppement \u00e9conomique, la comp\u00e9titivit\u00e9 et la protection du consommateur. La qualit\u00e9 n\u2019est pas qu\u2019une norme, c\u2019est un \u00e9tat d\u2019esprit, gage de durabilit\u00e9 de nos entreprises et de nos produits \u00bb, a-t-il soulign\u00e9.<\/span><\/p>\n<p><span style=\"font-size: 19px;\">La ministre du Commerce, Fatima Camara, a ensuite insist\u00e9 sur la n\u00e9cessit\u00e9 de rendre visible le travail technique de l\u2019ONCQ, souvent m\u00e9connu du grand public.<\/span><br \/><span style=\"font-size: 19px;\">\u00abL\u2019objectif de ces journ\u00e9es est de sortir ce travail de l\u2019ombre, de le rendre visible, compr\u00e9hensible et partageable par tous. Le choix de la qualit\u00e9 comme levier de comp\u00e9titivit\u00e9 et de protection du consommateur exprime une double ambition : prot\u00e9ger les Guin\u00e9ens, qui doivent pouvoir se nourrir, se soigner et s\u2019\u00e9quiper en toute confiance ; et renforcer la comp\u00e9titivit\u00e9 de nos op\u00e9rateurs, qui ne peuvent acc\u00e9der \u00e0 des march\u00e9s exigeants sans une ma\u00eetrise r\u00e9elle de la qualit\u00e9, des normes et de la tra\u00e7abilit\u00e9 \u00bb, a-t-elle d\u00e9clar\u00e9.<\/span><\/p>\n<p><span style=\"font-size: 19px;\">La ministre a \u00e9galement d\u00e9taill\u00e9 les objectifs concrets de ces journ\u00e9es, parmi lesquels : \u00ab pr\u00e9senter les missions et capacit\u00e9s techniques de l\u2019ONCQ ; ouvrir les laboratoires aux administrations, partenaires, organisations professionnelles et \u00e9tudiants; favoriser un dialogue direct entre les \u00e9quipes charg\u00e9es du contr\u00f4le et les acteurs des diff\u00e9rentes cha\u00eenes de valeur. \u00bb<\/span><\/p>\n<p><span style=\"font-size: 19px;\">Les repr\u00e9sentants des pays invit\u00e9s d\u2019honneur et ceux de la R\u00e9publique de Guin\u00e9e ont ensuite anim\u00e9 plusieurs panels d\u2019\u00e9changes ax\u00e9s sur les bonnes pratiques et les d\u00e9fis communs. \u00ab Ces journ\u00e9es doivent aussi am\u00e9liorer l\u2019articulation entre les services de l\u2019\u00c9tat qui interviennent dans les domaines de la sant\u00e9, de l\u2019agriculture, de l\u2019\u00e9levage, de l\u2019environnement, de la p\u00eache, de la s\u00e9curit\u00e9 int\u00e9rieure, de la justice, des finances publiques et du commerce. Le programme s\u2019articule autour de temps de r\u00e9flexion et de d\u00e9monstrations, avec des \u00e9changes th\u00e9matiques r\u00e9unissant des experts guin\u00e9ens et des repr\u00e9sentants de structures s\u0153urs de la sous-r\u00e9gion \u00bb, ont expliqu\u00e9 les organisateurs.<\/span><\/p>\n<p><span style=\"font-size: 19px;\">Avec ces Journ\u00e9es portes ouvertes, l\u2019ONCQ entend renforcer la culture de la qualit\u00e9 en Guin\u00e9e, tout en affirmant son r\u00f4le strat\u00e9gique dans la comp\u00e9titivit\u00e9 \u00e9conomique et la protection des consommateurs.<\/span><\/p>\n<p><strong><span style=\"font-size: 19px;\">Abdoul Lory Sylla pour guinee7.com<\/span><\/strong><!--\/data\/user\/0\/com.samsung.android.app.notes\/files\/clipdata\/clipdata_bodytext_251127_110416_593.sdocx--><\/p>\n<p>L\u2019article <a href=\"https:\/\/www.guinee7.com\/2025\/11\/27\/qualite-et-competitivite-loncq-ouvre-ses-portes-pour-eclairer-son-role-strategique\/\">Qualit\u00e9 et comp\u00e9titivit\u00e9 : l\u2019ONCQ ouvre ses portes pour \u00e9clairer son r\u00f4le strat\u00e9gique<\/a> est apparu en premier sur <a href=\"https:\/\/www.guinee7.com\/\">Guinee7.com<\/a>.<\/p>\n<\/div>\n","protected":false},"excerpt":{"rendered":"<p>Les Journ\u00e9es portes ouvertes sur la qualit\u00e9 ont \u00e9t\u00e9 officiellement lanc\u00e9es ce mercredi 26 novembre 2025 dans la salle du congr\u00e8s du Palais du Peuple. Plac\u00e9e sous le th\u00e8me \u00ab La qualit\u00e9, levier de comp\u00e9titivit\u00e9 et de protection du consommateur \u00bb, cette \u00e9dition est organis\u00e9e par l\u2019Office national de contr\u00f4le de qualit\u00e9 (ONCQ), sous la &hellip;<\/p>\n","protected":false},"author":1,"featured_media":0,"comment_status":"closed","ping_status":"closed","sticky":false,"template":"","format":"standard","meta":{"footnotes":""},"categories":[2],"tags":[22],"_links":{"self":[{"href":"https:\/\/de.ambaguinee.org\/index.php?rest_route=\/wp\/v2\/posts\/104213"}],"collection":[{"href":"https:\/\/de.ambaguinee.org\/index.php?rest_route=\/wp\/v2\/posts"}],"about":[{"href":"https:\/\/de.ambaguinee.org\/index.php?rest_route=\/wp\/v2\/types\/post"}],"author":[{"embeddable":true,"href":"https:\/\/de.ambaguinee.org\/index.php?rest_route=\/wp\/v2\/users\/1"}],"replies":[{"embeddable":true,"href":"https:\/\/de.ambaguinee.org\/index.php?rest_route=%2Fwp%2Fv2%2Fcomments&post=104213"}],"version-history":[{"count":0,"href":"https:\/\/de.ambaguinee.org\/index.php?rest_route=\/wp\/v2\/posts\/104213\/revisions"}],"wp:attachment":[{"href":"https:\/\/de.ambaguinee.org\/index.php?rest_route=%2Fwp%2Fv2%2Fmedia&parent=104213"}],"wp:term":[{"taxonomy":"category","embeddable":true,"href":"https:\/\/de.ambaguinee.org\/index.php?rest_route=%2Fwp%2Fv2%2Fcategories&post=104213"},{"taxonomy":"post_tag","embeddable":true,"href":"https:\/\/de.ambaguinee.org\/index.php?rest_route=%2Fwp%2Fv2%2Ftags&post=104213"}],"curies":[{"name":"wp","href":"https:\/\/api.w.org\/{rel}","templated":true}]}}