{"id":104265,"date":"2025-11-28T23:03:37","date_gmt":"2025-11-28T22:03:37","guid":{"rendered":"https:\/\/de.ambaguinee.org\/?p=104265"},"modified":"2025-11-28T23:03:37","modified_gmt":"2025-11-28T22:03:37","slug":"la-colere-de-balamou-eclate-lustg-accusee-detouffer-les-luttes-ouvrieres","status":"publish","type":"post","link":"https:\/\/de.ambaguinee.org\/?p=104265","title":{"rendered":"La col\u00e8re de Balamou \u00e9clate : l\u2019USTG accus\u00e9e d\u2019\u00e9touffer les luttes ouvri\u00e8res"},"content":{"rendered":"<div>\n<div style=\"margin-bottom:20px;\"><img width=\"960\" height=\"720\"src=\"https:\/\/i0.wp.com\/www.guinee7.com\/wp-content\/uploads\/2021\/04\/SNE-syndicat-national-education.jpeg?w=960&amp;ssl=1\" class=\"attachment-post-thumbnail size-post-thumbnail wp-post-image\" alt=\"\" decoding=\"async\" loading=\"lazy\" srcset=\"https:\/\/i0.wp.com\/www.guinee7.com\/wp-content\/uploads\/2021\/04\/SNE-syndicat-national-education.jpeg?w=960&amp;ssl=1 960w, https:\/\/i0.wp.com\/www.guinee7.com\/wp-content\/uploads\/2021\/04\/SNE-syndicat-national-education.jpeg?resize=300%2C225&amp;ssl=1 300w, https:\/\/i0.wp.com\/www.guinee7.com\/wp-content\/uploads\/2021\/04\/SNE-syndicat-national-education.jpeg?resize=768%2C576&amp;ssl=1 768w, https:\/\/i0.wp.com\/www.guinee7.com\/wp-content\/uploads\/2021\/04\/SNE-syndicat-national-education.jpeg?resize=80%2C60&amp;ssl=1 80w, https:\/\/i0.wp.com\/www.guinee7.com\/wp-content\/uploads\/2021\/04\/SNE-syndicat-national-education.jpeg?resize=265%2C198&amp;ssl=1 265w, https:\/\/i0.wp.com\/www.guinee7.com\/wp-content\/uploads\/2021\/04\/SNE-syndicat-national-education.jpeg?resize=696%2C522&amp;ssl=1 696w, https:\/\/i0.wp.com\/www.guinee7.com\/wp-content\/uploads\/2021\/04\/SNE-syndicat-national-education.jpeg?resize=560%2C420&amp;ssl=1 560w\" sizes=\"auto, (max-width: 960px) 100vw, 960px\"><\/div>\n<p><span style=\"font-size: 18px;\">Un nouveau s\u00e9isme secoue la centrale syndicale USTG. Michel P\u00e9p\u00e9 Balamou, Secr\u00e9taire G\u00e9n\u00e9ral du Syndicat National de l\u2019\u00c9ducation (SNE) et 2e Secr\u00e9taire G\u00e9n\u00e9ral Adjoint charg\u00e9 de la Formation et de l\u2019\u00c9ducation Ouvri\u00e8re au sein du Bureau Ex\u00e9cutif National de l\u2019USTG, a annonc\u00e9 ce vendredi 28 novembre 2025 sa d\u00e9mission. Dans une lettre adress\u00e9e au Pr\u00e9sident et au Secr\u00e9taire G\u00e9n\u00e9ral de l\u2019union syndicale, il justifie son acte par des \u00ab raisons fondamentales \u00bb qu\u2019il estime incompatibles avec ses valeurs syndicales.<\/span><\/p>\n<p><strong><span style=\"font-size: 18px;\">\u201cLa centrale ne d\u00e9fend plus les travailleurs\u201d<\/span><\/strong><\/p>\n<p><span style=\"font-size: 18px;\">Premi\u00e8re accusation : la perte de vocation de la centrale syndicale.<\/span><br \/><span style=\"font-size: 18px;\">Michel P\u00e9p\u00e9 Balamou affirme constater un abandon des int\u00e9r\u00eats mat\u00e9riels et moraux des travailleurs guin\u00e9ens, au profit d\u2019\u00ab int\u00e9r\u00eats personnels inavou\u00e9s \u00bb.<\/span><br \/><span style=\"font-size: 18px;\">Selon lui, ce d\u00e9tournement de mission fragilise profond\u00e9ment le mouvement syndical.<\/span><\/p>\n<p><strong><span style=\"font-size: 18px;\">Violation des libert\u00e9s syndicales<\/span><\/strong><\/p>\n<p><span style=\"font-size: 18px;\">Il d\u00e9nonce \u00e9galement une r\u00e9cente note circulaire de l\u2019USTG invitant ses affili\u00e9s \u00e0 suspendre toute gr\u00e8ve jusqu\u2019au 31 janvier 2026.<\/span><br \/><span style=\"font-size: 18px;\">Pour Balamou, cette directive constitue une violation flagrante de la Convention 87 de l\u2019OIT, relative \u00e0 la libert\u00e9 syndicale et \u00e0 la protection du droit syndical.<\/span><br \/><span style=\"font-size: 18px;\">Il estime qu\u2019elle va \u00e0 l\u2019encontre des principes fondamentaux du syndicalisme et prive les travailleurs d\u2019un outil essentiel de lutte.<\/span><\/p>\n<p><span style=\"font-size: 18px;\">Manque de transparence et pratiques de clanisme<\/span><\/p>\n<p><span style=\"font-size: 18px;\">Troisi\u00e8me grief : une gestion interne d\u00e9crite comme opaque et discriminatoire.<\/span><br \/><span style=\"font-size: 18px;\">D\u2019apr\u00e8s Balamou, la gouvernance actuelle se caract\u00e9rise par :<\/span><\/p>\n<p><span style=\"font-size: 18px;\">une gestion opaques des affaires internes,<\/span><\/p>\n<p><span style=\"font-size: 18px;\">la discrimination entre syndicats affili\u00e9s,<\/span><\/p>\n<p><span style=\"font-size: 18px;\">et un clanisme instaur\u00e9 comme mode de gestion.<\/span><\/p>\n<p><span style=\"font-size: 18px;\">Il qualifie ces pratiques de contraires aux valeurs essentielles du mouvement syndical : justice sociale, solidarit\u00e9, int\u00e9grit\u00e9 et transparence.<\/span><\/p>\n<p><strong><span style=\"font-size: 18px;\">Fin de toute activit\u00e9 au sein de l\u2019USTG<\/span><\/strong><\/p>\n<p><span style=\"font-size: 18px;\">Jugeant ces d\u00e9rives incompatibles avec les id\u00e9aux qu\u2019il dit avoir toujours d\u00e9fendus, Michel P\u00e9p\u00e9 Balamou annonce mettre un terme d\u00e9finitif \u00e0 toutes ses activit\u00e9s au sein de l\u2019USTG.<\/span><\/p>\n<p><span style=\"font-size: 18px;\">Il pr\u00e9cise \u00e9galement que la d\u00e9saffiliation du Syndicat National de l\u2019\u00c9ducation fera l\u2019objet d\u2019une consultation interne. Le SNE soumettra cette d\u00e9cision \u00e0 ses structures locales, tant \u00e0 Conakry qu\u2019\u00e0 l\u2019int\u00e9rieur du pays.<\/span><\/p>\n<p><strong><span style=\"font-size: 18px;\">Un d\u00e9part lourd de sens dans un contexte syndical tendu<\/span><\/strong><\/p>\n<p><span style=\"font-size: 18px;\">Cette d\u00e9mission survient dans un environnement syndical marqu\u00e9 par de fortes tensions, notamment dans le secteur de l\u2019\u00e9ducation o\u00f9 les mouvements de revendication se multiplient.<\/span><br \/><span style=\"font-size: 18px;\">La d\u00e9cision de Balamou pourrait avoir des r\u00e9percussions importantes sur l\u2019\u00e9quilibre interne de l\u2019USTG et sur les futures mobilisations syndicales.<\/span><\/p>\n<p><span style=\"font-size: 18px;\">Dans sa lettre, il r\u00e9affirme son engagement pour la d\u00e9fense des travailleurs, tout en regrettant que l\u2019USTG, selon lui, s\u2019en soit progressivement \u00e9loign\u00e9e.<\/span><br \/><span style=\"font-size: 18px;\">Ce d\u00e9part met en lumi\u00e8re des divisions profondes et relance le d\u00e9bat sur la gouvernance des grandes centrales syndicales guin\u00e9ennes.<\/span><\/p>\n<p><strong><span style=\"font-size: 18px;\">Abdoul Lory Sylla pour guinee7.com<\/span><\/strong><!--\/data\/user\/0\/com.samsung.android.app.notes\/files\/clipdata\/clipdata_bodytext_251128_162923_557.sdocx--><\/p>\n<p>L\u2019article <a href=\"https:\/\/www.guinee7.com\/2025\/11\/28\/la-colere-de-balamou-eclate-lustg-accusee-detouffer-les-luttes-ouvrieres\/\">La col\u00e8re de Balamou \u00e9clate : l\u2019USTG accus\u00e9e d\u2019\u00e9touffer les luttes ouvri\u00e8res<\/a> est apparu en premier sur <a href=\"https:\/\/www.guinee7.com\/\">Guinee7.com<\/a>.<\/p>\n<\/div>\n","protected":false},"excerpt":{"rendered":"<p>Un nouveau s\u00e9isme secoue la centrale syndicale USTG. Michel P\u00e9p\u00e9 Balamou, Secr\u00e9taire G\u00e9n\u00e9ral du Syndicat National de l\u2019\u00c9ducation (SNE) et 2e Secr\u00e9taire G\u00e9n\u00e9ral Adjoint charg\u00e9 de la Formation et de l\u2019\u00c9ducation Ouvri\u00e8re au sein du Bureau Ex\u00e9cutif National de l\u2019USTG, a annonc\u00e9 ce vendredi 28 novembre 2025 sa d\u00e9mission. Dans une lettre adress\u00e9e au Pr\u00e9sident &hellip;<\/p>\n","protected":false},"author":1,"featured_media":0,"comment_status":"closed","ping_status":"closed","sticky":false,"template":"","format":"standard","meta":{"footnotes":""},"categories":[2],"tags":[22],"_links":{"self":[{"href":"https:\/\/de.ambaguinee.org\/index.php?rest_route=\/wp\/v2\/posts\/104265"}],"collection":[{"href":"https:\/\/de.ambaguinee.org\/index.php?rest_route=\/wp\/v2\/posts"}],"about":[{"href":"https:\/\/de.ambaguinee.org\/index.php?rest_route=\/wp\/v2\/types\/post"}],"author":[{"embeddable":true,"href":"https:\/\/de.ambaguinee.org\/index.php?rest_route=\/wp\/v2\/users\/1"}],"replies":[{"embeddable":true,"href":"https:\/\/de.ambaguinee.org\/index.php?rest_route=%2Fwp%2Fv2%2Fcomments&post=104265"}],"version-history":[{"count":0,"href":"https:\/\/de.ambaguinee.org\/index.php?rest_route=\/wp\/v2\/posts\/104265\/revisions"}],"wp:attachment":[{"href":"https:\/\/de.ambaguinee.org\/index.php?rest_route=%2Fwp%2Fv2%2Fmedia&parent=104265"}],"wp:term":[{"taxonomy":"category","embeddable":true,"href":"https:\/\/de.ambaguinee.org\/index.php?rest_route=%2Fwp%2Fv2%2Fcategories&post=104265"},{"taxonomy":"post_tag","embeddable":true,"href":"https:\/\/de.ambaguinee.org\/index.php?rest_route=%2Fwp%2Fv2%2Ftags&post=104265"}],"curies":[{"name":"wp","href":"https:\/\/api.w.org\/{rel}","templated":true}]}}