{"id":104530,"date":"2025-12-02T23:06:41","date_gmt":"2025-12-02T22:06:41","guid":{"rendered":"https:\/\/de.ambaguinee.org\/?p=104530"},"modified":"2025-12-02T23:06:41","modified_gmt":"2025-12-02T22:06:41","slug":"incendie-a-matam-le-ministre-cedy-au-chevet-des-eleves-blesses","status":"publish","type":"post","link":"https:\/\/de.ambaguinee.org\/?p=104530","title":{"rendered":"Incendie \u00e0 Matam : le ministre C\u00e9dy au chevet des \u00e9l\u00e8ves bless\u00e9s"},"content":{"rendered":"<div>\n<div style=\"margin-bottom:20px;\"><img width=\"810\" height=\"1080\"src=\"https:\/\/i0.wp.com\/www.guinee7.com\/wp-content\/uploads\/2025\/12\/IMG-20251202-WA0000.jpg?w=810&amp;ssl=1\" class=\"attachment-post-thumbnail size-post-thumbnail wp-post-image\" alt=\"\" decoding=\"async\" loading=\"lazy\" srcset=\"https:\/\/i0.wp.com\/www.guinee7.com\/wp-content\/uploads\/2025\/12\/IMG-20251202-WA0000.jpg?w=810&amp;ssl=1 810w, https:\/\/i0.wp.com\/www.guinee7.com\/wp-content\/uploads\/2025\/12\/IMG-20251202-WA0000.jpg?resize=225%2C300&amp;ssl=1 225w, https:\/\/i0.wp.com\/www.guinee7.com\/wp-content\/uploads\/2025\/12\/IMG-20251202-WA0000.jpg?resize=768%2C1024&amp;ssl=1 768w\" sizes=\"auto, (max-width: 810px) 100vw, 810px\"><\/div>\n<p><span style=\"font-size: 18px;\">Selon une information publi\u00e9e par le minist\u00e8re de l\u2019\u00c9ducation nationale sur sa page Facebook, un incendie s\u2019est d\u00e9clar\u00e9 ce lundi 1er d\u00e9cembre 2025 en fin d\u2019apr\u00e8s-midi dans l\u2019enceinte de l\u2019\u00e9cole Elhadj Oumar Tall, situ\u00e9e \u00e0 Madina Centre, dans la commune de Matam. L\u2019origine du sinistre demeure pour l\u2019instant inconnue.<\/span><\/p>\n<p><span style=\"font-size: 18px;\">Alert\u00e9s rapidement, des riverains ainsi que les sapeurs-pompiers sont intervenus pour ma\u00eetriser les flammes et \u00e9vacuer une vingtaine d\u2019\u00e9l\u00e8ves qui se trouvaient en cours de r\u00e9vision au moment des faits.<\/span><\/p>\n<p><span style=\"font-size: 18px;\">Les enfants ont \u00e9t\u00e9 orient\u00e9s vers plusieurs structures sanitaires de Conakry \u2014 notamment Donka, Ignace Deen, le centre de sant\u00e9 de Matam et le dispensaire de Madina \u2014 afin de recevoir des soins d\u2019urgence. Le minist\u00e8re pr\u00e9cise que l\u2019ensemble des frais m\u00e9dicaux est pris en charge par l\u2019\u00c9tat, sous la supervision du ministre de la Sant\u00e9, Dr Oumar Djiou\u00e9 Bah.<\/span><\/p>\n<p><span style=\"font-size: 18px;\">D\u00e8s qu\u2019il a \u00e9t\u00e9 inform\u00e9 de la situation, le ministre de l\u2019Enseignement pr\u00e9-universitaire et de l\u2019Alphab\u00e9tisation, Jean Paul C\u00e9dy, s\u2019est rendu sur place avec son secr\u00e9taire g\u00e9n\u00e9ral, Dr Youssouf Boundou Sylla, la DCE de Matam, Mme Mariama Cond\u00e9, ainsi que plusieurs cadres de son d\u00e9partement. La d\u00e9l\u00e9gation a rencontr\u00e9 la direction de l\u2019\u00e9tablissement pour \u00e9valuer l\u2019\u00e9tendue des d\u00e9g\u00e2ts et d\u00e9terminer les actions urgentes \u00e0 engager.<\/span><\/p>\n<p><span style=\"font-size: 18px;\">Le ministre C\u00e9dy s\u2019est ensuite d\u00e9plac\u00e9 dans les services d\u2019urgence d\u2019Ignace Deen puis de Donka pour suivre l\u2019\u00e9volution de l\u2019\u00e9tat de sant\u00e9 des enfants. Les \u00e9quipes m\u00e9dicales assurent que la situation clinique des victimes est en nette am\u00e9lioration et que certains \u00e9l\u00e8ves ont d\u00e9j\u00e0 pu rejoindre leurs familles.<\/span><\/p>\n<p><span style=\"font-size: 18px;\">Avant de quitter les lieux aux environs de 22 heures, le ministre a adress\u00e9 des mots de soutien aux parents d\u2019\u00e9l\u00e8ves et rappel\u00e9 plusieurs recommandations pour accompagner les enfants dans la poursuite de leur scolarit\u00e9, le temps que toutes les mesures n\u00e9cessaires soient prises.<\/span><\/p>\n<p><strong><span style=\"font-size: 18px;\">Abdoul Lory Sylla pour guinee7.com<\/span><\/strong><!--\/data\/user\/0\/com.samsung.android.app.notes\/files\/clipdata\/clipdata_bodytext_251202_090251_468.sdocx--><\/p>\n<p>L\u2019article <a href=\"https:\/\/www.guinee7.com\/2025\/12\/02\/incendie-a-matam-le-ministre-cedy-au-chevet-des-eleves-blesses\/\">Incendie \u00e0 Matam : le ministre C\u00e9dy au chevet des \u00e9l\u00e8ves bless\u00e9s<\/a> est apparu en premier sur <a href=\"https:\/\/www.guinee7.com\/\">Guinee7.com<\/a>.<\/p>\n<\/div>\n","protected":false},"excerpt":{"rendered":"<p>Selon une information publi\u00e9e par le minist\u00e8re de l\u2019\u00c9ducation nationale sur sa page Facebook, un incendie s\u2019est d\u00e9clar\u00e9 ce lundi 1er d\u00e9cembre 2025 en fin d\u2019apr\u00e8s-midi dans l\u2019enceinte de l\u2019\u00e9cole Elhadj Oumar Tall, situ\u00e9e \u00e0 Madina Centre, dans la commune de Matam. L\u2019origine du sinistre demeure pour l\u2019instant inconnue. Alert\u00e9s rapidement, des riverains ainsi que &hellip;<\/p>\n","protected":false},"author":1,"featured_media":0,"comment_status":"closed","ping_status":"closed","sticky":false,"template":"","format":"standard","meta":{"footnotes":""},"categories":[2],"tags":[22],"_links":{"self":[{"href":"https:\/\/de.ambaguinee.org\/index.php?rest_route=\/wp\/v2\/posts\/104530"}],"collection":[{"href":"https:\/\/de.ambaguinee.org\/index.php?rest_route=\/wp\/v2\/posts"}],"about":[{"href":"https:\/\/de.ambaguinee.org\/index.php?rest_route=\/wp\/v2\/types\/post"}],"author":[{"embeddable":true,"href":"https:\/\/de.ambaguinee.org\/index.php?rest_route=\/wp\/v2\/users\/1"}],"replies":[{"embeddable":true,"href":"https:\/\/de.ambaguinee.org\/index.php?rest_route=%2Fwp%2Fv2%2Fcomments&post=104530"}],"version-history":[{"count":0,"href":"https:\/\/de.ambaguinee.org\/index.php?rest_route=\/wp\/v2\/posts\/104530\/revisions"}],"wp:attachment":[{"href":"https:\/\/de.ambaguinee.org\/index.php?rest_route=%2Fwp%2Fv2%2Fmedia&parent=104530"}],"wp:term":[{"taxonomy":"category","embeddable":true,"href":"https:\/\/de.ambaguinee.org\/index.php?rest_route=%2Fwp%2Fv2%2Fcategories&post=104530"},{"taxonomy":"post_tag","embeddable":true,"href":"https:\/\/de.ambaguinee.org\/index.php?rest_route=%2Fwp%2Fv2%2Ftags&post=104530"}],"curies":[{"name":"wp","href":"https:\/\/api.w.org\/{rel}","templated":true}]}}