{"id":105035,"date":"2025-12-10T22:42:57","date_gmt":"2025-12-10T21:42:57","guid":{"rendered":"https:\/\/de.ambaguinee.org\/?p=105035"},"modified":"2025-12-12T18:49:07","modified_gmt":"2025-12-12T17:49:07","slug":"diplomatie-de-proximite-4","status":"publish","type":"post","link":"https:\/\/de.ambaguinee.org\/?p=105035","title":{"rendered":"Diplomatie de proximit\u00e9"},"content":{"rendered":"\n<p>Dans sa dynamique de rapprochement constant entre l\u2019Ambassade et la communaut\u00e9, SEM Aliou BARRY, Ambassadeur extraordinaire et pl\u00e9nipotentiaire de la R\u00e9publique de Guin\u00e9e pr\u00e8s la R\u00e9publique f\u00e9d\u00e9rale d\u2019Allemagne, a re\u00e7u le mardi 09 d\u00e9cembre 2025 la visite de courtoisie de Elhadj Denke TOUR\u00c9, l\u2019un des piliers de la diaspora guin\u00e9enne \u00e9tablie \u00e0 Berlin.<\/p>\n\n\n\n<p>Cette rencontre fraternelle, empreinte de cordialit\u00e9 et de respect mutuel, a permis d\u2019\u00e9voquer de mani\u00e8re approfondie le r\u00f4le des Guin\u00e9ens de Berlin dans les efforts en faveur de la paix et de solidarit\u00e9 de notre pays.<\/p>\n\n\n\n<p>Les \u00e9changes ont \u00e9galement port\u00e9 sur la mobilisation de la diaspora, la sensibilisation des citoyens guin\u00e9ens \u00e9tablis \u00e0 Berlin, ainsi que les dispositifs n\u00e9cessaires pour contribuer \u00e0 un environnement de convivialit\u00e9 durant cette p\u00e9riode \u00e9lectorale.<\/p>\n\n\n\n<figure class=\"wp-block-gallery has-nested-images columns-default is-cropped wp-block-gallery-1 is-layout-flex wp-block-gallery-is-layout-flex\">\n<figure class=\"wp-block-image size-large\"><img loading=\"lazy\" decoding=\"async\" width=\"1024\" height=\"759\" data-id=\"105036\" src=\"https:\/\/de.ambaguinee.org\/wp-content\/uploads\/2025\/12\/IMG_3345-1024x759.jpeg\" alt=\"\" class=\"wp-image-105036\" srcset=\"https:\/\/de.ambaguinee.org\/wp-content\/uploads\/2025\/12\/IMG_3345-1024x759.jpeg 1024w, https:\/\/de.ambaguinee.org\/wp-content\/uploads\/2025\/12\/IMG_3345-300x222.jpeg 300w, https:\/\/de.ambaguinee.org\/wp-content\/uploads\/2025\/12\/IMG_3345-768x569.jpeg 768w, https:\/\/de.ambaguinee.org\/wp-content\/uploads\/2025\/12\/IMG_3345.jpeg 1290w\" sizes=\"(max-width: 1024px) 100vw, 1024px\" \/><\/figure>\n\n\n\n<figure class=\"wp-block-image size-large\"><img loading=\"lazy\" decoding=\"async\" width=\"1024\" height=\"764\" data-id=\"105038\" src=\"https:\/\/de.ambaguinee.org\/wp-content\/uploads\/2025\/12\/IMG_3344-1024x764.jpeg\" alt=\"\" class=\"wp-image-105038\" srcset=\"https:\/\/de.ambaguinee.org\/wp-content\/uploads\/2025\/12\/IMG_3344-1024x764.jpeg 1024w, https:\/\/de.ambaguinee.org\/wp-content\/uploads\/2025\/12\/IMG_3344-300x224.jpeg 300w, https:\/\/de.ambaguinee.org\/wp-content\/uploads\/2025\/12\/IMG_3344-768x573.jpeg 768w, https:\/\/de.ambaguinee.org\/wp-content\/uploads\/2025\/12\/IMG_3344.jpeg 1290w\" sizes=\"(max-width: 1024px) 100vw, 1024px\" \/><\/figure>\n\n\n\n<figure class=\"wp-block-image size-large\"><img loading=\"lazy\" decoding=\"async\" width=\"1024\" height=\"773\" data-id=\"105037\" src=\"https:\/\/de.ambaguinee.org\/wp-content\/uploads\/2025\/12\/IMG_3343-1024x773.jpeg\" alt=\"\" class=\"wp-image-105037\" srcset=\"https:\/\/de.ambaguinee.org\/wp-content\/uploads\/2025\/12\/IMG_3343-1024x773.jpeg 1024w, https:\/\/de.ambaguinee.org\/wp-content\/uploads\/2025\/12\/IMG_3343-300x227.jpeg 300w, https:\/\/de.ambaguinee.org\/wp-content\/uploads\/2025\/12\/IMG_3343-768x580.jpeg 768w, https:\/\/de.ambaguinee.org\/wp-content\/uploads\/2025\/12\/IMG_3343.jpeg 1290w\" sizes=\"(max-width: 1024px) 100vw, 1024px\" \/><\/figure>\n<\/figure>\n","protected":false},"excerpt":{"rendered":"<p>Dans sa dynamique de rapprochement constant entre l\u2019Ambassade et la communaut\u00e9, SEM Aliou BARRY, Ambassadeur extraordinaire et pl\u00e9nipotentiaire de la R\u00e9publique de Guin\u00e9e pr\u00e8s la R\u00e9publique f\u00e9d\u00e9rale d\u2019Allemagne, a re\u00e7u le mardi 09 d\u00e9cembre 2025 la visite de courtoisie de Elhadj Denke TOUR\u00c9, l\u2019un des piliers de la diaspora guin\u00e9enne \u00e9tablie \u00e0 Berlin. Cette rencontre &hellip;<\/p>\n","protected":false},"author":6,"featured_media":0,"comment_status":"closed","ping_status":"closed","sticky":false,"template":"","format":"standard","meta":{"footnotes":""},"categories":[2,19,1],"tags":[],"_links":{"self":[{"href":"https:\/\/de.ambaguinee.org\/index.php?rest_route=\/wp\/v2\/posts\/105035"}],"collection":[{"href":"https:\/\/de.ambaguinee.org\/index.php?rest_route=\/wp\/v2\/posts"}],"about":[{"href":"https:\/\/de.ambaguinee.org\/index.php?rest_route=\/wp\/v2\/types\/post"}],"author":[{"embeddable":true,"href":"https:\/\/de.ambaguinee.org\/index.php?rest_route=\/wp\/v2\/users\/6"}],"replies":[{"embeddable":true,"href":"https:\/\/de.ambaguinee.org\/index.php?rest_route=%2Fwp%2Fv2%2Fcomments&post=105035"}],"version-history":[{"count":1,"href":"https:\/\/de.ambaguinee.org\/index.php?rest_route=\/wp\/v2\/posts\/105035\/revisions"}],"predecessor-version":[{"id":105039,"href":"https:\/\/de.ambaguinee.org\/index.php?rest_route=\/wp\/v2\/posts\/105035\/revisions\/105039"}],"wp:attachment":[{"href":"https:\/\/de.ambaguinee.org\/index.php?rest_route=%2Fwp%2Fv2%2Fmedia&parent=105035"}],"wp:term":[{"taxonomy":"category","embeddable":true,"href":"https:\/\/de.ambaguinee.org\/index.php?rest_route=%2Fwp%2Fv2%2Fcategories&post=105035"},{"taxonomy":"post_tag","embeddable":true,"href":"https:\/\/de.ambaguinee.org\/index.php?rest_route=%2Fwp%2Fv2%2Ftags&post=105035"}],"curies":[{"name":"wp","href":"https:\/\/api.w.org\/{rel}","templated":true}]}}