{"id":109128,"date":"2026-01-24T19:06:20","date_gmt":"2026-01-24T18:06:20","guid":{"rendered":"https:\/\/de.ambaguinee.org\/?p=109128"},"modified":"2026-01-24T19:14:36","modified_gmt":"2026-01-24T18:14:36","slug":"le-corps-diplomatique-presente-ses-voeux-du-nouvel-an-au-president-federal-allemand-2","status":"publish","type":"post","link":"https:\/\/de.ambaguinee.org\/?p=109128","title":{"rendered":"Le corps diplomatique pr\u00e9sente ses v\u0153ux du Nouvel An au Pr\u00e9sident f\u00e9d\u00e9ral allemand"},"content":{"rendered":"\n<p>Le 13 janvier, l\u2019Ambassadeur Extraordinaire et Pl\u00e9nipotentiaire, S.E.M. Aliou BARRY, a pris part, au ch\u00e2teau de Bellevue \u00e0 Berlin, \u00e0 la c\u00e9r\u00e9monie traditionnelle de pr\u00e9sentation des v\u0153ux du corps diplomatique \u00e0 Son Excellence Monsieur Frank-Walter Steinmeier, Pr\u00e9sident de la R\u00e9publique f\u00e9d\u00e9rale d\u2019Allemagne.<\/p>\n\n\n\n<p>Pour la circonstance, le doyen du corps diplomatique, Son \u00c9minence Monseigneur Nikola Eterovi\u0107, Nonce apostolique, a adress\u00e9, au nom du corps diplomatique et des repr\u00e9sentants des organisations internationales accr\u00e9dit\u00e9s en R\u00e9publique f\u00e9d\u00e9rale d\u2019Allemagne, ses v\u0153ux de bonne et heureuse ann\u00e9e 2026.<\/p>\n\n\n\n<p>Il a rappel\u00e9 que le dialogue, le multilat\u00e9ralisme, le respect du droit international et l\u2019inviolabilit\u00e9 des fronti\u00e8res constituent les conditions essentielles d\u2019une paix durable.<\/p>\n\n\n\n<p>En retour, le Pr\u00e9sident f\u00e9d\u00e9ral allemand a pr\u00e9sent\u00e9 au corps diplomatique ses v\u0153ux de bonne et heureuse ann\u00e9e 2026, exprimant l\u2019espoir qu\u2019elle soit porteuse d\u2019opportunit\u00e9s pour la paix dans le monde. Il a \u00e9galement r\u00e9affirm\u00e9 l\u2019engagement de la R\u00e9publique f\u00e9d\u00e9rale d\u2019Allemagne \u00e0 continuer de promouvoir le droit, la coop\u00e9ration au d\u00e9veloppement et la responsabilit\u00e9 partag\u00e9e.<\/p>\n\n\n\n<figure class=\"wp-block-image size-large\"><img loading=\"lazy\" decoding=\"async\" width=\"1024\" height=\"770\" src=\"https:\/\/de.ambaguinee.org\/wp-content\/uploads\/2026\/01\/image-15-1024x770.png\" alt=\"\" class=\"wp-image-109129\" srcset=\"https:\/\/de.ambaguinee.org\/wp-content\/uploads\/2026\/01\/image-15-1024x770.png 1024w, https:\/\/de.ambaguinee.org\/wp-content\/uploads\/2026\/01\/image-15-300x226.png 300w, https:\/\/de.ambaguinee.org\/wp-content\/uploads\/2026\/01\/image-15-768x577.png 768w, https:\/\/de.ambaguinee.org\/wp-content\/uploads\/2026\/01\/image-15.png 1290w\" sizes=\"(max-width: 1024px) 100vw, 1024px\" \/><\/figure>\n\n\n\n<figure class=\"wp-block-image size-large\"><img loading=\"lazy\" decoding=\"async\" width=\"1024\" height=\"761\" src=\"https:\/\/de.ambaguinee.org\/wp-content\/uploads\/2026\/01\/image-16-1024x761.png\" alt=\"\" class=\"wp-image-109130\" srcset=\"https:\/\/de.ambaguinee.org\/wp-content\/uploads\/2026\/01\/image-16-1024x761.png 1024w, https:\/\/de.ambaguinee.org\/wp-content\/uploads\/2026\/01\/image-16-300x223.png 300w, https:\/\/de.ambaguinee.org\/wp-content\/uploads\/2026\/01\/image-16-768x571.png 768w, https:\/\/de.ambaguinee.org\/wp-content\/uploads\/2026\/01\/image-16.png 1290w\" sizes=\"(max-width: 1024px) 100vw, 1024px\" \/><\/figure>\n\n\n\n<figure class=\"wp-block-image size-large\"><img loading=\"lazy\" decoding=\"async\" width=\"1024\" height=\"756\" src=\"https:\/\/de.ambaguinee.org\/wp-content\/uploads\/2026\/01\/image-17-1024x756.png\" alt=\"\" class=\"wp-image-109131\" srcset=\"https:\/\/de.ambaguinee.org\/wp-content\/uploads\/2026\/01\/image-17-1024x756.png 1024w, https:\/\/de.ambaguinee.org\/wp-content\/uploads\/2026\/01\/image-17-300x222.png 300w, https:\/\/de.ambaguinee.org\/wp-content\/uploads\/2026\/01\/image-17-768x567.png 768w, https:\/\/de.ambaguinee.org\/wp-content\/uploads\/2026\/01\/image-17.png 1290w\" sizes=\"(max-width: 1024px) 100vw, 1024px\" \/><\/figure>\n","protected":false},"excerpt":{"rendered":"<p>Le 13 janvier, l\u2019Ambassadeur Extraordinaire et Pl\u00e9nipotentiaire, S.E.M. Aliou BARRY, a pris part, au ch\u00e2teau de Bellevue \u00e0 Berlin, \u00e0 la c\u00e9r\u00e9monie traditionnelle de pr\u00e9sentation des v\u0153ux du corps diplomatique \u00e0 Son Excellence Monsieur Frank-Walter Steinmeier, Pr\u00e9sident de la R\u00e9publique f\u00e9d\u00e9rale d\u2019Allemagne. Pour la circonstance, le doyen du corps diplomatique, Son \u00c9minence Monseigneur Nikola Eterovi\u0107, &hellip;<\/p>\n","protected":false},"author":6,"featured_media":0,"comment_status":"closed","ping_status":"closed","sticky":false,"template":"","format":"standard","meta":{"footnotes":""},"categories":[2,19,17],"tags":[],"_links":{"self":[{"href":"https:\/\/de.ambaguinee.org\/index.php?rest_route=\/wp\/v2\/posts\/109128"}],"collection":[{"href":"https:\/\/de.ambaguinee.org\/index.php?rest_route=\/wp\/v2\/posts"}],"about":[{"href":"https:\/\/de.ambaguinee.org\/index.php?rest_route=\/wp\/v2\/types\/post"}],"author":[{"embeddable":true,"href":"https:\/\/de.ambaguinee.org\/index.php?rest_route=\/wp\/v2\/users\/6"}],"replies":[{"embeddable":true,"href":"https:\/\/de.ambaguinee.org\/index.php?rest_route=%2Fwp%2Fv2%2Fcomments&post=109128"}],"version-history":[{"count":1,"href":"https:\/\/de.ambaguinee.org\/index.php?rest_route=\/wp\/v2\/posts\/109128\/revisions"}],"predecessor-version":[{"id":109132,"href":"https:\/\/de.ambaguinee.org\/index.php?rest_route=\/wp\/v2\/posts\/109128\/revisions\/109132"}],"wp:attachment":[{"href":"https:\/\/de.ambaguinee.org\/index.php?rest_route=%2Fwp%2Fv2%2Fmedia&parent=109128"}],"wp:term":[{"taxonomy":"category","embeddable":true,"href":"https:\/\/de.ambaguinee.org\/index.php?rest_route=%2Fwp%2Fv2%2Fcategories&post=109128"},{"taxonomy":"post_tag","embeddable":true,"href":"https:\/\/de.ambaguinee.org\/index.php?rest_route=%2Fwp%2Fv2%2Ftags&post=109128"}],"curies":[{"name":"wp","href":"https:\/\/api.w.org\/{rel}","templated":true}]}}