{"id":114347,"date":"2026-03-13T23:02:14","date_gmt":"2026-03-13T22:02:14","guid":{"rendered":"https:\/\/de.ambaguinee.org\/?p=114347"},"modified":"2026-03-13T23:02:14","modified_gmt":"2026-03-13T22:02:14","slug":"bcrg-le-president-doumbouya-confirme-dr-karamo-kaba-au-poste-de-gouverneur-decret","status":"publish","type":"post","link":"https:\/\/de.ambaguinee.org\/?p=114347","title":{"rendered":"BCRG : le pr\u00e9sident Doumbouya confirme Dr Karamo Kaba au poste de gouverneur (d\u00e9cret)"},"content":{"rendered":"<div>\n<div style=\"margin-bottom:20px;\"><img width=\"895\" height=\"693\"src=\"https:\/\/i0.wp.com\/mediaguinee.com\/wp-content\/uploads\/2026\/03\/Screenshot_20260309_011022_Opera-Mini.jpg?w=895&amp;ssl=1\" class=\"attachment-post-thumbnail size-post-thumbnail wp-post-image\" alt=\"\" decoding=\"async\" srcset=\"https:\/\/i0.wp.com\/mediaguinee.com\/wp-content\/uploads\/2026\/03\/Screenshot_20260309_011022_Opera-Mini.jpg?w=895&amp;ssl=1 895w, https:\/\/i0.wp.com\/mediaguinee.com\/wp-content\/uploads\/2026\/03\/Screenshot_20260309_011022_Opera-Mini.jpg?resize=300%2C232&amp;ssl=1 300w, https:\/\/i0.wp.com\/mediaguinee.com\/wp-content\/uploads\/2026\/03\/Screenshot_20260309_011022_Opera-Mini.jpg?resize=768%2C595&amp;ssl=1 768w\" sizes=\"(max-width: 895px) 100vw, 895px\" data-attachment-id=\"310107\" data-permalink=\"https:\/\/mediaguinee.com\/2026\/03\/diplomatie-le-president-mamadi-doumbouya-rappelle-12-ambassadeurs-decret\/screenshot_20260309_011022_opera-mini\/\" data-orig-file=\"https:\/\/i0.wp.com\/mediaguinee.com\/wp-content\/uploads\/2026\/03\/Screenshot_20260309_011022_Opera-Mini.jpg?fit=895%2C693&amp;ssl=1\" data-orig-size=\"895,693\" data-comments-opened=\"1\" data-image-meta='{\"aperture\":\"0\",\"credit\":\"\",\"camera\":\"\",\"caption\":\"\",\"created_timestamp\":\"0\",\"copyright\":\"\",\"focal_length\":\"0\",\"iso\":\"0\",\"shutter_speed\":\"0\",\"title\":\"\",\"orientation\":\"1\"}' data-image-title=\"Screenshot_20260309_011022_Opera Mini\" data-image-description=\"\" data-image-caption=\"\" data-medium-file=\"https:\/\/i0.wp.com\/mediaguinee.com\/wp-content\/uploads\/2026\/03\/Screenshot_20260309_011022_Opera-Mini.jpg?fit=300%2C232&amp;ssl=1\" data-large-file=\"https:\/\/i0.wp.com\/mediaguinee.com\/wp-content\/uploads\/2026\/03\/Screenshot_20260309_011022_Opera-Mini.jpg?fit=895%2C693&amp;ssl=1\"><\/div>\n<p>A travers une s\u00e9rie de d\u00e9crets publi\u00e9s ce vendeedi 13 mars 2026 \u00e0 la t\u00e9l\u00e9vision nationale, le pr\u00e9sident de la R\u00e9publique, Mamadi Doumbouya, a proc\u00e9d\u00e9 \u00e0 la nomination des hauts dirigeants de la Banque Centrale de la R\u00e9publique de Guin\u00e9e (BCRG). Ce sont :<\/p>\n<p><strong>Gouverneur :<\/strong> Dr Karamo Kaba;<\/p>\n<div class=\"row\">\n<div class=\"col-md-8 page-content left-content\">\n<article class=\"article-details mt-3\">\n<div>\n<div class=\"article-content\">\n<p><strong>1er Vice-Gouverneur :<\/strong> M. Mohamed Lamine Cont\u00e9;<\/p>\n<p><strong>2\u00e8me Vice-Gouverneur :<\/strong>\u00a0M. Almamy 2 Sylla<\/p>\n<p><strong>MEDIAGUINEE<\/strong><\/p>\n<\/div>\n<\/div>\n<\/article>\n<\/div>\n<\/div>\n<p>L\u2019article <a href=\"https:\/\/mediaguinee.com\/2026\/03\/bcrg-le-president-doumbouya-confirme-dr-karamo-kaba-au-poste-de-gouverneur-decret\/\">BCRG : le pr\u00e9sident Doumbouya confirme Dr Karamo Kaba au poste de gouverneur (d\u00e9cret)<\/a> est apparu en premier sur <a href=\"https:\/\/mediaguinee.com\/\">Mediaguinee.com<\/a>.<\/p>\n<\/div>\n","protected":false},"excerpt":{"rendered":"<p>A travers une s\u00e9rie de d\u00e9crets publi\u00e9s ce vendeedi 13 mars 2026 \u00e0 la t\u00e9l\u00e9vision nationale, le pr\u00e9sident de la R\u00e9publique, Mamadi Doumbouya, a proc\u00e9d\u00e9 \u00e0 la nomination des hauts dirigeants de la Banque Centrale de la R\u00e9publique de Guin\u00e9e (BCRG). Ce sont : Gouverneur : Dr Karamo Kaba; 1er Vice-Gouverneur : M. Mohamed Lamine &hellip;<\/p>\n","protected":false},"author":1,"featured_media":0,"comment_status":"closed","ping_status":"closed","sticky":false,"template":"","format":"standard","meta":{"footnotes":""},"categories":[2],"tags":[23],"_links":{"self":[{"href":"https:\/\/de.ambaguinee.org\/index.php?rest_route=\/wp\/v2\/posts\/114347"}],"collection":[{"href":"https:\/\/de.ambaguinee.org\/index.php?rest_route=\/wp\/v2\/posts"}],"about":[{"href":"https:\/\/de.ambaguinee.org\/index.php?rest_route=\/wp\/v2\/types\/post"}],"author":[{"embeddable":true,"href":"https:\/\/de.ambaguinee.org\/index.php?rest_route=\/wp\/v2\/users\/1"}],"replies":[{"embeddable":true,"href":"https:\/\/de.ambaguinee.org\/index.php?rest_route=%2Fwp%2Fv2%2Fcomments&post=114347"}],"version-history":[{"count":0,"href":"https:\/\/de.ambaguinee.org\/index.php?rest_route=\/wp\/v2\/posts\/114347\/revisions"}],"wp:attachment":[{"href":"https:\/\/de.ambaguinee.org\/index.php?rest_route=%2Fwp%2Fv2%2Fmedia&parent=114347"}],"wp:term":[{"taxonomy":"category","embeddable":true,"href":"https:\/\/de.ambaguinee.org\/index.php?rest_route=%2Fwp%2Fv2%2Fcategories&post=114347"},{"taxonomy":"post_tag","embeddable":true,"href":"https:\/\/de.ambaguinee.org\/index.php?rest_route=%2Fwp%2Fv2%2Ftags&post=114347"}],"curies":[{"name":"wp","href":"https:\/\/api.w.org\/{rel}","templated":true}]}}