{"id":114476,"date":"2026-03-14T23:01:56","date_gmt":"2026-03-14T22:01:56","guid":{"rendered":"https:\/\/de.ambaguinee.org\/?p=114476"},"modified":"2026-03-14T23:01:56","modified_gmt":"2026-03-14T22:01:56","slug":"cnt-les-privileges-et-avantages-des-anciens-presidents-dinstitutions-et-ex-premiers-ministres-adoptes-a-lunanimite","status":"publish","type":"post","link":"https:\/\/de.ambaguinee.org\/?p=114476","title":{"rendered":"CNT : les privil\u00e8ges et avantages des anciens pr\u00e9sidents d\u2019institutions et ex-Premiers ministres adopt\u00e9s \u00e0 l\u2019unanimit\u00e9"},"content":{"rendered":"<div>\n<div style=\"margin-bottom:20px;\"><img width=\"1020\" height=\"471\"src=\"https:\/\/i0.wp.com\/mediaguinee.com\/wp-content\/uploads\/2026\/03\/IMG-20260314-WA0002.jpg?w=1020&amp;ssl=1\" class=\"attachment-post-thumbnail size-post-thumbnail wp-post-image\" alt=\"\" decoding=\"async\" srcset=\"https:\/\/i0.wp.com\/mediaguinee.com\/wp-content\/uploads\/2026\/03\/IMG-20260314-WA0002.jpg?w=1020&amp;ssl=1 1020w, https:\/\/i0.wp.com\/mediaguinee.com\/wp-content\/uploads\/2026\/03\/IMG-20260314-WA0002.jpg?resize=300%2C139&amp;ssl=1 300w, https:\/\/i0.wp.com\/mediaguinee.com\/wp-content\/uploads\/2026\/03\/IMG-20260314-WA0002.jpg?resize=768%2C355&amp;ssl=1 768w\" sizes=\"(max-width: 1020px) 100vw, 1020px\" data-attachment-id=\"310465\" data-permalink=\"https:\/\/mediaguinee.com\/2026\/03\/cnt-les-privileges-et-avantages-des-anciens-presidents-dinstitutions-et-ex-premiers-ministres-adoptes-a-lunanimite\/img-20260314-wa0002\/\" data-orig-file=\"https:\/\/i0.wp.com\/mediaguinee.com\/wp-content\/uploads\/2026\/03\/IMG-20260314-WA0002.jpg?fit=1020%2C471&amp;ssl=1\" data-orig-size=\"1020,471\" data-comments-opened=\"1\" data-image-meta='{\"aperture\":\"0\",\"credit\":\"\",\"camera\":\"\",\"caption\":\"\",\"created_timestamp\":\"0\",\"copyright\":\"\",\"focal_length\":\"0\",\"iso\":\"0\",\"shutter_speed\":\"0\",\"title\":\"\",\"orientation\":\"0\"}' data-image-title=\"IMG-20260314-WA0002\" data-image-description=\"\" data-image-caption=\"\" data-medium-file=\"https:\/\/i0.wp.com\/mediaguinee.com\/wp-content\/uploads\/2026\/03\/IMG-20260314-WA0002.jpg?fit=300%2C139&amp;ssl=1\" data-large-file=\"https:\/\/i0.wp.com\/mediaguinee.com\/wp-content\/uploads\/2026\/03\/IMG-20260314-WA0002.jpg?fit=1020%2C471&amp;ssl=1\"><\/div>\n<p>Apr\u00e8s l\u2019adoption du statut des anciens chefs d\u2019\u00c9tat guin\u00e9ens le mois dernier, c\u2019est au tour des anciens pr\u00e9sidents d\u2019institutions et des anciens Premiers ministres d\u2019\u00eatre concern\u00e9s.<\/p>\n<p>Ce vendredi 13 mars 2026, le Conseil national de la transition (CNT) a vot\u00e9 \u00e0 l\u2019unanimit\u00e9 la proposition de loi ordinaire relative aux privil\u00e8ges et avantages accord\u00e9s aux anciens pr\u00e9sidents d\u2019institutions et aux anciens Premiers ministres.<\/p>\n<p>Le texte vise \u00e0 garantir la protection et des conditions de vie dignes aux personnalit\u00e9s ayant incarn\u00e9 un certain niveau de responsabilit\u00e9 au sein de l\u2019\u00c9tat guin\u00e9en. Il s\u2019agit des :<\/p>\n<ul>\n<li>anciens pr\u00e9sidents de l\u2019Assembl\u00e9e nationale et d\u2019institutions similaires ;<\/li>\n<li>anciens pr\u00e9sidents de la Cour supr\u00eame ;<\/li>\n<li>anciens pr\u00e9sidents de la Cour constitutionnelle ;<\/li>\n<li>anciens pr\u00e9sidents de la Cour des comptes ;<\/li>\n<li>anciens pr\u00e9sidents de la Cour sp\u00e9ciale de justice de la R\u00e9publique ;<\/li>\n<li>anciens pr\u00e9sidents de la Commission nationale pour le d\u00e9veloppement et d\u2019institutions similaires ;<\/li>\n<li>anciens pr\u00e9sidents de la Commission nationale de l\u2019\u00e9ducation civique et des droits humains et d\u2019institutions similaires ;<\/li>\n<li>anciens pr\u00e9sidents de l\u2019organe technique ind\u00e9pendant de gestion des \u00e9lections et d\u2019institutions similaires ;<\/li>\n<li>anciens pr\u00e9sidents de la Commission de r\u00e9gulation de la communication et de l\u2019audiovisuel et d\u2019institutions similaires ;<\/li>\n<li>aux anciens Premiers ministres.<\/li>\n<\/ul>\n<p>Conform\u00e9ment \u00e0 la Loi fondamentale adopt\u00e9e le 21 septembre 2025, cette loi encadre les conditions d\u2019acc\u00e8s et d\u2019exclusion de ces personnalit\u00e9s ayant b\u00e9n\u00e9fici\u00e9 d\u2019avantages li\u00e9s aux fonctions qu\u2019elles ont assum\u00e9es.<\/p>\n<p>\u00ab\u00a0Le b\u00e9n\u00e9fice de ces avantages est r\u00e9tir\u00e9 en cas de condamnationd\u00e9finitive pour crime ou d\u00e9lit, de destitution pour manquement grave aux devoirs ou de reninciationvolontaire par \u00e9crit\u00a0\u00bb, a pr\u00e9cis\u00e9 Jean Paul Kot\u00e9mb\u00e9douno, rapporteur de la Commission loi du Conseil national de la transition.<\/p>\n<p>Si ce geste, en guise de reconnaissance pour le service rendu \u00e0 la nation par ces hautes personnalit\u00e9s, a \u00e9t\u00e9 salu\u00e9, il n\u2019en demeure pas moins que des inqui\u00e9tudes par rapport \u00e0 l\u2019augmentation des charges de l\u2019\u00c9tat subsistent. Sur la question, le conseiller national rassure.<\/p>\n<p>\u00ab\u00a0Dans un souci de gestion rationnelle des ressources publiques, les modalit\u00e9s ont \u00e9t\u00e9 harmonis\u00e9es; ainsi, les b\u00e9n\u00e9ficiaires disposent d\u2019un v\u00e9hicule administratif entretenu par l\u2019Etat, reniuvel\u00e9 toud les quatre ans\u2026Enfin, le texte clatifie l\u2019immunit\u00e9 fonctionnelle pour les anciens pr\u00e9sidents de l\u2019Assembl\u00e9e nationale et du S\u00e9nat, en pr\u00e9cisant qu\u2019elle ne concerne que les opinions ou votes \u00e9mis dans l\u2019exercice de leurs fonctions,conform\u00e9ment \u00e0 l\u2019article 100 de la Constitution\u00a0\u00bb. a d\u00e9clar\u00e9 Jean Paul Kot\u00e9mb\u00e9douno.<\/p>\n<p>L\u2019adoption de cette loi ordinaire relative aux privil\u00e8ges et avantages accord\u00e9s aux anciens pr\u00e9sidents d\u2019institutions et aux anciens Premiers ministres constitue une nouvelle \u00e9tape dans l\u2019organisation des institutions r\u00e9publicaines.<\/p>\n<p><strong>L\u00e9b\u00ear\u00e9 Bald\u00e9<\/strong><\/p>\n<p>L\u2019article <a href=\"https:\/\/mediaguinee.com\/2026\/03\/cnt-les-privileges-et-avantages-des-anciens-presidents-dinstitutions-et-ex-premiers-ministres-adoptes-a-lunanimite\/\">CNT : les privil\u00e8ges et avantages des anciens pr\u00e9sidents d\u2019institutions et ex-Premiers ministres adopt\u00e9s \u00e0 l\u2019unanimit\u00e9<\/a> est apparu en premier sur <a href=\"https:\/\/mediaguinee.com\/\">Mediaguinee.com<\/a>.<\/p>\n<\/div>\n","protected":false},"excerpt":{"rendered":"<p>Apr\u00e8s l\u2019adoption du statut des anciens chefs d\u2019\u00c9tat guin\u00e9ens le mois dernier, c\u2019est au tour des anciens pr\u00e9sidents d\u2019institutions et des anciens Premiers ministres d\u2019\u00eatre concern\u00e9s. Ce vendredi 13 mars 2026, le Conseil national de la transition (CNT) a vot\u00e9 \u00e0 l\u2019unanimit\u00e9 la proposition de loi ordinaire relative aux privil\u00e8ges et avantages accord\u00e9s aux anciens &hellip;<\/p>\n","protected":false},"author":1,"featured_media":0,"comment_status":"closed","ping_status":"closed","sticky":false,"template":"","format":"standard","meta":{"footnotes":""},"categories":[2],"tags":[23],"_links":{"self":[{"href":"https:\/\/de.ambaguinee.org\/index.php?rest_route=\/wp\/v2\/posts\/114476"}],"collection":[{"href":"https:\/\/de.ambaguinee.org\/index.php?rest_route=\/wp\/v2\/posts"}],"about":[{"href":"https:\/\/de.ambaguinee.org\/index.php?rest_route=\/wp\/v2\/types\/post"}],"author":[{"embeddable":true,"href":"https:\/\/de.ambaguinee.org\/index.php?rest_route=\/wp\/v2\/users\/1"}],"replies":[{"embeddable":true,"href":"https:\/\/de.ambaguinee.org\/index.php?rest_route=%2Fwp%2Fv2%2Fcomments&post=114476"}],"version-history":[{"count":0,"href":"https:\/\/de.ambaguinee.org\/index.php?rest_route=\/wp\/v2\/posts\/114476\/revisions"}],"wp:attachment":[{"href":"https:\/\/de.ambaguinee.org\/index.php?rest_route=%2Fwp%2Fv2%2Fmedia&parent=114476"}],"wp:term":[{"taxonomy":"category","embeddable":true,"href":"https:\/\/de.ambaguinee.org\/index.php?rest_route=%2Fwp%2Fv2%2Fcategories&post=114476"},{"taxonomy":"post_tag","embeddable":true,"href":"https:\/\/de.ambaguinee.org\/index.php?rest_route=%2Fwp%2Fv2%2Ftags&post=114476"}],"curies":[{"name":"wp","href":"https:\/\/api.w.org\/{rel}","templated":true}]}}