{"id":114480,"date":"2026-03-14T23:01:57","date_gmt":"2026-03-14T22:01:57","guid":{"rendered":"https:\/\/de.ambaguinee.org\/?p=114480"},"modified":"2026-03-14T23:01:57","modified_gmt":"2026-03-14T22:01:57","slug":"guinee-trois-nouvelles-nominations-a-la-tete-de-la-banque-centrale","status":"publish","type":"post","link":"https:\/\/de.ambaguinee.org\/?p=114480","title":{"rendered":"Guin\u00e9e : trois nouvelles nominations \u00e0 la t\u00eate de la Banque centrale"},"content":{"rendered":"<div>\n<div style=\"margin-bottom:20px;\"><img width=\"800\" height=\"449\"src=\"https:\/\/i0.wp.com\/www.guinee7.com\/wp-content\/uploads\/2025\/05\/BCRG.jpg?w=800&amp;ssl=1\" class=\"attachment-post-thumbnail size-post-thumbnail wp-post-image\" alt=\"\" decoding=\"async\" loading=\"lazy\" srcset=\"https:\/\/i0.wp.com\/www.guinee7.com\/wp-content\/uploads\/2025\/05\/BCRG.jpg?w=800&amp;ssl=1 800w, https:\/\/i0.wp.com\/www.guinee7.com\/wp-content\/uploads\/2025\/05\/BCRG.jpg?resize=300%2C168&amp;ssl=1 300w, https:\/\/i0.wp.com\/www.guinee7.com\/wp-content\/uploads\/2025\/05\/BCRG.jpg?resize=768%2C431&amp;ssl=1 768w\" sizes=\"auto, (max-width: 800px) 100vw, 800px\"><\/div>\n<p><span style=\"font-size: 19px;\">Des cadres ont \u00e9t\u00e9 nomm\u00e9s \u00e0 la Banque centrale de la R\u00e9publique de Guin\u00e9e (BCRG), ce vendredi 13 mars, \u00e0 travers une s\u00e9rie de d\u00e9crets du chef de l\u2019\u00c9tat. Ces nominations concernent les trois premiers responsables de l\u2019institution financi\u00e8re du pays.<\/span><\/p>\n<p><span style=\"font-size: 19px;\">Il s\u2019agit :<\/span><\/p>\n<p><span style=\"font-size: 19px;\">Karamo Kaba, nomm\u00e9 gouverneur de la Banque centrale. <\/span><\/p>\n<p><span style=\"font-size: 19px;\">Monsieur Mohamed Lamine Cont\u00e9, nomm\u00e9 premier vice-gouverneur de la Banque Centrale <\/span><\/p>\n<p><span style=\"font-size: 19px;\">Monsieur Almamy 2 Sylla, nomm\u00e9 deuxi\u00e8me vice-gouverneur de la Banque Centrale <\/span><\/p>\n<p><strong><span style=\"font-size: 19px;\">Bhoye Barry pour guinee7.com<\/span><\/strong><!--\/data\/user\/0\/com.samsung.android.app.notes\/files\/clipdata\/clipdata_bodytext_260313_231158_661.sdocx--><\/p>\n<p>L\u2019article <a href=\"https:\/\/www.guinee7.com\/2026\/03\/13\/guinee-trois-nouvelles-nominations-a-la-tete-de-la-banque-centrale\/\">Guin\u00e9e : trois nouvelles nominations \u00e0 la t\u00eate de la Banque centrale<\/a> est apparu en premier sur <a href=\"https:\/\/www.guinee7.com\/\">Guinee7.com<\/a>.<\/p>\n<\/div>\n","protected":false},"excerpt":{"rendered":"<p>Des cadres ont \u00e9t\u00e9 nomm\u00e9s \u00e0 la Banque centrale de la R\u00e9publique de Guin\u00e9e (BCRG), ce vendredi 13 mars, \u00e0 travers une s\u00e9rie de d\u00e9crets du chef de l\u2019\u00c9tat. Ces nominations concernent les trois premiers responsables de l\u2019institution financi\u00e8re du pays. Il s\u2019agit : Karamo Kaba, nomm\u00e9 gouverneur de la Banque centrale. Monsieur Mohamed Lamine &hellip;<\/p>\n","protected":false},"author":1,"featured_media":0,"comment_status":"closed","ping_status":"closed","sticky":false,"template":"","format":"standard","meta":{"footnotes":""},"categories":[2],"tags":[22],"_links":{"self":[{"href":"https:\/\/de.ambaguinee.org\/index.php?rest_route=\/wp\/v2\/posts\/114480"}],"collection":[{"href":"https:\/\/de.ambaguinee.org\/index.php?rest_route=\/wp\/v2\/posts"}],"about":[{"href":"https:\/\/de.ambaguinee.org\/index.php?rest_route=\/wp\/v2\/types\/post"}],"author":[{"embeddable":true,"href":"https:\/\/de.ambaguinee.org\/index.php?rest_route=\/wp\/v2\/users\/1"}],"replies":[{"embeddable":true,"href":"https:\/\/de.ambaguinee.org\/index.php?rest_route=%2Fwp%2Fv2%2Fcomments&post=114480"}],"version-history":[{"count":0,"href":"https:\/\/de.ambaguinee.org\/index.php?rest_route=\/wp\/v2\/posts\/114480\/revisions"}],"wp:attachment":[{"href":"https:\/\/de.ambaguinee.org\/index.php?rest_route=%2Fwp%2Fv2%2Fmedia&parent=114480"}],"wp:term":[{"taxonomy":"category","embeddable":true,"href":"https:\/\/de.ambaguinee.org\/index.php?rest_route=%2Fwp%2Fv2%2Fcategories&post=114480"},{"taxonomy":"post_tag","embeddable":true,"href":"https:\/\/de.ambaguinee.org\/index.php?rest_route=%2Fwp%2Fv2%2Ftags&post=114480"}],"curies":[{"name":"wp","href":"https:\/\/api.w.org\/{rel}","templated":true}]}}