{"id":114481,"date":"2026-03-14T23:01:57","date_gmt":"2026-03-14T22:01:57","guid":{"rendered":"https:\/\/de.ambaguinee.org\/?p=114481"},"modified":"2026-03-14T23:01:57","modified_gmt":"2026-03-14T22:01:57","slug":"%f0%9d%90%83%f0%9d%90%88%f0%9d%90%8d%f0%9d%90%84%f0%9d%90%91-%f0%9d%90%83%f0%9d%90%84-%f0%9d%90%91%f0%9d%90%94%f0%9d%90%8f%f0%9d%90%93%f0%9d%90%94%f0%9d%90%91%f0%9d%90%84-%f0%9d%90%82%f0%9d%90%8e","status":"publish","type":"post","link":"https:\/\/de.ambaguinee.org\/?p=114481","title":{"rendered":"\ud835\udc03\ud835\udc08\ud835\udc0d\ud835\udc04\ud835\udc11 \ud835\udc03\ud835\udc04 \ud835\udc11\ud835\udc14\ud835\udc0f\ud835\udc13\ud835\udc14\ud835\udc11\ud835\udc04 \ud835\udc02\ud835\udc0e\ud835\udc0b\ud835\udc0b\ud835\udc04\ud835\udc02\ud835\udc13\ud835\udc08\ud835\udc15\ud835\udc04: l\u2019OGP communie avec ses anciens DG et son CA"},"content":{"rendered":"<div>\n<div style=\"margin-bottom:20px;\"><img width=\"2560\" height=\"1567\"src=\"https:\/\/i0.wp.com\/www.guinee7.com\/wp-content\/uploads\/2026\/03\/IMG-20260314-WA0007.jpg?w=2560&amp;ssl=1\" class=\"attachment-post-thumbnail size-post-thumbnail wp-post-image\" alt=\"\" decoding=\"async\" loading=\"lazy\" srcset=\"https:\/\/i0.wp.com\/www.guinee7.com\/wp-content\/uploads\/2026\/03\/IMG-20260314-WA0007.jpg?w=2560&amp;ssl=1 2560w, https:\/\/i0.wp.com\/www.guinee7.com\/wp-content\/uploads\/2026\/03\/IMG-20260314-WA0007.jpg?resize=300%2C184&amp;ssl=1 300w, https:\/\/i0.wp.com\/www.guinee7.com\/wp-content\/uploads\/2026\/03\/IMG-20260314-WA0007.jpg?resize=1024%2C627&amp;ssl=1 1024w, https:\/\/i0.wp.com\/www.guinee7.com\/wp-content\/uploads\/2026\/03\/IMG-20260314-WA0007.jpg?resize=768%2C470&amp;ssl=1 768w, https:\/\/i0.wp.com\/www.guinee7.com\/wp-content\/uploads\/2026\/03\/IMG-20260314-WA0007.jpg?resize=1536%2C940&amp;ssl=1 1536w, https:\/\/i0.wp.com\/www.guinee7.com\/wp-content\/uploads\/2026\/03\/IMG-20260314-WA0007.jpg?resize=2048%2C1254&amp;ssl=1 2048w, https:\/\/i0.wp.com\/www.guinee7.com\/wp-content\/uploads\/2026\/03\/IMG-20260314-WA0007.jpg?w=2340&amp;ssl=1 2340w\" sizes=\"auto, (max-width: 2560px) 100vw, 2560px\"><\/div>\n<p><span style=\"font-size: 19px;\">\ud835\udc02\ud835\udc28\ud835\udc27\ud835\udc1a\ud835\udc24\ud835\udc2b\ud835\udc32, \ud835\udc25\ud835\udc1e \ud835\udfcf\ud835\udfd1 \ud835\udc26\ud835\udc1a\ud835\udc2b\ud835\udc2c \ud835\udfd0\ud835\udfce\ud835\udfd0\ud835\udfd4 -\u00c0 l\u2019occasion du mois b\u00e9ni du Ramadan et du car\u00eame, le Directeur G\u00e9n\u00e9ral de l\u2019Office Guin\u00e9en de Publicit\u00e9 (OGP-SA), \ud835\udc00\ud835\udc25\ud835\udc1a\ud835\udc1d\ud835\udc23\ud835\udc22 \ud835\udc02\ud835\udc1e\ud835\udc25\ud835\udc25\ud835\udc28\ud835\udc2e \ud835\udc02\ud835\udc1a\ud835\udc26\ud835\udc1a\ud835\udc2b\ud835\udc1a , a convi\u00e9 le Conseil d\u2019Administration et d\u2019anciens Directeurs g\u00e9n\u00e9raux de l\u2019institution \u00e0 un d\u00eener de rupture collective.<\/span><\/p>\n<p><span style=\"font-size: 19px;\">Parmi les invit\u00e9s figuraient \ud835\udc05\ud835\udc28\ud835\udc1d\ud835\udc1e\ud835\udc1b\ud835\udc1a \ud835\udc08\ud835\udc2c\ud835\udc2d\ud835\udc28 \ud835\udc0a\ud835\udc1e\ud835\udc22\ud835\udc2b\ud835\udc1a, ancien Ministre de la Culture, \ud835\udc05\ud835\udc2b\ud835\udc1e\ud835\udc1d\ud835\udc1e\ud835\udc2b\ud835\udc22\ud835\udc1c \ud835\udc0b\ud835\udc28\ud835\udc2e\ud835\udc1a, ancien ministre de la P\u00eache, de l\u2019Aquaculture et de l\u2019\u00c9conomie maritime, ainsi que \ud835\udc0c\ud835\udc28\ud835\udc2e\ud835\udc2c\ud835\udc2c\ud835\udc1a \ud835\udc0a\ud835\udc1e\ud835\udc26\ud835\udc28\ud835\udc24\ud835\udc28 \ud835\udc03\ud835\udc22\ud835\udc1a\ud835\udc24\ud835\udc22\ud835\udc2d\ud835\udc1e, figure embl\u00e9matique du cin\u00e9ma guin\u00e9en et l\u2019un des premiers Directeurs de l\u2019OGP, ayant contribu\u00e9 \u00e0 poser les bases de l\u2019institution.<\/span><\/p>\n<p><span style=\"font-size: 19px;\">La rencontre s\u2019est tenue sous la pr\u00e9sidence effective du Pr\u00e9sident du Conseil d\u2019Administration de l\u2019OGP, ,\ud835\udc04\ud835\udc25\ud835\udc21\ud835\udc1a\ud835\udc1d\ud835\udc23 \ud835\udc13\ud835\udc21\ud835\udc22\ud835\udc1e\ud835\udc2b\ud835\udc27\ud835\udc28 \ud835\udc0c\ud835\udc1a\ud835\udc26\ud835\udc1a\ud835\udc1d\ud835\udc28\ud835\udc2e \ud835\udc01\ud835\udc1a\ud835\udc21, Conseiller personnel du Chef de l\u2019\u00c9tat, ainsi que plusieurs cadres de l\u2019institution.<\/span><\/p>\n<p><span style=\"font-size: 19px;\">Organis\u00e9 \u00e0 receptif h\u00f4telier \ud835\udc1d\ud835\udc1e la banlieue de \ud835\udc02\ud835\udc28\ud835\udc27\ud835\udc1a\ud835\udc24\ud835\udc2b\ud835\udc32, ce d\u00eener a \u00e9t\u00e9 un moment de partage et de convivialit\u00e9, renfor\u00e7ant les liens entre anciens responsables et l\u2019\u00e9quipe actuelle de l\u2019OGP dans l\u2019esprit de solidarit\u00e9 qui caract\u00e9rise le mois saint du Ramadan et du car\u00eame!<\/span><br \/><span style=\"font-size: 19px;\">Un moment d\u2019\u00e9motions et de pri\u00e8re.<\/span><!--\/data\/user\/0\/com.samsung.android.app.notes\/files\/clipdata\/clipdata_bodytext_260314_103041_882.sdocx--><\/p>\n<p>L\u2019article <a href=\"https:\/\/www.guinee7.com\/2026\/03\/14\/%F0%9D%90%83%F0%9D%90%88%F0%9D%90%8D%F0%9D%90%84%F0%9D%90%91-%F0%9D%90%83%F0%9D%90%84-%F0%9D%90%91%F0%9D%90%94%F0%9D%90%8F%F0%9D%90%93%F0%9D%90%94%F0%9D%90%91%F0%9D%90%84-%F0%9D%90%82%F0%9D%90%8E\/\">\ud835\udc03\ud835\udc08\ud835\udc0d\ud835\udc04\ud835\udc11 \ud835\udc03\ud835\udc04 \ud835\udc11\ud835\udc14\ud835\udc0f\ud835\udc13\ud835\udc14\ud835\udc11\ud835\udc04 \ud835\udc02\ud835\udc0e\ud835\udc0b\ud835\udc0b\ud835\udc04\ud835\udc02\ud835\udc13\ud835\udc08\ud835\udc15\ud835\udc04: l\u2019OGP communie avec ses anciens DG et son CA<\/a> est apparu en premier sur <a href=\"https:\/\/www.guinee7.com\/\">Guinee7.com<\/a>.<\/p>\n<\/div>\n","protected":false},"excerpt":{"rendered":"<p>\ud835\udc02\ud835\udc28\ud835\udc27\ud835\udc1a\ud835\udc24\ud835\udc2b\ud835\udc32, \ud835\udc25\ud835\udc1e \ud835\udfcf\ud835\udfd1 \ud835\udc26\ud835\udc1a\ud835\udc2b\ud835\udc2c \ud835\udfd0\ud835\udfce\ud835\udfd0\ud835\udfd4 -\u00c0 l\u2019occasion du mois b\u00e9ni du Ramadan et du car\u00eame, le Directeur G\u00e9n\u00e9ral de l\u2019Office Guin\u00e9en de Publicit\u00e9 (OGP-SA), \ud835\udc00\ud835\udc25\ud835\udc1a\ud835\udc1d\ud835\udc23\ud835\udc22 \ud835\udc02\ud835\udc1e\ud835\udc25\ud835\udc25\ud835\udc28\ud835\udc2e \ud835\udc02\ud835\udc1a\ud835\udc26\ud835\udc1a\ud835\udc2b\ud835\udc1a , a convi\u00e9 le Conseil d\u2019Administration et d\u2019anciens Directeurs g\u00e9n\u00e9raux de l\u2019institution \u00e0 un d\u00eener de rupture collective. Parmi les invit\u00e9s figuraient \ud835\udc05\ud835\udc28\ud835\udc1d\ud835\udc1e\ud835\udc1b\ud835\udc1a \ud835\udc08\ud835\udc2c\ud835\udc2d\ud835\udc28 \ud835\udc0a\ud835\udc1e\ud835\udc22\ud835\udc2b\ud835\udc1a, ancien Ministre de &hellip;<\/p>\n","protected":false},"author":1,"featured_media":0,"comment_status":"closed","ping_status":"closed","sticky":false,"template":"","format":"standard","meta":{"footnotes":""},"categories":[2],"tags":[22],"_links":{"self":[{"href":"https:\/\/de.ambaguinee.org\/index.php?rest_route=\/wp\/v2\/posts\/114481"}],"collection":[{"href":"https:\/\/de.ambaguinee.org\/index.php?rest_route=\/wp\/v2\/posts"}],"about":[{"href":"https:\/\/de.ambaguinee.org\/index.php?rest_route=\/wp\/v2\/types\/post"}],"author":[{"embeddable":true,"href":"https:\/\/de.ambaguinee.org\/index.php?rest_route=\/wp\/v2\/users\/1"}],"replies":[{"embeddable":true,"href":"https:\/\/de.ambaguinee.org\/index.php?rest_route=%2Fwp%2Fv2%2Fcomments&post=114481"}],"version-history":[{"count":0,"href":"https:\/\/de.ambaguinee.org\/index.php?rest_route=\/wp\/v2\/posts\/114481\/revisions"}],"wp:attachment":[{"href":"https:\/\/de.ambaguinee.org\/index.php?rest_route=%2Fwp%2Fv2%2Fmedia&parent=114481"}],"wp:term":[{"taxonomy":"category","embeddable":true,"href":"https:\/\/de.ambaguinee.org\/index.php?rest_route=%2Fwp%2Fv2%2Fcategories&post=114481"},{"taxonomy":"post_tag","embeddable":true,"href":"https:\/\/de.ambaguinee.org\/index.php?rest_route=%2Fwp%2Fv2%2Ftags&post=114481"}],"curies":[{"name":"wp","href":"https:\/\/api.w.org\/{rel}","templated":true}]}}