{"id":114596,"date":"2026-03-15T23:02:03","date_gmt":"2026-03-15T22:02:03","guid":{"rendered":"https:\/\/de.ambaguinee.org\/?p=114596"},"modified":"2026-03-15T23:02:03","modified_gmt":"2026-03-15T22:02:03","slug":"general-ibrahima-sory-bangoura-aucune-portion-de-notre-territoire-ne-sera-cedee-a-qui-que-ce-soit","status":"publish","type":"post","link":"https:\/\/de.ambaguinee.org\/?p=114596","title":{"rendered":"G\u00e9n\u00e9ral Ibrahima Sory Bangoura : \u201cAucune portion de notre territoire ne sera c\u00e9d\u00e9e \u00e0 qui que ce soit\u201d"},"content":{"rendered":"<div>\n<div style=\"margin-bottom:20px;\"><img width=\"1280\" height=\"806\"src=\"https:\/\/i0.wp.com\/www.guinee7.com\/wp-content\/uploads\/2026\/03\/IMG-20260315-WA0000.jpg?w=1280&amp;ssl=1\" class=\"attachment-post-thumbnail size-post-thumbnail wp-post-image\" alt=\"\" decoding=\"async\" loading=\"lazy\" srcset=\"https:\/\/i0.wp.com\/www.guinee7.com\/wp-content\/uploads\/2026\/03\/IMG-20260315-WA0000.jpg?w=1280&amp;ssl=1 1280w, https:\/\/i0.wp.com\/www.guinee7.com\/wp-content\/uploads\/2026\/03\/IMG-20260315-WA0000.jpg?resize=300%2C189&amp;ssl=1 300w, https:\/\/i0.wp.com\/www.guinee7.com\/wp-content\/uploads\/2026\/03\/IMG-20260315-WA0000.jpg?resize=1024%2C645&amp;ssl=1 1024w, https:\/\/i0.wp.com\/www.guinee7.com\/wp-content\/uploads\/2026\/03\/IMG-20260315-WA0000.jpg?resize=768%2C484&amp;ssl=1 768w\" sizes=\"auto, (max-width: 1280px) 100vw, 1280px\"><\/div>\n<p><span style=\"font-size: 19px;\">Une importante r\u00e9union a eu lieu ce samedi 14 mars 2026 \u00e0 l\u2019\u00e9tat-major g\u00e9n\u00e9ral des arm\u00e9es. Elle a \u00e9t\u00e9 pr\u00e9sid\u00e9e par le ministre des Affaires \u00e9trang\u00e8res, de l\u2019Int\u00e9gration africaine et des Guin\u00e9ens \u00e9tablis \u00e0 l\u2019\u00e9tranger, Morissanda Kouyat\u00e9, ainsi que par le chef d\u2019\u00e9tat-major g\u00e9n\u00e9ral des arm\u00e9es, le g\u00e9n\u00e9ral Ibrahima Sory Bangoura.<\/span><\/p>\n<p><span style=\"font-size: 19px;\">La situation le long de la fronti\u00e8re guin\u00e9enne, au niveau du fleuve Mano, \u00e9tait au centre des \u00e9changes. Selon le g\u00e9n\u00e9ral Ibrahima Sory Bangoura, cette rencontre s\u2019est tenue \u00e0 la suite des instructions du pr\u00e9sident de la R\u00e9publique.<\/span><\/p>\n<p><span style=\"font-size: 19px;\">\u00ab Nous sommes avec le minist\u00e8re des Affaires \u00e9trang\u00e8res sur instruction du commandant en chef des forces arm\u00e9es. Il nous a demand\u00e9 de mettre \u00e0 la disposition du minist\u00e8re toutes les donn\u00e9es techniques qui prouvent, de mani\u00e8re suffisante, que le territoire guin\u00e9en a \u00e9t\u00e9 offens\u00e9. Cela repose sur la connaissance du terrain, sur tout ce que nous poss\u00e9dons, sur les exp\u00e9riences v\u00e9cues par nos militaires sur le terrain, ainsi que sur la configuration g\u00e9ographique de notre pays \u00bb, a-t-il d\u00e9clar\u00e9 \u00e0 nos confr\u00e8res de la RTG.<\/span><\/p>\n<p><span style=\"font-size: 19px;\">Le g\u00e9n\u00e9ral a ensuite pr\u00e9cis\u00e9 que la Guin\u00e9e ne c\u00e9dera pas son territoire \u00e0 qui que ce soit. \u00ab Je voudrais rappeler que l\u2019arm\u00e9e ne manquera jamais \u00e0 sa mission de d\u00e9fense de l\u2019int\u00e9grit\u00e9 du territoire. Nous faisons preuve de courtoisie, mais cela n\u2019emp\u00eache pas l\u2019accomplissement de notre mission de d\u00e9fense. Je souhaite rassurer la population guin\u00e9enne : restez calmes, ne cherchez pas l\u2019affrontement et faites confiance \u00e0 l\u2019arm\u00e9e pour accomplir son travail. Aujourd\u2019hui, il faut \u00eatre s\u00fbr qu\u2019aucune portion de notre territoire ne sera c\u00e9d\u00e9e \u00e0 qui que ce soit \u00bb, a conclu le chef d\u2019\u00e9tat-major g\u00e9n\u00e9ral des arm\u00e9es.<\/span><\/p>\n<p><strong><span style=\"font-size: 19px;\">Bhoye Barry pour guinee7.com<\/span><\/strong><!--\/data\/user\/0\/com.samsung.android.app.notes\/files\/clipdata\/clipdata_bodytext_260315_104851_214.sdocx--><\/p>\n<p>L\u2019article <a href=\"https:\/\/www.guinee7.com\/2026\/03\/15\/general-ibrahima-sory-bangoura-aucune-portion-de-notre-territoire-ne-sera-cedee-a-qui-que-ce-soit\/\">G\u00e9n\u00e9ral Ibrahima Sory Bangoura : \u201cAucune portion de notre territoire ne sera c\u00e9d\u00e9e \u00e0 qui que ce soit\u201d<\/a> est apparu en premier sur <a href=\"https:\/\/www.guinee7.com\/\">Guinee7.com<\/a>.<\/p>\n<\/div>\n","protected":false},"excerpt":{"rendered":"<p>Une importante r\u00e9union a eu lieu ce samedi 14 mars 2026 \u00e0 l\u2019\u00e9tat-major g\u00e9n\u00e9ral des arm\u00e9es. Elle a \u00e9t\u00e9 pr\u00e9sid\u00e9e par le ministre des Affaires \u00e9trang\u00e8res, de l\u2019Int\u00e9gration africaine et des Guin\u00e9ens \u00e9tablis \u00e0 l\u2019\u00e9tranger, Morissanda Kouyat\u00e9, ainsi que par le chef d\u2019\u00e9tat-major g\u00e9n\u00e9ral des arm\u00e9es, le g\u00e9n\u00e9ral Ibrahima Sory Bangoura. La situation le long &hellip;<\/p>\n","protected":false},"author":1,"featured_media":0,"comment_status":"closed","ping_status":"closed","sticky":false,"template":"","format":"standard","meta":{"footnotes":""},"categories":[2],"tags":[22],"_links":{"self":[{"href":"https:\/\/de.ambaguinee.org\/index.php?rest_route=\/wp\/v2\/posts\/114596"}],"collection":[{"href":"https:\/\/de.ambaguinee.org\/index.php?rest_route=\/wp\/v2\/posts"}],"about":[{"href":"https:\/\/de.ambaguinee.org\/index.php?rest_route=\/wp\/v2\/types\/post"}],"author":[{"embeddable":true,"href":"https:\/\/de.ambaguinee.org\/index.php?rest_route=\/wp\/v2\/users\/1"}],"replies":[{"embeddable":true,"href":"https:\/\/de.ambaguinee.org\/index.php?rest_route=%2Fwp%2Fv2%2Fcomments&post=114596"}],"version-history":[{"count":0,"href":"https:\/\/de.ambaguinee.org\/index.php?rest_route=\/wp\/v2\/posts\/114596\/revisions"}],"wp:attachment":[{"href":"https:\/\/de.ambaguinee.org\/index.php?rest_route=%2Fwp%2Fv2%2Fmedia&parent=114596"}],"wp:term":[{"taxonomy":"category","embeddable":true,"href":"https:\/\/de.ambaguinee.org\/index.php?rest_route=%2Fwp%2Fv2%2Fcategories&post=114596"},{"taxonomy":"post_tag","embeddable":true,"href":"https:\/\/de.ambaguinee.org\/index.php?rest_route=%2Fwp%2Fv2%2Ftags&post=114596"}],"curies":[{"name":"wp","href":"https:\/\/api.w.org\/{rel}","templated":true}]}}