{"id":114597,"date":"2026-03-15T23:02:03","date_gmt":"2026-03-15T22:02:03","guid":{"rendered":"https:\/\/de.ambaguinee.org\/?p=114597"},"modified":"2026-03-15T23:02:03","modified_gmt":"2026-03-15T22:02:03","slug":"%f0%9d%90%8b%f0%9d%90%9a%f0%9d%90%b2%f0%9d%90%a5%f0%9d%90%9a%f0%9d%90%ad-%f0%9d%90%9a%f0%9d%90%a5-%f0%9d%90%90%f0%9d%90%9a%f0%9d%90%9d%f0%9d%90%ab-voe%f0%9d%90%ae%f0%9d%90%b1-%f0%9d%90%9d","status":"publish","type":"post","link":"https:\/\/de.ambaguinee.org\/?p=114597","title":{"rendered":"\ud835\udc0b\ud835\udc1a\ud835\udc32\ud835\udc25\ud835\udc1a\ud835\udc2d \ud835\udc1a\ud835\udc25-\ud835\udc10\ud835\udc1a\ud835\udc1d\ud835\udc2b : v\u0153\ud835\udc2e\ud835\udc31 \ud835\udc1d\ud835\udc2e \ud835\udc03\ud835\udc22\ud835\udc2b\ud835\udc1e\ud835\udc1c\ud835\udc2d\ud835\udc1e\ud835\udc2e\ud835\udc2b \ud835\udc06\ud835\udc1e\ud835\udc27\ud835\udc1e\ud835\udc2b\ud835\udc1a\ud835\udc25 \ud835\udc1a \ud835\udc25\u2019\ud835\udc0e\ud835\udc06\ud835\udc0f!"},"content":{"rendered":"<div>\n<div style=\"margin-bottom:20px;\"><img width=\"800\" height=\"1021\"src=\"https:\/\/i0.wp.com\/www.guinee7.com\/wp-content\/uploads\/2025\/12\/Aladji-Cellou-2.jpeg?w=800&amp;ssl=1\" class=\"attachment-post-thumbnail size-post-thumbnail wp-post-image\" alt=\"\" decoding=\"async\" loading=\"lazy\" srcset=\"https:\/\/i0.wp.com\/www.guinee7.com\/wp-content\/uploads\/2025\/12\/Aladji-Cellou-2.jpeg?w=800&amp;ssl=1 800w, https:\/\/i0.wp.com\/www.guinee7.com\/wp-content\/uploads\/2025\/12\/Aladji-Cellou-2.jpeg?resize=235%2C300&amp;ssl=1 235w, https:\/\/i0.wp.com\/www.guinee7.com\/wp-content\/uploads\/2025\/12\/Aladji-Cellou-2.jpeg?resize=768%2C980&amp;ssl=1 768w\" sizes=\"auto, (max-width: 800px) 100vw, 800px\"><\/div>\n<p><span style=\"font-size: 19px;\">Chers collaborateurs, distingu\u00e9es pieuses collaboratrices et personnel de l\u2019OGP,<\/span><br \/><span style=\"font-size: 19px;\">en cette nuit b\u00e9nie de \ud835\udc0b\ud835\udc1a\ud835\udc32\ud835\udc25\ud835\udc1a\ud835\udc2d \ud835\udc1a\ud835\udc25-\ud835\udc10\ud835\udc1a\ud835\udc1d\ud835\udc2b, nuit du destin et de la mis\u00e9ricorde, j\u2019adresse mes v\u0153ux les meilleurs \u00e0 chacun-e d\u2019entre vous et \u00e0 vos familles respectives. Cette nuit sacr\u00e9e, plus pr\u00e9cieuse que mille mois, nous rappelle l\u2019importance de la foi, de la concorde et de l\u2019engagement \u00e0 faire le bien autour de nous.<\/span><\/p>\n<p><span style=\"font-size: 19px;\">Que cette nuit exceptionnelle soit une source d\u2019inspiration, de paix int\u00e9rieure et de renouveau pour tous. Puisse-t-elle guider nos actions, renforcer nos liens de solidarit\u00e9, fortifier notre foi et rappeler que l\u2019excellence, l\u2019int\u00e9grit\u00e9 et la d\u00e9votion sont les valeurs qui nous unissent au sein de l\u2019OGP.<\/span><\/p>\n<p><span style=\"font-size: 19px;\">\ud835\udc0f\ud835\udc2e\ud835\udc22\ud835\udc2c\ud835\udc2c\ud835\udc1e \ud835\udc00\ud835\udc25\ud835\udc25\ud835\udc1a\ud835\udc21 \ud835\udc1a\ud835\udc1c\ud835\udc1c\ud835\udc1e\ud835\udc29\ud835\udc2d\ud835\udc1e\ud835\udc2b \ud835\udc27\ud835\udc28\ud835\udc2c \ud835\udc29\ud835\udc2b\ud835\udc22\ud835\udc1e\ud835\udc2b\ud835\udc1e\ud835\udc2c, notre je\u00fbne, \ud835\udc1b\ud835\udc1e\ud835\udc27\ud835\udc22\ud835\udc2b \ud835\udc27\ud835\udc28\ud835\udc2c \ud835\udc1f\ud835\udc1a\ud835\udc26\ud835\udc22\ud835\udc25\ud835\udc25\ud835\udc1e\ud835\udc2c \ud835\udc1e\ud835\udc2d \ud835\udc20\ud835\udc2e\ud835\udc22\ud835\udc1d\ud835\udc1e\ud835\udc2b \ud835\udc1c\ud835\udc21\ud835\udc1a\ud835\udc1c\ud835\udc2e\ud835\udc27 \ud835\udc1d\ud835\udc1e \ud835\udc27\ud835\udc28\ud835\udc2c \ud835\udc29\ud835\udc1a\ud835\udc2c \ud835\udc2f\ud835\udc1e\ud835\udc2b\ud835\udc2c \ud835\udc25\ud835\udc1a \ud835\udc2b\ud835\udc1e\ud835\udc2e\ud835\udc2c\ud835\udc2c\ud835\udc22\ud835\udc2d\ud835\udc1e collective. <\/span><\/p>\n<p><span style=\"font-size: 19px;\">\ud835\udc00\ud835\udc25\ud835\udc1a\ud835\udc1d\ud835\udc23\ud835\udc22 \ud835\udc02\ud835\udc1e\ud835\udc25\ud835\udc25\ud835\udc28\ud835\udc2e \ud835\udc02\ud835\udc1a\ud835\udc26\ud835\udc1a\ud835\udc2b\ud835\udc1a<\/span><br \/><span style=\"font-size: 19px;\">\ud835\udc03\ud835\udc22\ud835\udc2b\ud835\udc1e\ud835\udc1c\ud835\udc2d\ud835\udc1e\ud835\udc2e\ud835\udc2b \ud835\udc06\ud835\udc1e\ud835\udc27\ud835\udc1e\ud835\udc2b\ud835\udc1a\ud835\udc25 \ud835\udc1d\ud835\udc1e \ud835\udc25\u2019\ud835\udc0e\ud835\udc06\ud835\udc0f<\/span><!--\/data\/user\/0\/com.samsung.android.app.notes\/files\/clipdata\/clipdata_bodytext_260315_125439_901.sdocx--><\/p>\n<p>L\u2019article <a href=\"https:\/\/www.guinee7.com\/2026\/03\/15\/%F0%9D%90%8B%F0%9D%90%9A%F0%9D%90%B2%F0%9D%90%A5%F0%9D%90%9A%F0%9D%90%AD-%F0%9D%90%9A%F0%9D%90%A5-%F0%9D%90%90%F0%9D%90%9A%F0%9D%90%9D%F0%9D%90%AB-voe%F0%9D%90%AE%F0%9D%90%B1-%F0%9D%90%9D\/\">\ud835\udc0b\ud835\udc1a\ud835\udc32\ud835\udc25\ud835\udc1a\ud835\udc2d \ud835\udc1a\ud835\udc25-\ud835\udc10\ud835\udc1a\ud835\udc1d\ud835\udc2b : v\u0153\ud835\udc2e\ud835\udc31 \ud835\udc1d\ud835\udc2e \ud835\udc03\ud835\udc22\ud835\udc2b\ud835\udc1e\ud835\udc1c\ud835\udc2d\ud835\udc1e\ud835\udc2e\ud835\udc2b \ud835\udc06\ud835\udc1e\ud835\udc27\ud835\udc1e\ud835\udc2b\ud835\udc1a\ud835\udc25 \ud835\udc1a \ud835\udc25\u2019\ud835\udc0e\ud835\udc06\ud835\udc0f!<\/a> est apparu en premier sur <a href=\"https:\/\/www.guinee7.com\/\">Guinee7.com<\/a>.<\/p>\n<\/div>\n","protected":false},"excerpt":{"rendered":"<p>Chers collaborateurs, distingu\u00e9es pieuses collaboratrices et personnel de l\u2019OGP,en cette nuit b\u00e9nie de \ud835\udc0b\ud835\udc1a\ud835\udc32\ud835\udc25\ud835\udc1a\ud835\udc2d \ud835\udc1a\ud835\udc25-\ud835\udc10\ud835\udc1a\ud835\udc1d\ud835\udc2b, nuit du destin et de la mis\u00e9ricorde, j\u2019adresse mes v\u0153ux les meilleurs \u00e0 chacun-e d\u2019entre vous et \u00e0 vos familles respectives. Cette nuit sacr\u00e9e, plus pr\u00e9cieuse que mille mois, nous rappelle l\u2019importance de la foi, de la concorde et de &hellip;<\/p>\n","protected":false},"author":1,"featured_media":0,"comment_status":"closed","ping_status":"closed","sticky":false,"template":"","format":"standard","meta":{"footnotes":""},"categories":[2],"tags":[22],"_links":{"self":[{"href":"https:\/\/de.ambaguinee.org\/index.php?rest_route=\/wp\/v2\/posts\/114597"}],"collection":[{"href":"https:\/\/de.ambaguinee.org\/index.php?rest_route=\/wp\/v2\/posts"}],"about":[{"href":"https:\/\/de.ambaguinee.org\/index.php?rest_route=\/wp\/v2\/types\/post"}],"author":[{"embeddable":true,"href":"https:\/\/de.ambaguinee.org\/index.php?rest_route=\/wp\/v2\/users\/1"}],"replies":[{"embeddable":true,"href":"https:\/\/de.ambaguinee.org\/index.php?rest_route=%2Fwp%2Fv2%2Fcomments&post=114597"}],"version-history":[{"count":0,"href":"https:\/\/de.ambaguinee.org\/index.php?rest_route=\/wp\/v2\/posts\/114597\/revisions"}],"wp:attachment":[{"href":"https:\/\/de.ambaguinee.org\/index.php?rest_route=%2Fwp%2Fv2%2Fmedia&parent=114597"}],"wp:term":[{"taxonomy":"category","embeddable":true,"href":"https:\/\/de.ambaguinee.org\/index.php?rest_route=%2Fwp%2Fv2%2Fcategories&post=114597"},{"taxonomy":"post_tag","embeddable":true,"href":"https:\/\/de.ambaguinee.org\/index.php?rest_route=%2Fwp%2Fv2%2Ftags&post=114597"}],"curies":[{"name":"wp","href":"https:\/\/api.w.org\/{rel}","templated":true}]}}