{"id":114598,"date":"2026-03-15T23:02:03","date_gmt":"2026-03-15T22:02:03","guid":{"rendered":"https:\/\/de.ambaguinee.org\/?p=114598"},"modified":"2026-03-15T23:02:03","modified_gmt":"2026-03-15T22:02:03","slug":"differend-frontalier-un-sommet-tripartite-annonce-a-conakry-le-16-mars","status":"publish","type":"post","link":"https:\/\/de.ambaguinee.org\/?p=114598","title":{"rendered":"Diff\u00e9rend frontalier : un sommet tripartite annonc\u00e9 \u00e0 Conakry le 16 mars"},"content":{"rendered":"<div>\n<div style=\"margin-bottom:20px;\"><img width=\"2048\" height=\"1639\"src=\"https:\/\/i0.wp.com\/www.guinee7.com\/wp-content\/uploads\/2026\/03\/FB_IMG_1773604354923.jpg?w=2048&amp;ssl=1\" class=\"attachment-post-thumbnail size-post-thumbnail wp-post-image\" alt=\"\" decoding=\"async\" srcset=\"https:\/\/i0.wp.com\/www.guinee7.com\/wp-content\/uploads\/2026\/03\/FB_IMG_1773604354923.jpg?w=2048&amp;ssl=1 2048w, https:\/\/i0.wp.com\/www.guinee7.com\/wp-content\/uploads\/2026\/03\/FB_IMG_1773604354923.jpg?resize=300%2C240&amp;ssl=1 300w, https:\/\/i0.wp.com\/www.guinee7.com\/wp-content\/uploads\/2026\/03\/FB_IMG_1773604354923.jpg?resize=1024%2C820&amp;ssl=1 1024w, https:\/\/i0.wp.com\/www.guinee7.com\/wp-content\/uploads\/2026\/03\/FB_IMG_1773604354923.jpg?resize=768%2C615&amp;ssl=1 768w, https:\/\/i0.wp.com\/www.guinee7.com\/wp-content\/uploads\/2026\/03\/FB_IMG_1773604354923.jpg?resize=1536%2C1229&amp;ssl=1 1536w\" sizes=\"(max-width: 2048px) 100vw, 2048px\"><\/div>\n<p>La Pr\u00e9sidence de la R\u00e9publique de Guin\u00e9e a annonc\u00e9, \u00e0 travers une publication sur sa page Facebook officielle, la tenue ce lundi 16 mars 2026, d\u2019un sommet tripartite consacr\u00e9 au diff\u00e9rend frontalier entre la Guin\u00e9e, la Sierra Leone et le Liberia.<\/p>\n<p>Selon la m\u00eame source, cette r\u00e9union de haut niveau se d\u00e9roulera sous la pr\u00e9sidence du chef de l\u2019\u00c9tat guin\u00e9en, Mamadi Doumbouya. Elle r\u00e9unira \u00e9galement le pr\u00e9sident ivoirien Alassane Ouattara, pr\u00e9sent en qualit\u00e9 de pays t\u00e9moin, ainsi que ses homologues Julius Maada Bio, pr\u00e9sident de la Sierra Leone, et Joseph Nyumah Boakai, pr\u00e9sident du Liberia.<\/p>\n<p>Cette rencontre viserait \u00e0 examiner les questions li\u00e9es au diff\u00e9rend frontalier entre les trois pays voisins et \u00e0 favoriser une concertation au plus haut niveau afin de parvenir \u00e0 des solutions concert\u00e9es et durables.<\/p>\n<p><strong>Abdoul Lory Sylla pour guinee7.com\u00a0<\/strong><\/p>\n<p>L\u2019article <a href=\"https:\/\/www.guinee7.com\/2026\/03\/15\/differend-frontalier-un-sommet-tripartite-annonce-a-conakry-le-16-mars\/\">Diff\u00e9rend frontalier : un sommet tripartite annonc\u00e9 \u00e0 Conakry le 16 mars<\/a> est apparu en premier sur <a href=\"https:\/\/www.guinee7.com\/\">Guinee7.com<\/a>.<\/p>\n<\/div>\n","protected":false},"excerpt":{"rendered":"<p>La Pr\u00e9sidence de la R\u00e9publique de Guin\u00e9e a annonc\u00e9, \u00e0 travers une publication sur sa page Facebook officielle, la tenue ce lundi 16 mars 2026, d\u2019un sommet tripartite consacr\u00e9 au diff\u00e9rend frontalier entre la Guin\u00e9e, la Sierra Leone et le Liberia. Selon la m\u00eame source, cette r\u00e9union de haut niveau se d\u00e9roulera sous la pr\u00e9sidence &hellip;<\/p>\n","protected":false},"author":1,"featured_media":0,"comment_status":"closed","ping_status":"closed","sticky":false,"template":"","format":"standard","meta":{"footnotes":""},"categories":[2],"tags":[22],"_links":{"self":[{"href":"https:\/\/de.ambaguinee.org\/index.php?rest_route=\/wp\/v2\/posts\/114598"}],"collection":[{"href":"https:\/\/de.ambaguinee.org\/index.php?rest_route=\/wp\/v2\/posts"}],"about":[{"href":"https:\/\/de.ambaguinee.org\/index.php?rest_route=\/wp\/v2\/types\/post"}],"author":[{"embeddable":true,"href":"https:\/\/de.ambaguinee.org\/index.php?rest_route=\/wp\/v2\/users\/1"}],"replies":[{"embeddable":true,"href":"https:\/\/de.ambaguinee.org\/index.php?rest_route=%2Fwp%2Fv2%2Fcomments&post=114598"}],"version-history":[{"count":0,"href":"https:\/\/de.ambaguinee.org\/index.php?rest_route=\/wp\/v2\/posts\/114598\/revisions"}],"wp:attachment":[{"href":"https:\/\/de.ambaguinee.org\/index.php?rest_route=%2Fwp%2Fv2%2Fmedia&parent=114598"}],"wp:term":[{"taxonomy":"category","embeddable":true,"href":"https:\/\/de.ambaguinee.org\/index.php?rest_route=%2Fwp%2Fv2%2Fcategories&post=114598"},{"taxonomy":"post_tag","embeddable":true,"href":"https:\/\/de.ambaguinee.org\/index.php?rest_route=%2Fwp%2Fv2%2Ftags&post=114598"}],"curies":[{"name":"wp","href":"https:\/\/api.w.org\/{rel}","templated":true}]}}