{"id":120126,"date":"2026-04-26T23:02:02","date_gmt":"2026-04-26T21:02:02","guid":{"rendered":"https:\/\/de.ambaguinee.org\/?p=120126"},"modified":"2026-04-26T23:02:02","modified_gmt":"2026-04-26T21:02:02","slug":"ministere-des-infrastructures-voici-les-nouveaux-visages-nommes-par-doumbouya","status":"publish","type":"post","link":"https:\/\/de.ambaguinee.org\/?p=120126","title":{"rendered":"Minist\u00e8re des Infrastructures : voici les nouveaux visages nomm\u00e9s par Doumbouya"},"content":{"rendered":"<div>\n<div style=\"margin-bottom:20px;\"><img width=\"593\" height=\"395\"src=\"https:\/\/i0.wp.com\/www.guinee7.com\/wp-content\/uploads\/2024\/05\/General-Mamadi-Doumbouya.jpg?w=593&amp;ssl=1\" class=\"attachment-post-thumbnail size-post-thumbnail wp-post-image\" alt=\"\" decoding=\"async\" loading=\"lazy\" srcset=\"https:\/\/i0.wp.com\/www.guinee7.com\/wp-content\/uploads\/2024\/05\/General-Mamadi-Doumbouya.jpg?w=593&amp;ssl=1 593w, https:\/\/i0.wp.com\/www.guinee7.com\/wp-content\/uploads\/2024\/05\/General-Mamadi-Doumbouya.jpg?resize=300%2C200&amp;ssl=1 300w\" sizes=\"auto, (max-width: 593px) 100vw, 593px\"><\/div>\n<p><span style=\"font-size: 19px;\">Des cadres ont \u00e9t\u00e9 promus au minist\u00e8re des Infrastructures par le chef de l\u2019\u00c9tat, Mamadi Doumbouya. Ces nominations ont \u00e9t\u00e9 annonc\u00e9es \u00e0 travers une s\u00e9rie de d\u00e9crets lus \u00e0 la t\u00e9l\u00e9vision nationale, ce samedi 25 avril 2026.<\/span><\/p>\n<p><span style=\"font-size: 19px;\">Les personnalit\u00e9s nomm\u00e9es sont :<\/span><\/p>\n<p><span style=\"font-size: 19px;\">1 \u2013 Secr\u00e9taire G\u00e9n\u00e9ral : M. S\u00e2a Kossa Tour\u00e9, pr\u00e9c\u00e9demment chef de cabinet du minist\u00e8re des infrastructures <\/span><\/p>\n<p><span style=\"font-size: 19px;\">2 \u2013 Cheffe de cabinet : Mme Fatoumata Binta Barry,\u00a0 pr\u00e9c\u00e9demment cheffe cabinet du minist\u00e8re de l\u2019\u00e9conomie et des finances <\/span><\/p>\n<p><span style=\"font-size: 19px;\">3 \u2013 Conseiller principal : M. Bangaly Camara, pr\u00e9c\u00e9demment directeur de l\u2019institut des m\u00e9dias et de communication <\/span><\/p>\n<p><span style=\"font-size: 19px;\">4 \u2013 Conseiller Juridique : M. Als\u00e9ny Koulibaly<\/span><\/p>\n<p><span style=\"font-size: 19px;\">5 \u2013 Conseiller charg\u00e9 des Infrastructures : M. Bernard Sagno,\u00a0 pr\u00e9c\u00e9demment en service \u00e0 l\u2019AGEROUTE <\/span><\/p>\n<p><span style=\"font-size: 19px;\">6 \u2013 Conseiller charg\u00e9 de la Planification et de suivi \u00e9v<\/span><span style=\"font-size: 19px;\">aluation : M. Amadou Diallo<\/span><\/p>\n<p><span style=\"font-size: 19px;\">7 \u2013 Conseiller charg\u00e9 des financements : M. Alpha Mahmoud Barry, pr\u00e9c\u00e9demment consultant chez CPCS Guin\u00e9e <\/span><\/p>\n<p><span style=\"font-size: 19px;\">8 \u2013 Conseill\u00e8re charg\u00e9e de Mission : Mme Myriam Barry,\u00a0 pr\u00e9c\u00e9demment attach\u00e9e au minist\u00e8re des infrastructures. <\/span><\/p>\n<p><strong><span style=\"font-size: 19px;\">Focus guinee7.com<\/span><\/strong><!--\/data\/user\/0\/com.samsung.android.app.notes\/files\/clipdata\/clipdata_bodytext_260425_235354_832.sdocx--><\/p>\n<p>L\u2019article <a href=\"https:\/\/www.guinee7.com\/2026\/04\/26\/ministere-des-infrastructures-voici-les-nouveaux-visages-nommes-par-doumbouya\/\">Minist\u00e8re des Infrastructures : voici les nouveaux visages nomm\u00e9s par Doumbouya<\/a> est apparu en premier sur <a href=\"https:\/\/www.guinee7.com\/\">Guinee7.com<\/a>.<\/p>\n<\/div>\n","protected":false},"excerpt":{"rendered":"<p>Des cadres ont \u00e9t\u00e9 promus au minist\u00e8re des Infrastructures par le chef de l\u2019\u00c9tat, Mamadi Doumbouya. Ces nominations ont \u00e9t\u00e9 annonc\u00e9es \u00e0 travers une s\u00e9rie de d\u00e9crets lus \u00e0 la t\u00e9l\u00e9vision nationale, ce samedi 25 avril 2026. Les personnalit\u00e9s nomm\u00e9es sont : 1 \u2013 Secr\u00e9taire G\u00e9n\u00e9ral : M. S\u00e2a Kossa Tour\u00e9, pr\u00e9c\u00e9demment chef de cabinet &hellip;<\/p>\n","protected":false},"author":1,"featured_media":0,"comment_status":"closed","ping_status":"closed","sticky":false,"template":"","format":"standard","meta":{"footnotes":""},"categories":[2],"tags":[22],"_links":{"self":[{"href":"https:\/\/de.ambaguinee.org\/index.php?rest_route=\/wp\/v2\/posts\/120126"}],"collection":[{"href":"https:\/\/de.ambaguinee.org\/index.php?rest_route=\/wp\/v2\/posts"}],"about":[{"href":"https:\/\/de.ambaguinee.org\/index.php?rest_route=\/wp\/v2\/types\/post"}],"author":[{"embeddable":true,"href":"https:\/\/de.ambaguinee.org\/index.php?rest_route=\/wp\/v2\/users\/1"}],"replies":[{"embeddable":true,"href":"https:\/\/de.ambaguinee.org\/index.php?rest_route=%2Fwp%2Fv2%2Fcomments&post=120126"}],"version-history":[{"count":0,"href":"https:\/\/de.ambaguinee.org\/index.php?rest_route=\/wp\/v2\/posts\/120126\/revisions"}],"wp:attachment":[{"href":"https:\/\/de.ambaguinee.org\/index.php?rest_route=%2Fwp%2Fv2%2Fmedia&parent=120126"}],"wp:term":[{"taxonomy":"category","embeddable":true,"href":"https:\/\/de.ambaguinee.org\/index.php?rest_route=%2Fwp%2Fv2%2Fcategories&post=120126"},{"taxonomy":"post_tag","embeddable":true,"href":"https:\/\/de.ambaguinee.org\/index.php?rest_route=%2Fwp%2Fv2%2Ftags&post=120126"}],"curies":[{"name":"wp","href":"https:\/\/api.w.org\/{rel}","templated":true}]}}