{"id":120253,"date":"2026-04-27T23:01:54","date_gmt":"2026-04-27T21:01:54","guid":{"rendered":"https:\/\/de.ambaguinee.org\/?p=120253"},"modified":"2026-04-27T23:01:54","modified_gmt":"2026-04-27T21:01:54","slug":"siguiri-le-parquet-general-de-kankan-en-mission-de-securisation-et-de-fermete-a-la-frontiere","status":"publish","type":"post","link":"https:\/\/de.ambaguinee.org\/?p=120253","title":{"rendered":"Siguiri : le parquet g\u00e9n\u00e9ral de Kankan en mission de s\u00e9curisation et de fermet\u00e9 \u00e0 la fronti\u00e8re"},"content":{"rendered":"<div>\n<div style=\"margin-bottom:20px;\"><img width=\"1080\" height=\"557\"src=\"https:\/\/i0.wp.com\/mediaguinee.com\/wp-content\/uploads\/2026\/04\/Screenshot_20260427_180100_WhatsApp.jpg?w=1080&amp;ssl=1\" class=\"attachment-post-thumbnail size-post-thumbnail wp-post-image\" alt=\"\" decoding=\"async\" srcset=\"https:\/\/i0.wp.com\/mediaguinee.com\/wp-content\/uploads\/2026\/04\/Screenshot_20260427_180100_WhatsApp.jpg?w=1080&amp;ssl=1 1080w, https:\/\/i0.wp.com\/mediaguinee.com\/wp-content\/uploads\/2026\/04\/Screenshot_20260427_180100_WhatsApp.jpg?resize=300%2C155&amp;ssl=1 300w, https:\/\/i0.wp.com\/mediaguinee.com\/wp-content\/uploads\/2026\/04\/Screenshot_20260427_180100_WhatsApp.jpg?resize=1024%2C528&amp;ssl=1 1024w, https:\/\/i0.wp.com\/mediaguinee.com\/wp-content\/uploads\/2026\/04\/Screenshot_20260427_180100_WhatsApp.jpg?resize=768%2C396&amp;ssl=1 768w\" sizes=\"(max-width: 1080px) 100vw, 1080px\" data-attachment-id=\"314243\" data-permalink=\"https:\/\/mediaguinee.com\/2026\/04\/kolenda-siguiri-une-mission-judiciaire-musclee-pour-renforcer-la-securite-et-lutter-contre-les-exploitations-illegales-a-la-frontiere-guineo-malienne\/screenshot_20260427_180100_whatsapp\/\" data-orig-file=\"https:\/\/i0.wp.com\/mediaguinee.com\/wp-content\/uploads\/2026\/04\/Screenshot_20260427_180100_WhatsApp.jpg?fit=1080%2C557&amp;ssl=1\" data-orig-size=\"1080,557\" data-comments-opened=\"1\" data-image-meta='{\"aperture\":\"0\",\"credit\":\"\",\"camera\":\"\",\"caption\":\"\",\"created_timestamp\":\"0\",\"copyright\":\"\",\"focal_length\":\"0\",\"iso\":\"0\",\"shutter_speed\":\"0\",\"title\":\"\",\"orientation\":\"1\"}' data-image-title=\"Screenshot_20260427_180100_WhatsApp\" data-image-description=\"\" data-image-caption=\"\" data-large-file=\"https:\/\/i0.wp.com\/mediaguinee.com\/wp-content\/uploads\/2026\/04\/Screenshot_20260427_180100_WhatsApp.jpg?fit=1024%2C528&amp;ssl=1\"><\/div>\n<p>Sous la direction de M. Marwane Bald\u00e9, procureur g\u00e9n\u00e9ral pr\u00e8s la Cour d\u2019appel de Kankan, une mission de haute envergure s\u2019est d\u00e9ploy\u00e9e dans la zone frontali\u00e8re de Kolenda, district strat\u00e9gique situ\u00e9 \u00e0 la lisi\u00e8re entre la R\u00e9publique de Guin\u00e9e et le Mali.<\/p>\n<p><img data-recalc-dims=\"1\" decoding=\"async\" data-attachment-id=\"314244\" data-permalink=\"https:\/\/mediaguinee.com\/2026\/04\/kolenda-siguiri-une-mission-judiciaire-musclee-pour-renforcer-la-securite-et-lutter-contre-les-exploitations-illegales-a-la-frontiere-guineo-malienne\/screenshot_20260427_180205_whatsapp\/\" data-orig-file=\"https:\/\/i0.wp.com\/mediaguinee.com\/wp-content\/uploads\/2026\/04\/Screenshot_20260427_180205_WhatsApp.jpg?fit=1080%2C798&amp;ssl=1\" data-orig-size=\"1080,798\" data-comments-opened=\"1\" data-image-meta='{\"aperture\":\"0\",\"credit\":\"\",\"camera\":\"\",\"caption\":\"\",\"created_timestamp\":\"0\",\"copyright\":\"\",\"focal_length\":\"0\",\"iso\":\"0\",\"shutter_speed\":\"0\",\"title\":\"\",\"orientation\":\"1\"}' data-image-title=\"Screenshot_20260427_180205_WhatsApp\" data-image-description=\"\" data-image-caption=\"\" data-large-file=\"https:\/\/i0.wp.com\/mediaguinee.com\/wp-content\/uploads\/2026\/04\/Screenshot_20260427_180205_WhatsApp.jpg?fit=1024%2C757&amp;ssl=1\" class=\"alignnone wp-image-314244 size-full\"src=\"https:\/\/i0.wp.com\/mediaguinee.com\/wp-content\/uploads\/2026\/04\/Screenshot_20260427_180205_WhatsApp.jpg?w=1080&amp;ssl=1\" alt=\"\" width=\"1080\" height=\"798\" srcset=\"https:\/\/i0.wp.com\/mediaguinee.com\/wp-content\/uploads\/2026\/04\/Screenshot_20260427_180205_WhatsApp.jpg?w=1080&amp;ssl=1 1080w, https:\/\/i0.wp.com\/mediaguinee.com\/wp-content\/uploads\/2026\/04\/Screenshot_20260427_180205_WhatsApp.jpg?resize=300%2C222&amp;ssl=1 300w, https:\/\/i0.wp.com\/mediaguinee.com\/wp-content\/uploads\/2026\/04\/Screenshot_20260427_180205_WhatsApp.jpg?resize=1024%2C757&amp;ssl=1 1024w, https:\/\/i0.wp.com\/mediaguinee.com\/wp-content\/uploads\/2026\/04\/Screenshot_20260427_180205_WhatsApp.jpg?resize=768%2C567&amp;ssl=1 768w, https:\/\/i0.wp.com\/mediaguinee.com\/wp-content\/uploads\/2026\/04\/Screenshot_20260427_180205_WhatsApp.jpg?resize=86%2C64&amp;ssl=1 86w\" sizes=\"(max-width: 1080px) 100vw, 1080px\"><\/p>\n<p>Accompagn\u00e9 du parquet d\u2019instance de Siguiri et soutenu par les unit\u00e9s d\u2019\u00e9lite de l\u2019EGMI (Escadron de gendarmerie mobile d\u2019intervention) et du GFIR (Groupement des forces d\u2019intervention rapide), le procureur g\u00e9n\u00e9ral a marqu\u00e9 la pr\u00e9sence de l\u2019\u00c9tat sur un territoire en proie \u00e0 des d\u00e9fis s\u00e9curitaires et environnementaux majeurs.<\/p>\n<ol>\n<li>JUSTICE ET FERMET\u00c9 FACE \u00c0 L\u2019EXPLOITATION ILL\u00c9GALE<br \/>\nLa d\u00e9l\u00e9gation s\u2019est rendue sur le site o\u00f9 un citoyen guin\u00e9en a \u00e9t\u00e9 sauvagement assassin\u00e9, un acte tragique qui ne restera pas impuni. Parall\u00e8lement, la mission a cibl\u00e9 les zones de d\u00e9gradation environnementale massive. Plusieurs \u00e9trangers en situation irr\u00e9guli\u00e8re, surpris en pleine exploitation ill\u00e9gale du sol guin\u00e9en, ont \u00e9t\u00e9 interpell\u00e9s. Ces individus ont \u00e9t\u00e9 mis \u00e0 la disposition de la brigade de gendarmerie de Kolenda pour des enqu\u00eates approfondies.<\/li>\n<\/ol>\n<p>UNE EXPERTISE TECHNIQUE RENFORC\u00c9E : La pr\u00e9sence du service r\u00e9gional de l\u2019Habitat au sein de la mission a permis de constater officiellement les occupations anarchiques et les atteintes port\u00e9es au domaine foncier de l\u2019\u00c9tat.<\/p>\n<ol>\n<li>INSPECTION DES SERVICES DE D\u00c9FENSE ET DE S\u00c9CURIT\u00c9<\/li>\n<\/ol>\n<p>Dans une volont\u00e9 de s\u2019assurer de la rigueur op\u00e9rationnelle sur le terrain, M. Marwane Bald\u00e9 a effectu\u00e9 une tourn\u00e9e d\u2019inspection syst\u00e9matique des infrastructures de s\u00e9curit\u00e9. Le procureur g\u00e9n\u00e9ral a visit\u00e9 successivement les diff\u00e9rents postes de gendarmerie et de police de la zone.<\/p>\n<p>Cette d\u00e9marche visait \u00e0 : V\u00e9rifier les conditions de travail des agents ; S\u2019assurer du respect des proc\u00e9dures judiciaires lors des interpellations ;<br \/>\nRappeler aux officiers de police judiciaire (OPJ) leurs obligations de probit\u00e9 et d\u2019efficacit\u00e9.<\/p>\n<ol>\n<li>DIALOGUE SOCIAL ET DEVOIR DE M\u00c9MOIRE<\/li>\n<\/ol>\n<p>Au-del\u00e0 de l\u2019aspect s\u00e9curitaire, la mission a rev\u00eatu une dimension humaine et diplomatique :<\/p>\n<p>Rencontre avec les autorit\u00e9s locales : un \u00e9change fructueux a eu lieu avec le patriarche et le bureau du district de Kolenda pour recueillir des t\u00e9moignages cruciaux \u00e0 l\u2019avancement des enqu\u00eates.<\/p>\n<p>SOUTIEN \u00c0 LA FAMILLE ENDEUILL\u00c9E<\/p>\n<p>Dans un \u00e9lan de solidarit\u00e9 r\u00e9publicaine, le procureur g\u00e9n\u00e9ral s\u2019est inclin\u00e9 devant la m\u00e9moire de la victime. Il a pr\u00e9sent\u00e9 les condol\u00e9ances les plus attrist\u00e9es au nom du chef de l\u2019\u00c9tat, au nom du garde des Sceaux, ministre de la Justice, ainsi qu\u2019en son nom propre.<\/p>\n<p>Ce d\u00e9placement de l\u2019autorit\u00e9 judiciaire r\u00e9affirme la volont\u00e9 de l\u2019\u00c9tat guin\u00e9en de prot\u00e9ger ses citoyens, de pr\u00e9server ses ressources naturelles et de maintenir l\u2019ordre \u00e0 ses fronti\u00e8res avec une rigueur absolue.<\/p>\n<p><strong>Nouhan Konat\u00e9, correspondant \u00e0 Siguiri 621 76 47 14<\/strong><\/p>\n<p>L\u2019article <a href=\"https:\/\/mediaguinee.com\/2026\/04\/kolenda-siguiri-une-mission-judiciaire-musclee-pour-renforcer-la-securite-et-lutter-contre-les-exploitations-illegales-a-la-frontiere-guineo-malienne\/\">Siguiri : le parquet g\u00e9n\u00e9ral de Kankan en mission de s\u00e9curisation et de fermet\u00e9 \u00e0 la fronti\u00e8re<\/a> est apparu en premier sur <a href=\"https:\/\/mediaguinee.com\/\">Mediaguinee.com<\/a>.<\/p>\n<\/div>\n","protected":false},"excerpt":{"rendered":"<p>Sous la direction de M. Marwane Bald\u00e9, procureur g\u00e9n\u00e9ral pr\u00e8s la Cour d\u2019appel de Kankan, une mission de haute envergure s\u2019est d\u00e9ploy\u00e9e dans la zone frontali\u00e8re de Kolenda, district strat\u00e9gique situ\u00e9 \u00e0 la lisi\u00e8re entre la R\u00e9publique de Guin\u00e9e et le Mali. Accompagn\u00e9 du parquet d\u2019instance de Siguiri et soutenu par les unit\u00e9s d\u2019\u00e9lite de &hellip;<\/p>\n","protected":false},"author":1,"featured_media":0,"comment_status":"closed","ping_status":"closed","sticky":false,"template":"","format":"standard","meta":{"footnotes":""},"categories":[2],"tags":[23],"_links":{"self":[{"href":"https:\/\/de.ambaguinee.org\/index.php?rest_route=\/wp\/v2\/posts\/120253"}],"collection":[{"href":"https:\/\/de.ambaguinee.org\/index.php?rest_route=\/wp\/v2\/posts"}],"about":[{"href":"https:\/\/de.ambaguinee.org\/index.php?rest_route=\/wp\/v2\/types\/post"}],"author":[{"embeddable":true,"href":"https:\/\/de.ambaguinee.org\/index.php?rest_route=\/wp\/v2\/users\/1"}],"replies":[{"embeddable":true,"href":"https:\/\/de.ambaguinee.org\/index.php?rest_route=%2Fwp%2Fv2%2Fcomments&post=120253"}],"version-history":[{"count":0,"href":"https:\/\/de.ambaguinee.org\/index.php?rest_route=\/wp\/v2\/posts\/120253\/revisions"}],"wp:attachment":[{"href":"https:\/\/de.ambaguinee.org\/index.php?rest_route=%2Fwp%2Fv2%2Fmedia&parent=120253"}],"wp:term":[{"taxonomy":"category","embeddable":true,"href":"https:\/\/de.ambaguinee.org\/index.php?rest_route=%2Fwp%2Fv2%2Fcategories&post=120253"},{"taxonomy":"post_tag","embeddable":true,"href":"https:\/\/de.ambaguinee.org\/index.php?rest_route=%2Fwp%2Fv2%2Ftags&post=120253"}],"curies":[{"name":"wp","href":"https:\/\/api.w.org\/{rel}","templated":true}]}}