{"id":120261,"date":"2026-04-27T23:01:56","date_gmt":"2026-04-27T21:01:56","guid":{"rendered":"https:\/\/de.ambaguinee.org\/?p=120261"},"modified":"2026-04-27T23:01:56","modified_gmt":"2026-04-27T21:01:56","slug":"mali-abdoulaye-maiga-condamne-des-attaques-laches-et-barbares-et-reaffirme-la-determination-de-letat","status":"publish","type":"post","link":"https:\/\/de.ambaguinee.org\/?p=120261","title":{"rendered":"Mali : Abdoulaye Ma\u00efga condamne des attaques \u00ab l\u00e2ches et barbares \u00bb et r\u00e9affirme la d\u00e9termination de l\u2019\u00c9tat"},"content":{"rendered":"<div>\n<div style=\"margin-bottom:20px;\"><img width=\"2048\" height=\"1366\"src=\"https:\/\/i0.wp.com\/www.guinee7.com\/wp-content\/uploads\/2026\/04\/FB_IMG_1777313025274.jpg?w=2048&amp;ssl=1\" class=\"attachment-post-thumbnail size-post-thumbnail wp-post-image\" alt=\"\" decoding=\"async\" srcset=\"https:\/\/i0.wp.com\/www.guinee7.com\/wp-content\/uploads\/2026\/04\/FB_IMG_1777313025274.jpg?w=2048&amp;ssl=1 2048w, https:\/\/i0.wp.com\/www.guinee7.com\/wp-content\/uploads\/2026\/04\/FB_IMG_1777313025274.jpg?resize=300%2C200&amp;ssl=1 300w, https:\/\/i0.wp.com\/www.guinee7.com\/wp-content\/uploads\/2026\/04\/FB_IMG_1777313025274.jpg?resize=1024%2C683&amp;ssl=1 1024w, https:\/\/i0.wp.com\/www.guinee7.com\/wp-content\/uploads\/2026\/04\/FB_IMG_1777313025274.jpg?resize=768%2C512&amp;ssl=1 768w, https:\/\/i0.wp.com\/www.guinee7.com\/wp-content\/uploads\/2026\/04\/FB_IMG_1777313025274.jpg?resize=1536%2C1025&amp;ssl=1 1536w\" sizes=\"(max-width: 2048px) 100vw, 2048px\"><\/div>\n<p>Apr\u00e8s les attaques terroristes simultan\u00e9es survenues le 25 avril 2026 dans plusieurs localit\u00e9s du Mali, le Premier ministre Abdoulaye Ma\u00efga s\u2019est adress\u00e9 \u00e0 la nation \u00e0 travers un point de presse marqu\u00e9 par l\u2019\u00e9motion et la fermet\u00e9. Cette communication intervient dans un contexte de deuil national d\u00e9cr\u00e9t\u00e9 apr\u00e8s le d\u00e9c\u00e8s du G\u00e9n\u00e9ral Sadio Camara.<\/p>\n<p>D\u00e8s l\u2019entame de son intervention, le chef du gouvernement a tenu \u00e0 souligner la difficult\u00e9 du moment : \u00ab m\u2019exprimer aujourd\u2019hui n\u2019est pas chose ais\u00e9e, d\u2019autant plus qu\u2019il s\u2019agit du 1er jour d\u2019un deuil national de 2 jours d\u00e9cr\u00e9t\u00e9 par Son Excellence le Pr\u00e9sident de la Transition, pour rendre hommage \u00e0 Feu G\u00e9n\u00e9ral Sadio Camara. \u00bb<\/p>\n<p>Dans un ton de recueillement, il a rendu hommage aux victimes civiles et militaires : \u00ab je m\u2019incline devant la m\u00e9moire de l\u2019illustre disparu et d\u2019autres victimes civiles comme militaires, qui ont perdu la vie, tout en souhaitant prompt r\u00e9tablissement aux bless\u00e9s. \u00bb<\/p>\n<p>Revenant sur les \u00e9v\u00e9nements, Abdoulaye Ma\u00efga a rappel\u00e9 la gravit\u00e9 des attaques : \u00ab le 25 avril 2026, la Nation malienne a \u00e9t\u00e9 endeuill\u00e9e par des attaques terroristes simultan\u00e9es, qui se sont d\u00e9roul\u00e9es dans plusieurs localit\u00e9s. Au-del\u00e0, du mode op\u00e9ratoire, il est \u00e9vident que seul l\u2019appui des sponsors a permis ces actes l\u00e2ches et barbares. \u00bb<\/p>\n<p>Le Premier ministre a ensuite d\u00e9taill\u00e9 ce qu\u2019il consid\u00e8re comme les objectifs des assaillants, avant d\u2019y opposer une r\u00e9ponse sans ambigu\u00eft\u00e9 de la nation : \u00ab semer la peur et le doute\/ nous n\u2019avons pas eu peur, ni dout\u00e9 et nous n\u2019aurons jamais peur \u00bb, \u00ab briser la coh\u00e9sion nationale\/ plus que jamais nous unis la coh\u00e9sion nationale sera renforc\u00e9e. \u00bb, et \u00ab affaiblir notre d\u00e9termination\/ plus que jamais, nous sommes d\u00e9termin\u00e9s et l\u2019engagement collectif ira crescendo. \u00bb<\/p>\n<p>Selon lui, au-del\u00e0 des attaques, l\u2019objectif des terroristes visait directement les institutions : \u00ab plus que de simples incidents terroristes, le but de l\u2019ennemi \u00e9tait de conqu\u00e9rir le pouvoir, en d\u00e9mantelant les Institutions de la R\u00e9publique et mettant un terme au processus de Transition. \u00bb<\/p>\n<p>Face \u00e0 cette menace, il a salu\u00e9 la riposte des forces arm\u00e9es : \u00ab la r\u00e9ponse cinglante qui leur a \u00e9t\u00e9 inflig\u00e9e est l\u2019\u0153uvre de l\u2019abn\u00e9gation de nos vaillantes forces arm\u00e9es et de s\u00e9curit\u00e9, sous le leadership de Son Excellence le Pr\u00e9sident de la Transition, Chef supr\u00eame des arm\u00e9es, qui ont r\u00e9ussi \u00e0 neutraliser des centaines de terroristes sur l\u2019ensemble du territoire nationale. \u00bb Avant d\u2019ajouter : \u00ab je voudrais saluer leur professionnalisme. \u00bb<\/p>\n<p>Insistant sur la n\u00e9cessit\u00e9 d\u2019adaptation face \u00e0 la menace terroriste, il a expliqu\u00e9 : \u00ab toutefois, il est utile de rappeler que la caract\u00e9ristique principale de l\u2019action terroriste est l\u2019asym\u00e9trie. Celle-ci nous oblige \u00e0 adapter constamment notre dispositif. Tirer les enseignements des incidents terroristes du 25 Avril 2026 est une obligation. Les facteurs de succ\u00e8s seront renforc\u00e9s et les correctifs n\u00e9cessaires seront apport\u00e9s pour une meilleure s\u00e9curisation. \u00bb Il a \u00e9galement salu\u00e9 \u00ab la r\u00e9silience de la population malienne qui croit en son arm\u00e9e et \u00e0 la Refondation du Mali. \u00bb<\/p>\n<p>Dans un registre spirituel, le Premier ministre a cit\u00e9 des versets du Coran pour rappeler la fragilit\u00e9 de la vie : \u00ab en tant que croyant, je voudrais rappeler que, selon le Coran:\u00ab Toute \u00e2me go\u00fbtera la mort \u00bb. et \u00ab \u00e0 Dieu nous appartenons et \u00e0 Lui nous retournons. \u00bb<\/p>\n<p>\u00c9voquant la m\u00e9moire du G\u00e9n\u00e9ral Sadio Camara, il a d\u00e9clar\u00e9 : \u00ab le G\u00e9n\u00e9ral Camara, comme tant d\u2019autres victimes de l\u2019ins\u00e9curit\u00e9, a \u00e9t\u00e9 arrach\u00e9 \u00e0 notre affection. Toutefois, les types de combat pour lesquels nous nous engageons sont des choix personnels. \u00bb Puis il a ajout\u00e9 : \u00ab le G\u00e9n\u00e9ral Camara, comme tant d\u2019autres militaires, a fait le choix de mourir les armes \u00e0 la main pour d\u00e9fendre sa patrie. Je formule le v\u0153u que l\u2019\u00e9tat d\u2019esprit de celles et ceux qui sont dans cette disposition soit renforc\u00e9e. \u00bb<\/p>\n<p>Dans un message adress\u00e9 aux Maliens tent\u00e9s par des voies contraires, il a lanc\u00e9 : \u00ab sans d\u00e9sesp\u00e9rer de la nature humaine, celles et ceux qui ont une approche divergente, je formule le v\u0153u, qu\u2019ils retrouvent le droit chemin, il n\u2019est jamais trop tard pour aimer son pays. A ceux qui se font manipuler par des sponsors du terrorisme, qu\u2019ils se demandent tout simplement, la raison pour laquelle, ces Etats paria du terrorisme ne r\u00e9alisent pas dans leur pays, les projets funestes qu\u2019ils veulent entreprendre chez les autres. \u00bb<\/p>\n<p>Le chef du gouvernement a insist\u00e9 sur la n\u00e9cessit\u00e9 de tirer toutes les le\u00e7ons de ces \u00e9v\u00e9nements : \u00ab j\u2019insiste sur le fait que tous les enseignements de ces \u00e9v\u00e9nements seront tir\u00e9s au clair. \u00bb<\/p>\n<p>R\u00e9affirmant la ligne du gouvernement, Abdoulaye Ma\u00efga a martel\u00e9 : \u00ab je saisis cette occasion pour dire que le combat pour notre dignit\u00e9 et notre honneur n\u2019est pas n\u00e9gociable. Nous le m\u00e8nerons \u00e0 son terme, jusqu\u2019\u00e0 l\u2019\u00e9radication totale du terrorisme et l\u2019\u00e9dification du Mali Kura. \u00bb<\/p>\n<p>Enfin, il a appel\u00e9 \u00e0 la mobilisation collective en s\u2019appuyant sur l\u2019hymne national : \u00ab il est important de garder constamment \u00e0 l\u2019esprit le 3\u00e8me couplet de notre Hymne National. \u00ab La voie est dure, tr\u00e8s dure. Qui m\u00e8ne au bonheur commun. Courage et d\u00e9vouement. Vigilance \u00e0 tout moment \u00bb.<\/p>\n<p><strong>Abdoul Lory Sylla pour guinee7.com\u00a0<\/strong><\/p>\n<p>L\u2019article <a href=\"https:\/\/www.guinee7.com\/2026\/04\/27\/mali-abdoulaye-maiga-condamne-des-attaques-laches-et-barbares-et-reaffirme-la-determination-de-letat\/\">Mali : Abdoulaye Ma\u00efga condamne des attaques \u00ab l\u00e2ches et barbares \u00bb et r\u00e9affirme la d\u00e9termination de l\u2019\u00c9tat<\/a> est apparu en premier sur <a href=\"https:\/\/www.guinee7.com\/\">Guinee7.com<\/a>.<\/p>\n<\/div>\n","protected":false},"excerpt":{"rendered":"<p>Apr\u00e8s les attaques terroristes simultan\u00e9es survenues le 25 avril 2026 dans plusieurs localit\u00e9s du Mali, le Premier ministre Abdoulaye Ma\u00efga s\u2019est adress\u00e9 \u00e0 la nation \u00e0 travers un point de presse marqu\u00e9 par l\u2019\u00e9motion et la fermet\u00e9. Cette communication intervient dans un contexte de deuil national d\u00e9cr\u00e9t\u00e9 apr\u00e8s le d\u00e9c\u00e8s du G\u00e9n\u00e9ral Sadio Camara. D\u00e8s &hellip;<\/p>\n","protected":false},"author":1,"featured_media":0,"comment_status":"closed","ping_status":"closed","sticky":false,"template":"","format":"standard","meta":{"footnotes":""},"categories":[2],"tags":[22],"_links":{"self":[{"href":"https:\/\/de.ambaguinee.org\/index.php?rest_route=\/wp\/v2\/posts\/120261"}],"collection":[{"href":"https:\/\/de.ambaguinee.org\/index.php?rest_route=\/wp\/v2\/posts"}],"about":[{"href":"https:\/\/de.ambaguinee.org\/index.php?rest_route=\/wp\/v2\/types\/post"}],"author":[{"embeddable":true,"href":"https:\/\/de.ambaguinee.org\/index.php?rest_route=\/wp\/v2\/users\/1"}],"replies":[{"embeddable":true,"href":"https:\/\/de.ambaguinee.org\/index.php?rest_route=%2Fwp%2Fv2%2Fcomments&post=120261"}],"version-history":[{"count":0,"href":"https:\/\/de.ambaguinee.org\/index.php?rest_route=\/wp\/v2\/posts\/120261\/revisions"}],"wp:attachment":[{"href":"https:\/\/de.ambaguinee.org\/index.php?rest_route=%2Fwp%2Fv2%2Fmedia&parent=120261"}],"wp:term":[{"taxonomy":"category","embeddable":true,"href":"https:\/\/de.ambaguinee.org\/index.php?rest_route=%2Fwp%2Fv2%2Fcategories&post=120261"},{"taxonomy":"post_tag","embeddable":true,"href":"https:\/\/de.ambaguinee.org\/index.php?rest_route=%2Fwp%2Fv2%2Ftags&post=120261"}],"curies":[{"name":"wp","href":"https:\/\/api.w.org\/{rel}","templated":true}]}}