{"id":120389,"date":"2026-04-28T23:01:54","date_gmt":"2026-04-28T21:01:54","guid":{"rendered":"https:\/\/de.ambaguinee.org\/?p=120389"},"modified":"2026-04-28T23:01:54","modified_gmt":"2026-04-28T21:01:54","slug":"elections-en-guinee-le-frondeg-annonce-le-retrait-de-ses-candidats-mandataires-et-representants-des-operations-electorales","status":"publish","type":"post","link":"https:\/\/de.ambaguinee.org\/?p=120389","title":{"rendered":"\u00c9lections en Guin\u00e9e : le FRONDEG annonce le retrait de ses candidats, mandataires et repr\u00e9sentants des op\u00e9rations \u00e9lectorales"},"content":{"rendered":"<div>\n<div style=\"margin-bottom:20px;\"><img width=\"717\" height=\"558\"src=\"https:\/\/i0.wp.com\/mediaguinee.com\/wp-content\/uploads\/2026\/04\/ab23464f-29f7-4d25-ba53-0ada42d8e756.jpeg?w=717&amp;ssl=1\" class=\"attachment-post-thumbnail size-post-thumbnail wp-post-image\" alt=\"\" decoding=\"async\" srcset=\"https:\/\/i0.wp.com\/mediaguinee.com\/wp-content\/uploads\/2026\/04\/ab23464f-29f7-4d25-ba53-0ada42d8e756.jpeg?w=717&amp;ssl=1 717w, https:\/\/i0.wp.com\/mediaguinee.com\/wp-content\/uploads\/2026\/04\/ab23464f-29f7-4d25-ba53-0ada42d8e756.jpeg?resize=300%2C233&amp;ssl=1 300w\" sizes=\"(max-width: 717px) 100vw, 717px\" data-attachment-id=\"314086\" data-permalink=\"https:\/\/mediaguinee.com\/2026\/04\/elections-du-31-mai-le-frondeg-denonce-de-graves-irregularites-et-agite-la-menace-de-retrait\/ab23464f-29f7-4d25-ba53-0ada42d8e756\/\" data-orig-file=\"https:\/\/i0.wp.com\/mediaguinee.com\/wp-content\/uploads\/2026\/04\/ab23464f-29f7-4d25-ba53-0ada42d8e756.jpeg?fit=717%2C558&amp;ssl=1\" data-orig-size=\"717,558\" data-comments-opened=\"1\" data-image-meta='{\"aperture\":\"0\",\"credit\":\"\",\"camera\":\"\",\"caption\":\"\",\"created_timestamp\":\"1777120857\",\"copyright\":\"\",\"focal_length\":\"0\",\"iso\":\"0\",\"shutter_speed\":\"0\",\"title\":\"\",\"orientation\":\"1\"}' data-image-title=\"Abdoulaye Y\u00e9ro Bald\u00e9\" data-image-description=\"\" data-image-caption=\"\" data-large-file=\"https:\/\/i0.wp.com\/mediaguinee.com\/wp-content\/uploads\/2026\/04\/ab23464f-29f7-4d25-ba53-0ada42d8e756.jpeg?fit=717%2C558&amp;ssl=1\"><\/div>\n<p>\u00c0 la veille de l\u2019ouverture des campagne pour les \u00e9lections legislatives et communales du 31 mai prochain, le Front D\u00e9mocratique de Guin\u00e9e (FRONDEG) de l\u2019ancien ministre Abdoulaye Y\u00e9ro Bald\u00e9 a annonc\u00e9 mardi le retrait de l\u2019ensemble de ses candidats, mandataires et repr\u00e9sentants des op\u00e9rations \u00e9lectorales. D\u00e9non\u00e7ant des conditions d\u2019organisation jug\u00e9es non conformes aux principes d\u00e9mocratiques, il dit d\u00e9cliner toute responsabilit\u00e9 quant aux cons\u00e9quences du scrutin et conteste \u00ab par avance la sinc\u00e9rit\u00e9, la r\u00e9gularit\u00e9 et la l\u00e9gitimit\u00e9 des r\u00e9sultats \u00bb.<\/p>\n<div class=\"wep-preview\"><iframe loading=\"lazy\" src=\"\/\/docs.google.com\/viewer?url=https%3A%2F%2Fmediaguinee.com%2Fwp-content%2Fuploads%2F2026%2F04%2FCommunique-de-presse-FRONDEG.pdf&amp;embedded=true&amp;hl=fr\" title=\"Embedded Document\" width=\"100%\" height=\"400px\"><\/iframe><\/p>\n<div class=\"wep-download-document\"><a href=\"https:\/\/mediaguinee.com\/wp-content\/uploads\/2026\/04\/Communique-de-presse-FRONDEG.pdf\" target=\"_blank\" rel=\"noopener\">Telecharger<\/a><\/div>\n<\/div>\n<p>\u00a0<\/p>\n<p>L\u2019article <a href=\"https:\/\/mediaguinee.com\/2026\/04\/elections-en-guinee-le-frondeg-annonce-le-retrait-de-ses-candidats-mandataires-et-representants-des-operations-electorales\/\">\u00c9lections en Guin\u00e9e : le FRONDEG annonce le retrait de ses candidats, mandataires et repr\u00e9sentants des op\u00e9rations \u00e9lectorales<\/a> est apparu en premier sur <a href=\"https:\/\/mediaguinee.com\/\">Mediaguinee.com<\/a>.<\/p>\n<\/div>\n","protected":false},"excerpt":{"rendered":"<p>\u00c0 la veille de l\u2019ouverture des campagne pour les \u00e9lections legislatives et communales du 31 mai prochain, le Front D\u00e9mocratique de Guin\u00e9e (FRONDEG) de l\u2019ancien ministre Abdoulaye Y\u00e9ro Bald\u00e9 a annonc\u00e9 mardi le retrait de l\u2019ensemble de ses candidats, mandataires et repr\u00e9sentants des op\u00e9rations \u00e9lectorales. D\u00e9non\u00e7ant des conditions d\u2019organisation jug\u00e9es non conformes aux principes d\u00e9mocratiques, &hellip;<\/p>\n","protected":false},"author":1,"featured_media":0,"comment_status":"closed","ping_status":"closed","sticky":false,"template":"","format":"standard","meta":{"footnotes":""},"categories":[2],"tags":[23],"_links":{"self":[{"href":"https:\/\/de.ambaguinee.org\/index.php?rest_route=\/wp\/v2\/posts\/120389"}],"collection":[{"href":"https:\/\/de.ambaguinee.org\/index.php?rest_route=\/wp\/v2\/posts"}],"about":[{"href":"https:\/\/de.ambaguinee.org\/index.php?rest_route=\/wp\/v2\/types\/post"}],"author":[{"embeddable":true,"href":"https:\/\/de.ambaguinee.org\/index.php?rest_route=\/wp\/v2\/users\/1"}],"replies":[{"embeddable":true,"href":"https:\/\/de.ambaguinee.org\/index.php?rest_route=%2Fwp%2Fv2%2Fcomments&post=120389"}],"version-history":[{"count":0,"href":"https:\/\/de.ambaguinee.org\/index.php?rest_route=\/wp\/v2\/posts\/120389\/revisions"}],"wp:attachment":[{"href":"https:\/\/de.ambaguinee.org\/index.php?rest_route=%2Fwp%2Fv2%2Fmedia&parent=120389"}],"wp:term":[{"taxonomy":"category","embeddable":true,"href":"https:\/\/de.ambaguinee.org\/index.php?rest_route=%2Fwp%2Fv2%2Fcategories&post=120389"},{"taxonomy":"post_tag","embeddable":true,"href":"https:\/\/de.ambaguinee.org\/index.php?rest_route=%2Fwp%2Fv2%2Ftags&post=120389"}],"curies":[{"name":"wp","href":"https:\/\/api.w.org\/{rel}","templated":true}]}}