{"id":120390,"date":"2026-04-28T23:01:54","date_gmt":"2026-04-28T21:01:54","guid":{"rendered":"https:\/\/de.ambaguinee.org\/?p=120390"},"modified":"2026-04-28T23:01:54","modified_gmt":"2026-04-28T21:01:54","slug":"kankan-luniversite-julius-nyerere-rend-un-hommage-emouvant-a-alseny-aissata-big-camara","status":"publish","type":"post","link":"https:\/\/de.ambaguinee.org\/?p=120390","title":{"rendered":"Kankan : l\u2019Universit\u00e9 Julius Ny\u00e9r\u00e9r\u00e9 rend un hommage \u00e9mouvant \u00e0 Alseny A\u00efssata \u201cBig\u201d Camara"},"content":{"rendered":"<div>\n<div style=\"margin-bottom:20px;\"><img width=\"1280\" height=\"726\"src=\"https:\/\/i0.wp.com\/mediaguinee.com\/wp-content\/uploads\/2026\/04\/IMG-20260428-WA0030.jpg?w=1280&amp;ssl=1\" class=\"attachment-post-thumbnail size-post-thumbnail wp-post-image\" alt=\"\" decoding=\"async\" srcset=\"https:\/\/i0.wp.com\/mediaguinee.com\/wp-content\/uploads\/2026\/04\/IMG-20260428-WA0030.jpg?w=1280&amp;ssl=1 1280w, https:\/\/i0.wp.com\/mediaguinee.com\/wp-content\/uploads\/2026\/04\/IMG-20260428-WA0030.jpg?resize=300%2C170&amp;ssl=1 300w, https:\/\/i0.wp.com\/mediaguinee.com\/wp-content\/uploads\/2026\/04\/IMG-20260428-WA0030.jpg?resize=1024%2C581&amp;ssl=1 1024w, https:\/\/i0.wp.com\/mediaguinee.com\/wp-content\/uploads\/2026\/04\/IMG-20260428-WA0030.jpg?resize=768%2C436&amp;ssl=1 768w\" sizes=\"(max-width: 1280px) 100vw, 1280px\" data-attachment-id=\"314337\" data-permalink=\"https:\/\/mediaguinee.com\/2026\/04\/kankan-luniversite-julius-nyerere-rend-un-hommage-emouvant-a-alseny-aissata-big-camara\/img-20260428-wa0030\/\" data-orig-file=\"https:\/\/i0.wp.com\/mediaguinee.com\/wp-content\/uploads\/2026\/04\/IMG-20260428-WA0030.jpg?fit=1280%2C726&amp;ssl=1\" data-orig-size=\"1280,726\" data-comments-opened=\"1\" data-image-meta='{\"aperture\":\"0\",\"credit\":\"\",\"camera\":\"\",\"caption\":\"\",\"created_timestamp\":\"0\",\"copyright\":\"\",\"focal_length\":\"0\",\"iso\":\"0\",\"shutter_speed\":\"0\",\"title\":\"\",\"orientation\":\"0\"}' data-image-title=\"IMG-20260428-WA0030\" data-image-description=\"\" data-image-caption=\"\" data-large-file=\"https:\/\/i0.wp.com\/mediaguinee.com\/wp-content\/uploads\/2026\/04\/IMG-20260428-WA0030.jpg?fit=1024%2C581&amp;ssl=1\"><\/div>\n<p>\u00c0 Kankan, l\u2019\u00e9motion \u00e9tait vive ce mercredi lors des obs\u00e8ques d\u2019Alseny A\u00efssata \u201cBig\u201d Camara, enseignant-chercheur et chef du d\u00e9partement Documentation \u00e0 l\u2019\u00c9cole sup\u00e9rieure des sciences de l\u2019information de l\u2019Universit\u00e9 Julius Nyerere de Kankan (UJNK).<\/p>\n<p>D\u00e9c\u00e9d\u00e9 le dimanche 26 avril 2026 \u00e0 Conakry des suites d\u2019une maladie, alors qu\u2019il suivait un traitement, il a \u00e9t\u00e9 accompagn\u00e9 \u00e0 sa derni\u00e8re demeure apr\u00e8s un symposium d\u2019hommage organis\u00e9 par les autorit\u00e9s universitaires.<br \/>\nD\u00e8s les premi\u00e8res heures de la matin\u00e9e, parents, coll\u00e8gues, \u00e9tudiants et proches se sont rassembl\u00e9s \u00e0 la morgue de l\u2019h\u00f4pital r\u00e9gional de Kankan pour la lev\u00e9e du corps. Dans une atmosph\u00e8re empreinte de recueillement, la d\u00e9pouille a \u00e9t\u00e9 conduite en cort\u00e8ge jusqu\u2019au campus de l\u2019UJNK, o\u00f9 enseignants et \u00e9tudiants ont salu\u00e9 la m\u00e9moire d\u2019un homme d\u00e9crit comme engag\u00e9 et profond\u00e9ment attach\u00e9 \u00e0 la formation de la jeunesse.<\/p>\n<p>Au cours du symposium, plusieurs t\u00e9moignages ont retrac\u00e9 le parcours et l\u2019impact du d\u00e9funt au sein de l\u2019institution. Le recteur de l\u2019universit\u00e9, Moustapha Sangar\u00e9, a soulign\u00e9 la dimension p\u00e9dagogique et humaine de l\u2019enseignant disparu.<\/p>\n<p>\u00ab Alseny A\u00efssata Camara n\u2019\u00e9tait pas seulement un enseignant, il \u00e9tait un passeur de savoir et de m\u00e9moire. (\u2026) Aujourd\u2019hui, il s\u2019en va, mais laisse un h\u00e9ritage immense qui vit en chaque \u00e9tudiant qu\u2019il a form\u00e9 \u00bb, a-t-il d\u00e9clar\u00e9, \u00e9voquant un acteur cl\u00e9 du rayonnement du d\u00e9partement Documentation.<\/p>\n<p>Ses coll\u00e8gues ont \u00e9galement exprim\u00e9 leur \u00e9motion. L\u2019enseignant-chercheur Mory Kouyat\u00e9 a salu\u00e9 \u00ab un homme fort, un coll\u00e8gue exemplaire et un ami pr\u00e9cieux \u00bb, dont le souvenir, selon lui, restera \u00ab dans les pens\u00e9es, les pri\u00e8res et les c\u0153urs \u00bb.<\/p>\n<p>Du c\u00f4t\u00e9 des \u00e9tudiants, la disparition d\u2019Alseny A\u00efssata Camara est per\u00e7ue comme une perte majeure. Leur porte-parole, Mamadi Cond\u00e9, a rendu hommage \u00e0 \u00ab une r\u00e9f\u00e9rence et une lumi\u00e8re \u00bb dans leur parcours universitaire.<\/p>\n<p>\u00ab Il nous apprenait la discipline, la responsabilit\u00e9 et surtout l\u2019amour du travail bien fait. Aujourd\u2019hui, son absence se fait d\u00e9j\u00e0 sentir dans nos salles de classe \u00bb, a-t-il t\u00e9moign\u00e9.<\/p>\n<p>Au nom de la famille, Mamadouba Camara a exprim\u00e9 sa gratitude envers les autorit\u00e9s universitaires et administratives pour leur accompagnement durant la maladie du d\u00e9funt. Il a \u00e9galement rappel\u00e9 l\u2019attachement de ce dernier \u00e0 son travail :<br \/>\n\u00ab Notre fr\u00e8re est parti en laissant derri\u00e8re lui de petits enfants qui ne connaissaient presque que l\u2019universit\u00e9 de Kankan, tant il y consacrait son temps \u00bb, a-t-il indiqu\u00e9, tout en appelant au pardon au nom de la famille.<\/p>\n<p>\u00c2g\u00e9 de 42 ans, Alseny A\u00efssata Camara laisse derri\u00e8re lui une veuve et quatre enfants. Apr\u00e8s le symposium, la d\u00e9pouille a \u00e9t\u00e9 transport\u00e9e \u00e0 la grande mosqu\u00e9e de Kankan, avant son inhumation au cimeti\u00e8re de Senk\u00e8nfara, dans une atmosph\u00e8re marqu\u00e9e par les pri\u00e8res et une forte affluence.<\/p>\n<p><strong>Par Karifa Kansan Doumbouya, correspondant \u00e0 Kankan<\/strong><\/p>\n<p>L\u2019article <a href=\"https:\/\/mediaguinee.com\/2026\/04\/kankan-luniversite-julius-nyerere-rend-un-hommage-emouvant-a-alseny-aissata-big-camara\/\">Kankan : l\u2019Universit\u00e9 Julius Ny\u00e9r\u00e9r\u00e9 rend un hommage \u00e9mouvant \u00e0 Alseny A\u00efssata \u201cBig\u201d Camara<\/a> est apparu en premier sur <a href=\"https:\/\/mediaguinee.com\/\">Mediaguinee.com<\/a>.<\/p>\n<\/div>\n","protected":false},"excerpt":{"rendered":"<p>\u00c0 Kankan, l\u2019\u00e9motion \u00e9tait vive ce mercredi lors des obs\u00e8ques d\u2019Alseny A\u00efssata \u201cBig\u201d Camara, enseignant-chercheur et chef du d\u00e9partement Documentation \u00e0 l\u2019\u00c9cole sup\u00e9rieure des sciences de l\u2019information de l\u2019Universit\u00e9 Julius Nyerere de Kankan (UJNK). D\u00e9c\u00e9d\u00e9 le dimanche 26 avril 2026 \u00e0 Conakry des suites d\u2019une maladie, alors qu\u2019il suivait un traitement, il a \u00e9t\u00e9 accompagn\u00e9 &hellip;<\/p>\n","protected":false},"author":1,"featured_media":0,"comment_status":"closed","ping_status":"closed","sticky":false,"template":"","format":"standard","meta":{"footnotes":""},"categories":[2],"tags":[23],"_links":{"self":[{"href":"https:\/\/de.ambaguinee.org\/index.php?rest_route=\/wp\/v2\/posts\/120390"}],"collection":[{"href":"https:\/\/de.ambaguinee.org\/index.php?rest_route=\/wp\/v2\/posts"}],"about":[{"href":"https:\/\/de.ambaguinee.org\/index.php?rest_route=\/wp\/v2\/types\/post"}],"author":[{"embeddable":true,"href":"https:\/\/de.ambaguinee.org\/index.php?rest_route=\/wp\/v2\/users\/1"}],"replies":[{"embeddable":true,"href":"https:\/\/de.ambaguinee.org\/index.php?rest_route=%2Fwp%2Fv2%2Fcomments&post=120390"}],"version-history":[{"count":0,"href":"https:\/\/de.ambaguinee.org\/index.php?rest_route=\/wp\/v2\/posts\/120390\/revisions"}],"wp:attachment":[{"href":"https:\/\/de.ambaguinee.org\/index.php?rest_route=%2Fwp%2Fv2%2Fmedia&parent=120390"}],"wp:term":[{"taxonomy":"category","embeddable":true,"href":"https:\/\/de.ambaguinee.org\/index.php?rest_route=%2Fwp%2Fv2%2Fcategories&post=120390"},{"taxonomy":"post_tag","embeddable":true,"href":"https:\/\/de.ambaguinee.org\/index.php?rest_route=%2Fwp%2Fv2%2Ftags&post=120390"}],"curies":[{"name":"wp","href":"https:\/\/api.w.org\/{rel}","templated":true}]}}