{"id":120392,"date":"2026-04-28T23:01:54","date_gmt":"2026-04-28T21:01:54","guid":{"rendered":"https:\/\/de.ambaguinee.org\/?p=120392"},"modified":"2026-04-28T23:01:54","modified_gmt":"2026-04-28T21:01:54","slug":"mali-assimi-goita-un-violent-coup-darret-a-ete-donne-aux-assaillants-adresse-a-la-nation","status":"publish","type":"post","link":"https:\/\/de.ambaguinee.org\/?p=120392","title":{"rendered":"Mali \u2013 Assimi Goita : \u00ab\u00a0un violent coup d\u2019arr\u00eat a \u00e9t\u00e9 donn\u00e9 aux assaillants\u00a0\u00bb (adresse \u00e0 la Nation)"},"content":{"rendered":"<div>\n<div style=\"margin-bottom:20px;\"><img width=\"2290\" height=\"1320\"src=\"https:\/\/i0.wp.com\/mediaguinee.com\/wp-content\/uploads\/2026\/04\/IMG_1474.jpeg?w=2290&amp;ssl=1\" class=\"attachment-post-thumbnail size-post-thumbnail wp-post-image\" alt=\"\" decoding=\"async\" srcset=\"https:\/\/i0.wp.com\/mediaguinee.com\/wp-content\/uploads\/2026\/04\/IMG_1474.jpeg?w=2290&amp;ssl=1 2290w, https:\/\/i0.wp.com\/mediaguinee.com\/wp-content\/uploads\/2026\/04\/IMG_1474.jpeg?resize=300%2C173&amp;ssl=1 300w, https:\/\/i0.wp.com\/mediaguinee.com\/wp-content\/uploads\/2026\/04\/IMG_1474.jpeg?resize=1024%2C590&amp;ssl=1 1024w, https:\/\/i0.wp.com\/mediaguinee.com\/wp-content\/uploads\/2026\/04\/IMG_1474.jpeg?resize=768%2C443&amp;ssl=1 768w, https:\/\/i0.wp.com\/mediaguinee.com\/wp-content\/uploads\/2026\/04\/IMG_1474.jpeg?resize=1536%2C885&amp;ssl=1 1536w, https:\/\/i0.wp.com\/mediaguinee.com\/wp-content\/uploads\/2026\/04\/IMG_1474.jpeg?resize=2048%2C1181&amp;ssl=1 2048w\" sizes=\"(max-width: 2290px) 100vw, 2290px\" data-attachment-id=\"314346\" data-permalink=\"https:\/\/mediaguinee.com\/2026\/04\/mali-assimi-goita-un-violent-coup-darret-a-ete-donne-aux-assaillants-adresse-a-la-nation\/screenshot-223\/\" data-orig-file=\"https:\/\/i0.wp.com\/mediaguinee.com\/wp-content\/uploads\/2026\/04\/IMG_1474.jpeg?fit=2290%2C1320&amp;ssl=1\" data-orig-size=\"2290,1320\" data-comments-opened=\"1\" data-image-meta='{\"aperture\":\"0\",\"credit\":\"\",\"camera\":\"\",\"caption\":\"Screenshot\",\"created_timestamp\":\"1777409169\",\"copyright\":\"\",\"focal_length\":\"0\",\"iso\":\"0\",\"shutter_speed\":\"0\",\"title\":\"Screenshot\",\"orientation\":\"1\"}' data-image-title=\"Screenshot\" data-image-description=\"\" data-image-caption=\"&lt;p&gt;Screenshot&lt;\/p&gt;\n\" data-large-file=\"https:\/\/i0.wp.com\/mediaguinee.com\/wp-content\/uploads\/2026\/04\/IMG_1474.jpeg?fit=1024%2C590&amp;ssl=1\"><\/div>\n<p><iframe loading=\"lazy\" title=\"Mali : Adresse \u00e0 la Nation du pr\u00e9sident de la Transition, le g\u00e9n\u00e9ral Assimi Goita\" frameborder=\"0\" width=\"1170\" height=\"656\" src=\"https:\/\/geo.dailymotion.com\/player.html?video=xa7cx1y&amp;\" allowfullscreen allow=\"autoplay; fullscreen; picture-in-picture; web-share\"><\/iframe><\/p>\n<p>\u00a0<\/p>\n<p>Le chef de l\u2019\u00c9tat malien, le g\u00e9n\u00e9ral Assimi Go\u00efta, s\u2019est adress\u00e9 mardi \u00e0 la Nation, 72 heures apr\u00e8s les attaques terroristes qui ont vis\u00e9 six localit\u00e9s, dont Kati, pr\u00e8s de la capitale Bamako.<\/p>\n<p>Dans son discours diffus\u00e9 \u00e0 la t\u00e9l\u00e9vision nationale ORTM, le pr\u00e9sident de la Transition a salu\u00e9 le professionnalisme des forces arm\u00e9es et de s\u00e9curit\u00e9 maliennes.<\/p>\n<p>\u00ab Un violent coup d\u2019arr\u00eat a \u00e9t\u00e9 donn\u00e9 aux assaillants \u00bb, a-t-il d\u00e9clar\u00e9, mettant en avant la r\u00e9activit\u00e9 et l\u2019engagement des forces de d\u00e9fense face \u00e0 ces attaques des terroristes.<\/p>\n<p>Le chef de l\u2019\u00c9tat a \u00e9galement exprim\u00e9 sa compassion envers les victimes et leurs familles, tout en r\u00e9affirmant la d\u00e9termination des autorit\u00e9s \u00e0 poursuivre la lutte contre le terrorisme sur l\u2019ensemble du territoire national. Il a \u00e9galement rendu un vibrant hommage au g\u00e9n\u00e9ral Sadio Camara, ministre de la D\u00e9fense, tu\u00e9 lors des attaques avec des membres de sa famille. Adresse \u00e0 la Nation<imgsrc=\"\" alt=\"\u2935\" class=\"wp-smiley\" style=\"height: 1em; max-height: 1em;\"><\/p>\n<p>\u00a0<\/p>\n<p>\u00a0<\/p>\n<p>L\u2019article <a href=\"https:\/\/mediaguinee.com\/2026\/04\/mali-assimi-goita-un-violent-coup-darret-a-ete-donne-aux-assaillants-adresse-a-la-nation\/\">Mali \u2013 Assimi Goita : \u00ab\u00a0un violent coup d\u2019arr\u00eat a \u00e9t\u00e9 donn\u00e9 aux assaillants\u00a0\u00bb (adresse \u00e0 la Nation)<\/a> est apparu en premier sur <a href=\"https:\/\/mediaguinee.com\/\">Mediaguinee.com<\/a>.<\/p>\n<\/div>\n","protected":false},"excerpt":{"rendered":"<p>\u00a0 Le chef de l\u2019\u00c9tat malien, le g\u00e9n\u00e9ral Assimi Go\u00efta, s\u2019est adress\u00e9 mardi \u00e0 la Nation, 72 heures apr\u00e8s les attaques terroristes qui ont vis\u00e9 six localit\u00e9s, dont Kati, pr\u00e8s de la capitale Bamako. Dans son discours diffus\u00e9 \u00e0 la t\u00e9l\u00e9vision nationale ORTM, le pr\u00e9sident de la Transition a salu\u00e9 le professionnalisme des forces arm\u00e9es &hellip;<\/p>\n","protected":false},"author":1,"featured_media":0,"comment_status":"closed","ping_status":"closed","sticky":false,"template":"","format":"standard","meta":{"footnotes":""},"categories":[2],"tags":[23],"_links":{"self":[{"href":"https:\/\/de.ambaguinee.org\/index.php?rest_route=\/wp\/v2\/posts\/120392"}],"collection":[{"href":"https:\/\/de.ambaguinee.org\/index.php?rest_route=\/wp\/v2\/posts"}],"about":[{"href":"https:\/\/de.ambaguinee.org\/index.php?rest_route=\/wp\/v2\/types\/post"}],"author":[{"embeddable":true,"href":"https:\/\/de.ambaguinee.org\/index.php?rest_route=\/wp\/v2\/users\/1"}],"replies":[{"embeddable":true,"href":"https:\/\/de.ambaguinee.org\/index.php?rest_route=%2Fwp%2Fv2%2Fcomments&post=120392"}],"version-history":[{"count":0,"href":"https:\/\/de.ambaguinee.org\/index.php?rest_route=\/wp\/v2\/posts\/120392\/revisions"}],"wp:attachment":[{"href":"https:\/\/de.ambaguinee.org\/index.php?rest_route=%2Fwp%2Fv2%2Fmedia&parent=120392"}],"wp:term":[{"taxonomy":"category","embeddable":true,"href":"https:\/\/de.ambaguinee.org\/index.php?rest_route=%2Fwp%2Fv2%2Fcategories&post=120392"},{"taxonomy":"post_tag","embeddable":true,"href":"https:\/\/de.ambaguinee.org\/index.php?rest_route=%2Fwp%2Fv2%2Ftags&post=120392"}],"curies":[{"name":"wp","href":"https:\/\/api.w.org\/{rel}","templated":true}]}}