{"id":120514,"date":"2026-04-29T23:01:57","date_gmt":"2026-04-29T21:01:57","guid":{"rendered":"https:\/\/de.ambaguinee.org\/?p=120514"},"modified":"2026-04-29T23:01:57","modified_gmt":"2026-04-29T21:01:57","slug":"affaire-de-plus-de-222-milliards-gnf-a-la-crief-lex-ministre-damantang-albert-camara-plaide-non-coupable","status":"publish","type":"post","link":"https:\/\/de.ambaguinee.org\/?p=120514","title":{"rendered":"Affaire de plus de 222 milliards GNF \u00e0 la CRIEF : l\u2019ex-ministre Damantang Albert Camara plaide non coupable"},"content":{"rendered":"<div>\n<div style=\"margin-bottom:20px;\"><img width=\"900\" height=\"600\"src=\"https:\/\/i0.wp.com\/mediaguinee.com\/wp-content\/uploads\/2020\/04\/damantang.jpg?w=900&amp;ssl=1\" class=\"attachment-post-thumbnail size-post-thumbnail wp-post-image\" alt=\"\" decoding=\"async\" srcset=\"https:\/\/i0.wp.com\/mediaguinee.com\/wp-content\/uploads\/2020\/04\/damantang.jpg?w=900&amp;ssl=1 900w, https:\/\/i0.wp.com\/mediaguinee.com\/wp-content\/uploads\/2020\/04\/damantang.jpg?resize=300%2C200&amp;ssl=1 300w, https:\/\/i0.wp.com\/mediaguinee.com\/wp-content\/uploads\/2020\/04\/damantang.jpg?resize=768%2C512&amp;ssl=1 768w\" sizes=\"(max-width: 900px) 100vw, 900px\" data-attachment-id=\"116476\" data-permalink=\"https:\/\/mediaguinee.com\/2020\/04\/le-ministre-damantang-albert-camara-gueri-de-covid-19\/damantang-2\/\" data-orig-file=\"https:\/\/i0.wp.com\/mediaguinee.com\/wp-content\/uploads\/2020\/04\/damantang.jpg?fit=900%2C600&amp;ssl=1\" data-orig-size=\"900,600\" data-comments-opened=\"1\" data-image-meta='{\"aperture\":\"0\",\"credit\":\"\",\"camera\":\"\",\"caption\":\"\",\"created_timestamp\":\"0\",\"copyright\":\"\",\"focal_length\":\"0\",\"iso\":\"0\",\"shutter_speed\":\"0\",\"title\":\"\",\"orientation\":\"1\"}' data-image-title=\"damantang\" data-image-description=\"\" data-image-caption=\"\" data-large-file=\"https:\/\/i0.wp.com\/mediaguinee.com\/wp-content\/uploads\/2020\/04\/damantang.jpg?fit=900%2C600&amp;ssl=1\"><\/div>\n<p>Le proc\u00e8s opposant le parquet sp\u00e9cial \u00e0 l\u2019ex-ministre de l\u2019Enseignement technique, de la Formation professionnelle, de l\u2019Emploi et du Travail, \u00e9galement ancien ministre de la S\u00e9curit\u00e9 du r\u00e9gime d\u00e9chu, Damantang Albert Camara, s\u2019est ouvert ce mercredi 29 avril 2026 devant la chambre de jugement de la Cour de r\u00e9pression des infractions \u00e9conomiques et financi\u00e8res (CRIEF).<\/p>\n<p>L\u2019ancien porte-parole du r\u00e9gime Cond\u00e9 est poursuivi pour des faits pr\u00e9sum\u00e9s de d\u00e9tournement de deniers publics, corruption, blanchiment de capitaux et enrichissement illicite. Selon le proc\u00e8s-verbal d\u2019interrogatoire, il lui est reproch\u00e9 d\u2019avoir d\u00e9tourn\u00e9, entre 2011 et 2021, un montant de 222 milliards de francs guin\u00e9ens, ainsi que plus de 17 milliards 300 millions de francs guin\u00e9ens.<\/p>\n<p>Interrog\u00e9 \u00e0 la barre sur ces accusations, Damantang Albert Camara a d\u00e9clar\u00e9 : \u00ab Non, je ne reconnais pas les faits \u00bb.<\/p>\n<p>\u00c0 la demande de la d\u00e9fense, l\u2019affaire a \u00e9t\u00e9 renvoy\u00e9e au 6 mai prochain pour l\u2019ouverture des d\u00e9bats.<\/p>\n<p><strong>Elisa CAMARA<\/strong><\/p>\n<p>L\u2019article <a href=\"https:\/\/mediaguinee.com\/2026\/04\/affaire-de-plus-de-222-milliards-gnf-a-la-crief-lex-ministre-damantang-albert-camara-plaide-non-coupable\/\">Affaire de plus de 222 milliards GNF \u00e0 la CRIEF : l\u2019ex-ministre Damantang Albert Camara plaide non coupable<\/a> est apparu en premier sur <a href=\"https:\/\/mediaguinee.com\/\">Mediaguinee.com<\/a>.<\/p>\n<\/div>\n","protected":false},"excerpt":{"rendered":"<p>Le proc\u00e8s opposant le parquet sp\u00e9cial \u00e0 l\u2019ex-ministre de l\u2019Enseignement technique, de la Formation professionnelle, de l\u2019Emploi et du Travail, \u00e9galement ancien ministre de la S\u00e9curit\u00e9 du r\u00e9gime d\u00e9chu, Damantang Albert Camara, s\u2019est ouvert ce mercredi 29 avril 2026 devant la chambre de jugement de la Cour de r\u00e9pression des infractions \u00e9conomiques et financi\u00e8res (CRIEF). &hellip;<\/p>\n","protected":false},"author":1,"featured_media":0,"comment_status":"closed","ping_status":"closed","sticky":false,"template":"","format":"standard","meta":{"footnotes":""},"categories":[2],"tags":[23],"_links":{"self":[{"href":"https:\/\/de.ambaguinee.org\/index.php?rest_route=\/wp\/v2\/posts\/120514"}],"collection":[{"href":"https:\/\/de.ambaguinee.org\/index.php?rest_route=\/wp\/v2\/posts"}],"about":[{"href":"https:\/\/de.ambaguinee.org\/index.php?rest_route=\/wp\/v2\/types\/post"}],"author":[{"embeddable":true,"href":"https:\/\/de.ambaguinee.org\/index.php?rest_route=\/wp\/v2\/users\/1"}],"replies":[{"embeddable":true,"href":"https:\/\/de.ambaguinee.org\/index.php?rest_route=%2Fwp%2Fv2%2Fcomments&post=120514"}],"version-history":[{"count":0,"href":"https:\/\/de.ambaguinee.org\/index.php?rest_route=\/wp\/v2\/posts\/120514\/revisions"}],"wp:attachment":[{"href":"https:\/\/de.ambaguinee.org\/index.php?rest_route=%2Fwp%2Fv2%2Fmedia&parent=120514"}],"wp:term":[{"taxonomy":"category","embeddable":true,"href":"https:\/\/de.ambaguinee.org\/index.php?rest_route=%2Fwp%2Fv2%2Fcategories&post=120514"},{"taxonomy":"post_tag","embeddable":true,"href":"https:\/\/de.ambaguinee.org\/index.php?rest_route=%2Fwp%2Fv2%2Ftags&post=120514"}],"curies":[{"name":"wp","href":"https:\/\/api.w.org\/{rel}","templated":true}]}}