{"id":120516,"date":"2026-04-29T23:01:57","date_gmt":"2026-04-29T21:01:57","guid":{"rendered":"https:\/\/de.ambaguinee.org\/?p=120516"},"modified":"2026-04-29T23:01:57","modified_gmt":"2026-04-29T21:01:57","slug":"conakry-5-ponts-pour-un-cout-global-de-plus-de-65-millions-deuros-inaugures-par-le-premier-ministre-amadou-oury-bah","status":"publish","type":"post","link":"https:\/\/de.ambaguinee.org\/?p=120516","title":{"rendered":"Conakry : 5 ponts, pour un co\u00fbt global de plus de 65 millions d\u2019euros, inaugur\u00e9s par le Premier ministre Amadou Oury Bah"},"content":{"rendered":"<div>\n<div style=\"margin-bottom:20px;\"><img width=\"1440\" height=\"960\"src=\"https:\/\/i0.wp.com\/mediaguinee.com\/wp-content\/uploads\/2026\/04\/IMG_6027.jpeg?w=1440&amp;ssl=1\" class=\"attachment-post-thumbnail size-post-thumbnail wp-post-image\" alt=\"\" decoding=\"async\" srcset=\"https:\/\/i0.wp.com\/mediaguinee.com\/wp-content\/uploads\/2026\/04\/IMG_6027.jpeg?w=1440&amp;ssl=1 1440w, https:\/\/i0.wp.com\/mediaguinee.com\/wp-content\/uploads\/2026\/04\/IMG_6027.jpeg?resize=300%2C200&amp;ssl=1 300w, https:\/\/i0.wp.com\/mediaguinee.com\/wp-content\/uploads\/2026\/04\/IMG_6027.jpeg?resize=1024%2C683&amp;ssl=1 1024w, https:\/\/i0.wp.com\/mediaguinee.com\/wp-content\/uploads\/2026\/04\/IMG_6027.jpeg?resize=768%2C512&amp;ssl=1 768w\" sizes=\"(max-width: 1440px) 100vw, 1440px\" data-attachment-id=\"314393\" data-permalink=\"https:\/\/mediaguinee.com\/2026\/04\/conakry-5-ponts-pour-un-cout-global-de-plus-de-65-millions-deuros-inaugures-par-le-premier-ministre-amadou-oury-bah\/img_6027\/\" data-orig-file=\"https:\/\/i0.wp.com\/mediaguinee.com\/wp-content\/uploads\/2026\/04\/IMG_6027.jpeg?fit=1440%2C960&amp;ssl=1\" data-orig-size=\"1440,960\" data-comments-opened=\"1\" data-image-meta='{\"aperture\":\"0\",\"credit\":\"\",\"camera\":\"\",\"caption\":\"\",\"created_timestamp\":\"0\",\"copyright\":\"\",\"focal_length\":\"0\",\"iso\":\"0\",\"shutter_speed\":\"0\",\"title\":\"\",\"orientation\":\"1\"}' data-image-title=\"IMG_6027\" data-image-description=\"\" data-image-caption=\"\" data-large-file=\"https:\/\/i0.wp.com\/mediaguinee.com\/wp-content\/uploads\/2026\/04\/IMG_6027.jpeg?fit=1024%2C683&amp;ssl=1\"><\/div>\n<p><img data-recalc-dims=\"1\" decoding=\"async\" data-attachment-id=\"314394\" data-permalink=\"https:\/\/mediaguinee.com\/2026\/04\/conakry-5-ponts-pour-un-cout-global-de-plus-de-65-millions-deuros-inaugures-par-le-premier-ministre-amadou-oury-bah\/img_6029\/\" data-orig-file=\"https:\/\/i0.wp.com\/mediaguinee.com\/wp-content\/uploads\/2026\/04\/IMG_6029.jpeg?fit=1440%2C1320&amp;ssl=1\" data-orig-size=\"1440,1320\" data-comments-opened=\"1\" data-image-meta='{\"aperture\":\"0\",\"credit\":\"\",\"camera\":\"\",\"caption\":\"\",\"created_timestamp\":\"0\",\"copyright\":\"\",\"focal_length\":\"0\",\"iso\":\"0\",\"shutter_speed\":\"0\",\"title\":\"\",\"orientation\":\"1\"}' data-image-title=\"Pont Conakry\" data-image-description=\"\" data-image-caption=\"\" data-large-file=\"https:\/\/i0.wp.com\/mediaguinee.com\/wp-content\/uploads\/2026\/04\/IMG_6029.jpeg?fit=1024%2C939&amp;ssl=1\" class=\"alignnone wp-image-314394 size-full\"src=\"https:\/\/i0.wp.com\/mediaguinee.com\/wp-content\/uploads\/2026\/04\/IMG_6029.jpeg?w=1440&amp;ssl=1\" alt=\"\" width=\"1170\" height=\"1073\" srcset=\"https:\/\/i0.wp.com\/mediaguinee.com\/wp-content\/uploads\/2026\/04\/IMG_6029.jpeg?w=1440&amp;ssl=1 1440w, https:\/\/i0.wp.com\/mediaguinee.com\/wp-content\/uploads\/2026\/04\/IMG_6029.jpeg?resize=300%2C275&amp;ssl=1 300w, https:\/\/i0.wp.com\/mediaguinee.com\/wp-content\/uploads\/2026\/04\/IMG_6029.jpeg?resize=1024%2C939&amp;ssl=1 1024w, https:\/\/i0.wp.com\/mediaguinee.com\/wp-content\/uploads\/2026\/04\/IMG_6029.jpeg?resize=768%2C704&amp;ssl=1 768w\" sizes=\"(max-width: 1170px) 100vw, 1170px\"><\/p>\n<p style=\"font-weight: 400;\"><span data-originalfontsize=\"20pt\" data-originalcomputedfontsize=\"26.666666\">Le Premier ministre guin\u00e9en, Amadou Oury Bah, a proc\u00e9d\u00e9 ce mercredi 29 avril 2026 \u00e0 l\u2019inauguration de 5 ponts de franchissement situ\u00e9s \u00e0 Kakimbo, Demoudoula, Kiroty, Kissosso et Kassonya. Lanc\u00e9s en 2022, ces travaux repr\u00e9sentent un co\u00fbt global de 65 990 339 euros, financ\u00e9s \u00e0 parts \u00e9gales sous forme de pr\u00eat et de don par le Royaume des Pays-Bas. Ce montant se compose \u00e0 parts \u00e9gales, d\u2019un pr\u00eat de 50% et d\u2019un don de 50% octroy\u00e9 par le Royaume des Pays-Bas.\u00a0<\/span><\/p>\n<p style=\"font-weight: 400;\"><span data-originalfontsize=\"20pt\" data-originalcomputedfontsize=\"26.666666\">Ces infrastructures visent \u00e0 fluidifier la circulation, am\u00e9liorer la s\u00e9curit\u00e9 routi\u00e8re et dynamiser l\u2019activit\u00e9 \u00e9conomique dans plusieurs quartiers de Conakry.<\/span><\/p>\n<p style=\"font-weight: 400;\"><span data-originalfontsize=\"20pt\" data-originalcomputedfontsize=\"26.666666\">Dans son allocution de circonstance, Djely Mory Kourouma, secr\u00e9taire g\u00e9n\u00e9ral de la d\u00e9l\u00e9gation sp\u00e9ciale de Ratoma, a souhait\u00e9 la bienvenue au chef du Gouvernement ainsi qu\u2019aux partenaires techniques et financiers. S\u2019exprimant au nom des populations b\u00e9n\u00e9ficiaires, il a insist\u00e9 sur la responsabilit\u00e9 collective de pr\u00e9server ces infrastructures, d\u2019en faire un usage appropri\u00e9 et d\u2019en garantir la p\u00e9rennit\u00e9 pour les g\u00e9n\u00e9rations futures.<\/span><\/p>\n<p><img data-recalc-dims=\"1\" decoding=\"async\" data-attachment-id=\"314397\" data-permalink=\"https:\/\/mediaguinee.com\/2026\/04\/conakry-5-ponts-pour-un-cout-global-de-plus-de-65-millions-deuros-inaugures-par-le-premier-ministre-amadou-oury-bah\/img_6033\/\" data-orig-file=\"https:\/\/i0.wp.com\/mediaguinee.com\/wp-content\/uploads\/2026\/04\/IMG_6033.jpeg?fit=1440%2C1020&amp;ssl=1\" data-orig-size=\"1440,1020\" data-comments-opened=\"1\" data-image-meta='{\"aperture\":\"0\",\"credit\":\"\",\"camera\":\"\",\"caption\":\"\",\"created_timestamp\":\"0\",\"copyright\":\"\",\"focal_length\":\"0\",\"iso\":\"0\",\"shutter_speed\":\"0\",\"title\":\"\",\"orientation\":\"1\"}' data-image-title=\"Facinet Sylla\" data-image-description=\"\" data-image-caption=\"\" data-large-file=\"https:\/\/i0.wp.com\/mediaguinee.com\/wp-content\/uploads\/2026\/04\/IMG_6033.jpeg?fit=1024%2C725&amp;ssl=1\" class=\"alignnone wp-image-314397 size-full\"src=\"https:\/\/i0.wp.com\/mediaguinee.com\/wp-content\/uploads\/2026\/04\/IMG_6033.jpeg?w=1440&amp;ssl=1\" alt=\"\" width=\"1170\" height=\"829\" srcset=\"https:\/\/i0.wp.com\/mediaguinee.com\/wp-content\/uploads\/2026\/04\/IMG_6033.jpeg?w=1440&amp;ssl=1 1440w, https:\/\/i0.wp.com\/mediaguinee.com\/wp-content\/uploads\/2026\/04\/IMG_6033.jpeg?resize=300%2C213&amp;ssl=1 300w, https:\/\/i0.wp.com\/mediaguinee.com\/wp-content\/uploads\/2026\/04\/IMG_6033.jpeg?resize=1024%2C725&amp;ssl=1 1024w, https:\/\/i0.wp.com\/mediaguinee.com\/wp-content\/uploads\/2026\/04\/IMG_6033.jpeg?resize=768%2C544&amp;ssl=1 768w\" sizes=\"(max-width: 1170px) 100vw, 1170px\"><\/p>\n<p style=\"font-weight: 400;\"><span data-originalfontsize=\"20pt\" data-originalcomputedfontsize=\"26.666666\">Le ministre des Infrastructures, Facinet Sylla, a soulign\u00e9 l\u2019importance strat\u00e9gique de ces r\u00e9alisations. \u00ab Ces infrastructures constituent des r\u00e9ponses concr\u00e8tes \u00e0 des d\u00e9fis majeurs: d\u00e9senclaver les quartiers, r\u00e9duire les embouteillages, renforcer la s\u00e9curit\u00e9 routi\u00e8re et soutenir l\u2019activit\u00e9 \u00e9conomique. Elles d\u00e9montrent que lorsque la vision est claire et l\u2019engagement collectif, les r\u00e9sultats sont au rendez-vous \u00bb, a-t-il d\u00e9clar\u00e9.<\/span><\/p>\n<p><img data-recalc-dims=\"1\" decoding=\"async\" data-attachment-id=\"314396\" data-permalink=\"https:\/\/mediaguinee.com\/2026\/04\/conakry-5-ponts-pour-un-cout-global-de-plus-de-65-millions-deuros-inaugures-par-le-premier-ministre-amadou-oury-bah\/img_6032\/\" data-orig-file=\"https:\/\/i0.wp.com\/mediaguinee.com\/wp-content\/uploads\/2026\/04\/IMG_6032.jpeg?fit=1440%2C992&amp;ssl=1\" data-orig-size=\"1440,992\" data-comments-opened=\"1\" data-image-meta='{\"aperture\":\"0\",\"credit\":\"\",\"camera\":\"\",\"caption\":\"\",\"created_timestamp\":\"0\",\"copyright\":\"\",\"focal_length\":\"0\",\"iso\":\"0\",\"shutter_speed\":\"0\",\"title\":\"\",\"orientation\":\"1\"}' data-image-title=\"IMG_6032\" data-image-description=\"\" data-image-caption=\"\" data-large-file=\"https:\/\/i0.wp.com\/mediaguinee.com\/wp-content\/uploads\/2026\/04\/IMG_6032.jpeg?fit=1024%2C705&amp;ssl=1\" class=\"alignnone wp-image-314396 size-full\"src=\"https:\/\/i0.wp.com\/mediaguinee.com\/wp-content\/uploads\/2026\/04\/IMG_6032.jpeg?w=1440&amp;ssl=1\" alt=\"\" width=\"1170\" height=\"806\" srcset=\"https:\/\/i0.wp.com\/mediaguinee.com\/wp-content\/uploads\/2026\/04\/IMG_6032.jpeg?w=1440&amp;ssl=1 1440w, https:\/\/i0.wp.com\/mediaguinee.com\/wp-content\/uploads\/2026\/04\/IMG_6032.jpeg?resize=300%2C207&amp;ssl=1 300w, https:\/\/i0.wp.com\/mediaguinee.com\/wp-content\/uploads\/2026\/04\/IMG_6032.jpeg?resize=1024%2C705&amp;ssl=1 1024w, https:\/\/i0.wp.com\/mediaguinee.com\/wp-content\/uploads\/2026\/04\/IMG_6032.jpeg?resize=768%2C529&amp;ssl=1 768w\" sizes=\"(max-width: 1170px) 100vw, 1170px\"><\/p>\n<p style=\"font-weight: 400;\"><span data-originalfontsize=\"20pt\" data-originalcomputedfontsize=\"26.666666\">Pr\u00e9sente \u00e0 la c\u00e9r\u00e9monie, l\u2019ambassadrice du Royaume des Pays-Bas, \u00a0Mme Carmen Brigitta Hagenaars, a r\u00e9affirm\u00e9 l\u2019engagement de son pays \u00e0 accompagner la Guin\u00e9e dans ses efforts de d\u00e9veloppement. Elle a mis en avant les retomb\u00e9es concr\u00e8tes de ces infrastructures: am\u00e9lioration des conditions de vie, r\u00e9duction des co\u00fbts de transport et facilitation de la mobilit\u00e9.<\/span><\/p>\n<p style=\"font-weight: 400;\"><span data-originalfontsize=\"20pt\" data-originalcomputedfontsize=\"26.666666\">\u00ab Ces ponts permettront de r\u00e9duire les temps de trajet, de s\u00e9curiser les d\u00e9placements et de faciliter l\u2019acc\u00e8s aux services essentiels tels que les \u00e9coles, les h\u00f4pitaux et les march\u00e9s. Leur impact sur la vie quotidienne des populations sera consid\u00e9rable \u00bb, a-t-elle soulign\u00e9.<\/span><\/p>\n<p style=\"font-weight: 400;\"><img data-recalc-dims=\"1\" decoding=\"async\" data-attachment-id=\"314395\" data-permalink=\"https:\/\/mediaguinee.com\/2026\/04\/conakry-5-ponts-pour-un-cout-global-de-plus-de-65-millions-deuros-inaugures-par-le-premier-ministre-amadou-oury-bah\/img_6028\/\" data-orig-file=\"https:\/\/i0.wp.com\/mediaguinee.com\/wp-content\/uploads\/2026\/04\/IMG_6028.jpeg?fit=1440%2C960&amp;ssl=1\" data-orig-size=\"1440,960\" data-comments-opened=\"1\" data-image-meta='{\"aperture\":\"0\",\"credit\":\"\",\"camera\":\"\",\"caption\":\"\",\"created_timestamp\":\"0\",\"copyright\":\"\",\"focal_length\":\"0\",\"iso\":\"0\",\"shutter_speed\":\"0\",\"title\":\"\",\"orientation\":\"1\"}' data-image-title=\"Bah Oury PM\" data-image-description=\"\" data-image-caption=\"\" data-large-file=\"https:\/\/i0.wp.com\/mediaguinee.com\/wp-content\/uploads\/2026\/04\/IMG_6028.jpeg?fit=1024%2C683&amp;ssl=1\" class=\"alignnone wp-image-314395 size-full\"src=\"https:\/\/i0.wp.com\/mediaguinee.com\/wp-content\/uploads\/2026\/04\/IMG_6028.jpeg?w=1440&amp;ssl=1\" alt=\"\" width=\"1170\" height=\"780\" srcset=\"https:\/\/i0.wp.com\/mediaguinee.com\/wp-content\/uploads\/2026\/04\/IMG_6028.jpeg?w=1440&amp;ssl=1 1440w, https:\/\/i0.wp.com\/mediaguinee.com\/wp-content\/uploads\/2026\/04\/IMG_6028.jpeg?resize=300%2C200&amp;ssl=1 300w, https:\/\/i0.wp.com\/mediaguinee.com\/wp-content\/uploads\/2026\/04\/IMG_6028.jpeg?resize=1024%2C683&amp;ssl=1 1024w, https:\/\/i0.wp.com\/mediaguinee.com\/wp-content\/uploads\/2026\/04\/IMG_6028.jpeg?resize=768%2C512&amp;ssl=1 768w\" sizes=\"(max-width: 1170px) 100vw, 1170px\"><\/p>\n<p style=\"font-weight: 400;\"><span data-originalfontsize=\"20pt\" data-originalcomputedfontsize=\"26.666666\">Cl\u00f4turant la c\u00e9r\u00e9monie, le Premier ministre Amadou Oury Bah a insist\u00e9 sur la port\u00e9e sociale de ces ouvrages. \u00ab Ces 5 ponts transforment la vie, et je suis s\u00fbr, c\u2019est cela que la population de Conakry reconna\u00eet. Je pense, et je souhaite que les futurs candidats pour les \u00e9lections communales prochaines sachent que leur mission fondamentale, c\u2019est de ne pas venir dire \u00ab bon, c\u2019est ce prestige qui me manquait \u00bb. Mais c\u2019est de retrousser les manches, travailler pour les populations. Envisager des politiques qui nous permettent d\u2019am\u00e9liorer le cadre de vie, de rendre nos villes attractives, de rendre nos villes propres, de rendre nos villes plus s\u00e9cures. C\u2019est cela, la mission essentielle des responsables des collectivit\u00e9s locales. Le gouvernement veillera \u00e0 ce que cette mission puisse \u00eatre remplie. C\u2019est fondamental \u00bb, a-t-il affirm\u00e9.<\/span><\/p>\n<p style=\"font-weight: 400;\"><strong><span data-originalfontsize=\"20pt\" data-originalcomputedfontsize=\"26.666666\">Mamadou Yaya Barry\u00a0<\/span><\/strong><\/p>\n<p style=\"font-weight: 400;\">\n<p>L\u2019article <a href=\"https:\/\/mediaguinee.com\/2026\/04\/conakry-5-ponts-pour-un-cout-global-de-plus-de-65-millions-deuros-inaugures-par-le-premier-ministre-amadou-oury-bah\/\">Conakry : 5 ponts, pour un co\u00fbt global de plus de 65 millions d\u2019euros, inaugur\u00e9s par le Premier ministre Amadou Oury Bah<\/a> est apparu en premier sur <a href=\"https:\/\/mediaguinee.com\/\">Mediaguinee.com<\/a>.<\/p>\n<\/div>\n","protected":false},"excerpt":{"rendered":"<p>Le Premier ministre guin\u00e9en, Amadou Oury Bah, a proc\u00e9d\u00e9 ce mercredi 29 avril 2026 \u00e0 l\u2019inauguration de 5 ponts de franchissement situ\u00e9s \u00e0 Kakimbo, Demoudoula, Kiroty, Kissosso et Kassonya. Lanc\u00e9s en 2022, ces travaux repr\u00e9sentent un co\u00fbt global de 65 990 339 euros, financ\u00e9s \u00e0 parts \u00e9gales sous forme de pr\u00eat et de don par &hellip;<\/p>\n","protected":false},"author":1,"featured_media":0,"comment_status":"closed","ping_status":"closed","sticky":false,"template":"","format":"standard","meta":{"footnotes":""},"categories":[2],"tags":[23],"_links":{"self":[{"href":"https:\/\/de.ambaguinee.org\/index.php?rest_route=\/wp\/v2\/posts\/120516"}],"collection":[{"href":"https:\/\/de.ambaguinee.org\/index.php?rest_route=\/wp\/v2\/posts"}],"about":[{"href":"https:\/\/de.ambaguinee.org\/index.php?rest_route=\/wp\/v2\/types\/post"}],"author":[{"embeddable":true,"href":"https:\/\/de.ambaguinee.org\/index.php?rest_route=\/wp\/v2\/users\/1"}],"replies":[{"embeddable":true,"href":"https:\/\/de.ambaguinee.org\/index.php?rest_route=%2Fwp%2Fv2%2Fcomments&post=120516"}],"version-history":[{"count":0,"href":"https:\/\/de.ambaguinee.org\/index.php?rest_route=\/wp\/v2\/posts\/120516\/revisions"}],"wp:attachment":[{"href":"https:\/\/de.ambaguinee.org\/index.php?rest_route=%2Fwp%2Fv2%2Fmedia&parent=120516"}],"wp:term":[{"taxonomy":"category","embeddable":true,"href":"https:\/\/de.ambaguinee.org\/index.php?rest_route=%2Fwp%2Fv2%2Fcategories&post=120516"},{"taxonomy":"post_tag","embeddable":true,"href":"https:\/\/de.ambaguinee.org\/index.php?rest_route=%2Fwp%2Fv2%2Ftags&post=120516"}],"curies":[{"name":"wp","href":"https:\/\/api.w.org\/{rel}","templated":true}]}}