{"id":120518,"date":"2026-04-29T23:01:59","date_gmt":"2026-04-29T21:01:59","guid":{"rendered":"https:\/\/de.ambaguinee.org\/?p=120518"},"modified":"2026-04-29T23:01:59","modified_gmt":"2026-04-29T21:01:59","slug":"reamenagement-du-calendrier-scolaire-quel-impact-sur-les-candidats","status":"publish","type":"post","link":"https:\/\/de.ambaguinee.org\/?p=120518","title":{"rendered":"R\u00e9am\u00e9nagement du calendrier scolaire : quel impact sur les candidats ?"},"content":{"rendered":"<div>\n<div style=\"margin-bottom:20px;\"><img width=\"828\" height=\"470\"src=\"https:\/\/i0.wp.com\/www.guinee7.com\/wp-content\/uploads\/2026\/04\/IMG-20260429-WA0026.jpg?w=828&amp;ssl=1\" class=\"attachment-post-thumbnail size-post-thumbnail wp-post-image\" alt=\"\" decoding=\"async\" loading=\"lazy\" srcset=\"https:\/\/i0.wp.com\/www.guinee7.com\/wp-content\/uploads\/2026\/04\/IMG-20260429-WA0026.jpg?w=828&amp;ssl=1 828w, https:\/\/i0.wp.com\/www.guinee7.com\/wp-content\/uploads\/2026\/04\/IMG-20260429-WA0026.jpg?resize=300%2C170&amp;ssl=1 300w, https:\/\/i0.wp.com\/www.guinee7.com\/wp-content\/uploads\/2026\/04\/IMG-20260429-WA0026.jpg?resize=768%2C436&amp;ssl=1 768w\" sizes=\"auto, (max-width: 828px) 100vw, 828px\"><\/div>\n<p><span style=\"font-size: 20px;\">Le Minist\u00e8re de l\u2019\u00c9ducation nationale, de l\u2019Alphab\u00e9tisation, de l\u2019Enseignement technique et de la Formation professionnelle a proc\u00e9d\u00e9 \u00e0 un second r\u00e9am\u00e9nagement du calendrier scolaire, apr\u00e8s celui effectu\u00e9 en janvier 2026 \u00e0 la suite des cong\u00e9s \u00e9largis.<\/span><\/p>\n<p><span style=\"font-size: 20px;\">Selon le nouveau chronogramme, les cours prendront fin le 30 mai pour les classes du pr\u00e9scolaire, du primaire et du secondaire. Les compositions de fin d\u2019ann\u00e9e sont pr\u00e9vues du 2 au 13 juin, avant le d\u00e9marrage des examens nationaux programm\u00e9s du 18 juin au 3 juillet 2026.<\/span><\/p>\n<p><span style=\"font-size: 20px;\">Pour mesurer l\u2019impact de ce nouveau r\u00e9ajustement, nous nous sommes rendus ce Mercredi matin dans un \u00e9tablissement priv\u00e9 \u00e0 Ansoumania village situ\u00e9 dans la commune de Kagbelen.<\/span><\/p>\n<p><img data-recalc-dims=\"1\" loading=\"lazy\" decoding=\"async\" class=\"alignnone wp-image-129087 size-full\"src=\"https:\/\/i0.wp.com\/www.guinee7.com\/wp-content\/uploads\/2026\/04\/IMG-20260429-WA0027.jpg?w=828&amp;ssl=1\" alt=\"\" width=\"828\" height=\"459\" srcset=\"https:\/\/i0.wp.com\/www.guinee7.com\/wp-content\/uploads\/2026\/04\/IMG-20260429-WA0027.jpg?w=828&amp;ssl=1 828w, https:\/\/i0.wp.com\/www.guinee7.com\/wp-content\/uploads\/2026\/04\/IMG-20260429-WA0027.jpg?resize=300%2C166&amp;ssl=1 300w, https:\/\/i0.wp.com\/www.guinee7.com\/wp-content\/uploads\/2026\/04\/IMG-20260429-WA0027.jpg?resize=768%2C426&amp;ssl=1 768w\" sizes=\"auto, (max-width: 828px) 100vw, 828px\"><\/p>\n<p><span style=\"font-size: 20px;\">Dans cette \u00e9cole, le directeur relativise la port\u00e9e de la mesure.<\/span><br \/><span style=\"font-size: 20px;\">\u00ab Ce n\u2019est qu\u2019une petite mo<\/span><span style=\"font-size: 20px;\">dification par rapport au r\u00e9am\u00e9nagement effectu\u00e9 en janvier. Ce qui me soulage surtout, c\u2019est que nous aurons l\u2019occasion de boucler les programmes \u00e0 100 %, apr\u00e8s la gr\u00e8ve des enseignants observ\u00e9e en d\u00e9cembre \u00bb, explique Mamadou Ch\u00e9rif Sall.<\/span><\/p>\n<p><img data-recalc-dims=\"1\" loading=\"lazy\" decoding=\"async\" class=\"alignnone wp-image-129088 size-full\"src=\"https:\/\/i0.wp.com\/www.guinee7.com\/wp-content\/uploads\/2026\/04\/IMG-20260429-WA0028.jpg?w=828&amp;ssl=1\" alt=\"\" width=\"828\" height=\"456\" srcset=\"https:\/\/i0.wp.com\/www.guinee7.com\/wp-content\/uploads\/2026\/04\/IMG-20260429-WA0028.jpg?w=828&amp;ssl=1 828w, https:\/\/i0.wp.com\/www.guinee7.com\/wp-content\/uploads\/2026\/04\/IMG-20260429-WA0028.jpg?resize=300%2C165&amp;ssl=1 300w, https:\/\/i0.wp.com\/www.guinee7.com\/wp-content\/uploads\/2026\/04\/IMG-20260429-WA0028.jpg?resize=768%2C423&amp;ssl=1 768w\" sizes=\"auto, (max-width: 828px) 100vw, 828px\"><\/p>\n<p><span style=\"font-size: 20px;\">Dans la classe de CM2, l\u2019enseignant Mamadou Saliou Barry se montre aussi confiant quant au niveau de pr\u00e9paration de ses \u00e9l\u00e8ves, quelle que soit la date des examens.<\/span><\/p>\n<p><span style=\"font-size: 20px;\">\u00ab Nous avons mis en place un syst\u00e8me de rattrapage qui nous a permis de compenser les perturbations survenues \u00e0 la fin du premier trimestre. Gr\u00e2ce \u00e0 cela, nous sommes m\u00eame en avance. Les programmes sont presque boucl\u00e9s et nous allons d\u00e9sormais nous concentrer sur les r\u00e9visions afin de mieux pr\u00e9parer les candidats \u00bb, affirme-t-il.<\/span><\/p>\n<p><span style=\"font-size: 20px;\">Ainsi, malgr\u00e9 ce nouveau r\u00e9am\u00e9nagement du calendrier scolaire, enseignants et encadreurs se veulent rassurants. Sur le terrain, l\u2019accent est d\u00e9sormais mis sur les r\u00e9visions afin de permettre aux candidats d\u2019aborder les examens nationaux dans les meilleures conditions.<\/span><\/p>\n<p><strong><span style=\"font-size: 20px;\">Alh Cheick pour Guin\u00e9e7.com<\/span><\/strong><!--\/data\/user\/0\/com.samsung.android.app.notes\/files\/clipdata\/clipdata_bodytext_260429_155606_729.sdocx--><\/p>\n<p>L\u2019article <a href=\"https:\/\/www.guinee7.com\/2026\/04\/29\/reamenagement-du-calendrier-scolaire-quel-impact-sur-les-candidats\/\">R\u00e9am\u00e9nagement du calendrier scolaire : quel impact sur les candidats ?<\/a> est apparu en premier sur <a href=\"https:\/\/www.guinee7.com\/\">Guinee7.com<\/a>.<\/p>\n<\/div>\n","protected":false},"excerpt":{"rendered":"<p>Le Minist\u00e8re de l\u2019\u00c9ducation nationale, de l\u2019Alphab\u00e9tisation, de l\u2019Enseignement technique et de la Formation professionnelle a proc\u00e9d\u00e9 \u00e0 un second r\u00e9am\u00e9nagement du calendrier scolaire, apr\u00e8s celui effectu\u00e9 en janvier 2026 \u00e0 la suite des cong\u00e9s \u00e9largis. Selon le nouveau chronogramme, les cours prendront fin le 30 mai pour les classes du pr\u00e9scolaire, du primaire et &hellip;<\/p>\n","protected":false},"author":1,"featured_media":0,"comment_status":"closed","ping_status":"closed","sticky":false,"template":"","format":"standard","meta":{"footnotes":""},"categories":[2],"tags":[22],"_links":{"self":[{"href":"https:\/\/de.ambaguinee.org\/index.php?rest_route=\/wp\/v2\/posts\/120518"}],"collection":[{"href":"https:\/\/de.ambaguinee.org\/index.php?rest_route=\/wp\/v2\/posts"}],"about":[{"href":"https:\/\/de.ambaguinee.org\/index.php?rest_route=\/wp\/v2\/types\/post"}],"author":[{"embeddable":true,"href":"https:\/\/de.ambaguinee.org\/index.php?rest_route=\/wp\/v2\/users\/1"}],"replies":[{"embeddable":true,"href":"https:\/\/de.ambaguinee.org\/index.php?rest_route=%2Fwp%2Fv2%2Fcomments&post=120518"}],"version-history":[{"count":0,"href":"https:\/\/de.ambaguinee.org\/index.php?rest_route=\/wp\/v2\/posts\/120518\/revisions"}],"wp:attachment":[{"href":"https:\/\/de.ambaguinee.org\/index.php?rest_route=%2Fwp%2Fv2%2Fmedia&parent=120518"}],"wp:term":[{"taxonomy":"category","embeddable":true,"href":"https:\/\/de.ambaguinee.org\/index.php?rest_route=%2Fwp%2Fv2%2Fcategories&post=120518"},{"taxonomy":"post_tag","embeddable":true,"href":"https:\/\/de.ambaguinee.org\/index.php?rest_route=%2Fwp%2Fv2%2Ftags&post=120518"}],"curies":[{"name":"wp","href":"https:\/\/api.w.org\/{rel}","templated":true}]}}