{"id":120519,"date":"2026-04-29T23:01:59","date_gmt":"2026-04-29T21:01:59","guid":{"rendered":"https:\/\/de.ambaguinee.org\/?p=120519"},"modified":"2026-04-29T23:01:59","modified_gmt":"2026-04-29T21:01:59","slug":"crief-le-dossier-de-badra-kone-oriente-en-information-judiciaire","status":"publish","type":"post","link":"https:\/\/de.ambaguinee.org\/?p=120519","title":{"rendered":"CRIEF : le dossier de Badra Kon\u00e9 orient\u00e9 en information judiciaire"},"content":{"rendered":"<div>\n<div style=\"margin-bottom:20px;\"><img width=\"1000\" height=\"1000\"src=\"https:\/\/i0.wp.com\/www.guinee7.com\/wp-content\/uploads\/2026\/04\/FB_IMG_1771419761904-1.jpg?w=1000&amp;ssl=1\" class=\"attachment-post-thumbnail size-post-thumbnail wp-post-image\" alt=\"\" decoding=\"async\" loading=\"lazy\" srcset=\"https:\/\/i0.wp.com\/www.guinee7.com\/wp-content\/uploads\/2026\/04\/FB_IMG_1771419761904-1.jpg?w=1000&amp;ssl=1 1000w, https:\/\/i0.wp.com\/www.guinee7.com\/wp-content\/uploads\/2026\/04\/FB_IMG_1771419761904-1.jpg?resize=300%2C300&amp;ssl=1 300w, https:\/\/i0.wp.com\/www.guinee7.com\/wp-content\/uploads\/2026\/04\/FB_IMG_1771419761904-1.jpg?resize=150%2C150&amp;ssl=1 150w, https:\/\/i0.wp.com\/www.guinee7.com\/wp-content\/uploads\/2026\/04\/FB_IMG_1771419761904-1.jpg?resize=768%2C768&amp;ssl=1 768w\" sizes=\"auto, (max-width: 1000px) 100vw, 1000px\"><\/div>\n<p>L\u2019audience dans le dossier de Badra Aliou Cheichana Kon\u00e9, ancien pr\u00e9sident de la d\u00e9l\u00e9gation sp\u00e9ciale de Matam et Cie, se poursuit \u00e0 la Cour de r\u00e9pression des infractions \u00e9conomiques et financi\u00e8res (CRIEF).<\/p>\n<p>Apr\u00e8s l\u2019identification des 10 accus\u00e9s, la Cour a annonc\u00e9 qu\u2019elle se prononcera sur les exceptions soulev\u00e9es, mais en attendant, elle souhaite entendre Badra Aliou Cheichana Kon\u00e9.<\/p>\n<p>\u00c0 la barre, ce dernier est revenu sur son passage \u00e0 la mairie de Matam. Selon lui, il a pass\u00e9 23 mois \u00e0 la t\u00eate de la commune. Chaque mois, il recevait 11 millions GNF comme traitement, et non comme salaire, pr\u00e9cisant que les pr\u00e9sidents n\u2019ont pas de salaire.<\/p>\n<p>\u00ab M\u00eame en tant que pr\u00e9sident de la d\u00e9l\u00e9gation, lorsque je suis en Europe, j\u2019en profite pour acheter deux ou trois v\u00e9hicules afin de les revendre et en tirer des b\u00e9n\u00e9fices \u00bb, a-t-il d\u00e9clar\u00e9. Il pr\u00e9cise \u00eatre dans le monde des affaires et affirme qu\u2019il peut gagner jusqu\u2019\u00e0 300 millions par an.<\/p>\n<p>Selon lui, durant son passage \u00e0 la t\u00eate de la mairie de Matam, aucune subvention n\u2019a \u00e9t\u00e9 re\u00e7ue. Toutefois, il pr\u00e9cise que la commune a b\u00e9n\u00e9fici\u00e9 du financement de quelques projets.<\/p>\n<p>\u00c0 la barre, il a \u00e9galement indiqu\u00e9 que la mairie avait d\u00e9cid\u00e9 d\u2019acheter un camion pour la commune. Dans cette optique, ils ont trouv\u00e9 un Allemand qui leur a c\u00e9d\u00e9 le camion \u00e0 cr\u00e9dit. Son prix est de 30 000 euros, soit environ 300 millions de francs guin\u00e9ens. Il devait payer un montant tous les trois mois. \u00ab Avant que je ne quitte, j\u2019avais sign\u00e9 un paiement de 150 millions de francs guin\u00e9ens, je crois \u00bb, a-t-il pr\u00e9cis\u00e9.<\/p>\n<p>Selon lui, avant sa nomination, il \u00e9tait actionnaire de la soci\u00e9t\u00e9 B&amp;B BTP SARL \u00e0 hauteur de 50 %. Mais apr\u00e8s avoir \u00e9t\u00e9 nomm\u00e9 membre du conseil d\u2019administration de l\u2019ANAFIC, il a revendu ses parts, jugeant cela incompatible avec ses nouvelles fonctions.<\/p>\n<p>\u00ab Une partie de la mairie de Matam \u00e9tait une zone criminog\u00e8ne \u00bb, a-t-il d\u00e9clar\u00e9. Il pr\u00e9cise que deux personnes y avaient trouv\u00e9 la mort par le pass\u00e9. L\u2019endroit \u00e9tait devenu des chambres de passe.<\/p>\n<p>C\u2019est ainsi que la d\u00e9l\u00e9gation sp\u00e9ciale a d\u00e9cid\u00e9 de r\u00e9cup\u00e9rer cet espace et de le mettre en bail. La mairie a obtenu 18 bureaux, et le bailleur a am\u00e9nag\u00e9 le reste en entrep\u00f4t.<\/p>\n<p>Sur ses biens personnels, Badra Kon\u00e9 affirme poss\u00e9der neuf parcelles \u00e0 Coyah, achet\u00e9es en 2011, ainsi que deux v\u00e9hicules. Il dispose de deux comptes bancaires : sur le compte domicili\u00e9 \u00e0 la Banque UBA, il d\u00e9clare 120 millions GNF, et sur le compte BSIC, 1 500 000 GNF.<\/p>\n<p>Apr\u00e8s une pause, la Cour s\u2019est prononc\u00e9e sur les exceptions soulev\u00e9es par les diff\u00e9rentes parties. Dans sa d\u00e9cision, elle les a rejet\u00e9es et a renvoy\u00e9 le dossier au parquet sp\u00e9cial afin d\u2019ouvrir une information judiciaire.<\/p>\n<p>Ainsi, le dossier, initialement trait\u00e9 en flagrant d\u00e9lit, est d\u00e9sormais orient\u00e9 en information judiciaire.<\/p>\n<p><strong>Bhoye Barry pour guinee7.com<\/strong><\/p>\n<p>L\u2019article <a href=\"https:\/\/www.guinee7.com\/2026\/04\/29\/badra-kone-instruction-charles-wright-crief\/\">CRIEF : le dossier de Badra Kon\u00e9 orient\u00e9 en information judiciaire<\/a> est apparu en premier sur <a href=\"https:\/\/www.guinee7.com\/\">Guinee7.com<\/a>.<\/p>\n<\/div>\n","protected":false},"excerpt":{"rendered":"<p>L\u2019audience dans le dossier de Badra Aliou Cheichana Kon\u00e9, ancien pr\u00e9sident de la d\u00e9l\u00e9gation sp\u00e9ciale de Matam et Cie, se poursuit \u00e0 la Cour de r\u00e9pression des infractions \u00e9conomiques et financi\u00e8res (CRIEF). Apr\u00e8s l\u2019identification des 10 accus\u00e9s, la Cour a annonc\u00e9 qu\u2019elle se prononcera sur les exceptions soulev\u00e9es, mais en attendant, elle souhaite entendre Badra &hellip;<\/p>\n","protected":false},"author":1,"featured_media":0,"comment_status":"closed","ping_status":"closed","sticky":false,"template":"","format":"standard","meta":{"footnotes":""},"categories":[2],"tags":[22],"_links":{"self":[{"href":"https:\/\/de.ambaguinee.org\/index.php?rest_route=\/wp\/v2\/posts\/120519"}],"collection":[{"href":"https:\/\/de.ambaguinee.org\/index.php?rest_route=\/wp\/v2\/posts"}],"about":[{"href":"https:\/\/de.ambaguinee.org\/index.php?rest_route=\/wp\/v2\/types\/post"}],"author":[{"embeddable":true,"href":"https:\/\/de.ambaguinee.org\/index.php?rest_route=\/wp\/v2\/users\/1"}],"replies":[{"embeddable":true,"href":"https:\/\/de.ambaguinee.org\/index.php?rest_route=%2Fwp%2Fv2%2Fcomments&post=120519"}],"version-history":[{"count":0,"href":"https:\/\/de.ambaguinee.org\/index.php?rest_route=\/wp\/v2\/posts\/120519\/revisions"}],"wp:attachment":[{"href":"https:\/\/de.ambaguinee.org\/index.php?rest_route=%2Fwp%2Fv2%2Fmedia&parent=120519"}],"wp:term":[{"taxonomy":"category","embeddable":true,"href":"https:\/\/de.ambaguinee.org\/index.php?rest_route=%2Fwp%2Fv2%2Fcategories&post=120519"},{"taxonomy":"post_tag","embeddable":true,"href":"https:\/\/de.ambaguinee.org\/index.php?rest_route=%2Fwp%2Fv2%2Ftags&post=120519"}],"curies":[{"name":"wp","href":"https:\/\/api.w.org\/{rel}","templated":true}]}}