{"id":120520,"date":"2026-04-29T23:01:59","date_gmt":"2026-04-29T21:01:59","guid":{"rendered":"https:\/\/de.ambaguinee.org\/?p=120520"},"modified":"2026-04-29T23:01:59","modified_gmt":"2026-04-29T21:01:59","slug":"minifootball-ranking-mondial-championnat-can-2027-le-sg-de-la-federation-dit-tout","status":"publish","type":"post","link":"https:\/\/de.ambaguinee.org\/?p=120520","title":{"rendered":"Minifootball : ranking mondial, championnat, CAN 2027, le SG de la F\u00e9d\u00e9ration dit tout"},"content":{"rendered":"<div>\n<div style=\"margin-bottom:20px;\"><img width=\"1280\" height=\"586\"src=\"https:\/\/i0.wp.com\/www.guinee7.com\/wp-content\/uploads\/2026\/04\/IMG-20260429-WA0126.jpg?w=1280&amp;ssl=1\" class=\"attachment-post-thumbnail size-post-thumbnail wp-post-image\" alt=\"\" decoding=\"async\" loading=\"lazy\" srcset=\"https:\/\/i0.wp.com\/www.guinee7.com\/wp-content\/uploads\/2026\/04\/IMG-20260429-WA0126.jpg?w=1280&amp;ssl=1 1280w, https:\/\/i0.wp.com\/www.guinee7.com\/wp-content\/uploads\/2026\/04\/IMG-20260429-WA0126.jpg?resize=300%2C137&amp;ssl=1 300w, https:\/\/i0.wp.com\/www.guinee7.com\/wp-content\/uploads\/2026\/04\/IMG-20260429-WA0126.jpg?resize=1024%2C469&amp;ssl=1 1024w, https:\/\/i0.wp.com\/www.guinee7.com\/wp-content\/uploads\/2026\/04\/IMG-20260429-WA0126.jpg?resize=768%2C352&amp;ssl=1 768w\" sizes=\"auto, (max-width: 1280px) 100vw, 1280px\"><\/div>\n<p>24 heures apr\u00e8s la publication du classement mondial 2026 de la World Minifootball Federation, qui place la Guin\u00e9e \u00e0 la 25e position mondiale et 5e en Afrique, Andr\u00e9 Young Haba, secr\u00e9taire g\u00e9n\u00e9ral de la F\u00e9d\u00e9ration guin\u00e9enne de minifootball, fait le point. Dans cet entretien exclusif, il revient sur cette progression, les d\u00e9fis \u00e0 relever, les comp\u00e9titions \u00e0 venir ainsi que les pr\u00e9paratifs de la CAN 2027 pr\u00e9vue en Guin\u00e9e, dont le tirage aura lieu le 9 juin prochain.<\/p>\n<p><strong>Dans son dernier classement, la World Minifootball Federation a d\u00e9voil\u00e9 son classement mondial 2026. Quelle est votre r\u00e9action ?<\/strong><\/p>\n<p>Aujourd\u2019hui, j\u2019ai un sentiment de joie et de fiert\u00e9. La Guin\u00e9e est class\u00e9e 25e nation de minifootball dans le monde, ce qui fait d\u2019elle la cinqui\u00e8me nation sur le continent africain. Pour une nation qui ne pratique le minifootball que depuis deux ans, franchement, nous sommes heureux et satisfaits.<\/p>\n<p>C\u2019est aussi un moment important pour moi de tirer mon chapeau au pr\u00e9sident de la F\u00e9d\u00e9ration guin\u00e9enne de minifootball, en l\u2019occurrence M. Mamadou Koudoussi Diallo, qui a d\u2019abord \u0153uvr\u00e9 dans l\u2019ombre pour permettre \u00e0 la Guin\u00e9e d\u2019obtenir ses documents sur le plan local, avant de r\u00e9ussir \u00e0 tirer son \u00e9pingle du jeu sur le plan international.<\/p>\n<p>Aujourd\u2019hui, voir la Guin\u00e9e \u00e0 ce niveau nous r\u00e9conforte dans le travail que nous sommes en train de faire. Cela prouve que nous sommes sur le bon chemin. J\u2019invite donc toutes les personnes qui croient que le minifootball peut \u00e9voluer \u00e0 nous rejoindre, afin que nous puissions, ensemble, porter cette discipline.<\/p>\n<p><strong>Quelles sont les comp\u00e9titions \u00e0 venir pour le minifootball ?<\/strong><\/p>\n<p>Parlant des prochaines \u00e9ch\u00e9ances, la Guin\u00e9e doit participer, en septembre, \u00e0 la Coupe d\u2019Afrique f\u00e9minine, qui se tiendra au Cameroun. Elle prendra \u00e9galement part \u00e0 la Coupe du monde f\u00e9minine en Croatie, ainsi qu\u2019\u00e0 la Coupe du monde U23 f\u00e9minine, \u00e9galement en Croatie.<\/p>\n<p>Ce sont des activit\u00e9s confirm\u00e9es. Toutefois, il faut noter qu\u2019en avril, la Guin\u00e9e devait participer \u00e0 la Coupe arabe \u00e0 Duba\u00ef. Mais en raison de la crise au Moyen-Orient, nous avons \u00e9t\u00e9 contraints de reporter cette participation.<\/p>\n<p>Pour le moment, ces trois activit\u00e9s sont pr\u00e9vues jusqu\u2019en d\u00e9cembre. En janvier, nous encha\u00eenerons directement avec la Coupe d\u2019Afrique.<\/p>\n<p><strong>O\u00f9 en est l\u2019organisation de la Coupe d\u2019Afrique 2027 ?<\/strong><\/p>\n<p>En pr\u00e9lude \u00e0 la Coupe d\u2019Afrique 2027, le tirage au sort est pr\u00e9vu le 9 juin 2026 en Guin\u00e9e. Pour ceux qui ne le savent pas, la Guin\u00e9e organisera la CAN de minifootball en janvier 2027 avec 24 nations.<\/p>\n<p>Comme vous avez pu le constater lors de la derni\u00e8re assembl\u00e9e, nous avons visit\u00e9 les sites devant abriter la comp\u00e9tition. Plusieurs activit\u00e9s ont d\u00e9j\u00e0 \u00e9t\u00e9 r\u00e9alis\u00e9es et d\u2019autres sont en cours. Au moment opportun, nous ferons une communication d\u00e9taill\u00e9e sur l\u2019ensemble de ces points.<\/p>\n<p><strong>Qu\u2019en est-il du championnat national ?<\/strong><\/p>\n<p>De nombreux clubs sont d\u00e9j\u00e0 affili\u00e9s au championnat. Cependant, nous ne pouvons pas lancer le championnat sans passer par un tournoi pr\u00e9alable. Nous travaillons actuellement sur cet aspect.<\/p>\n<p>Dans les semaines \u00e0 venir, nous allons communiquer pour informer les \u00e9quipes qui seront retenues pour participer au tournoi de d\u00e9tection en vue du championnat.<\/p>\n<p><strong>Un dernier mot ?<\/strong><\/p>\n<p>Je tiens \u00e0 saluer tout un chacun, notamment les membres de la F\u00e9d\u00e9ration guin\u00e9enne de minifootball, les encadreurs et les joueurs, sans qui nous ne serions pas l\u00e0 aujourd\u2019hui. Je salue \u00e9galement les nombreux supporters qui croient en cette discipline.<\/p>\n<p>J\u2019esp\u00e8re qu\u2019ensemble, nous pourrons hisser la Guin\u00e9e vers le sommet et, pourquoi pas, viser la premi\u00e8re place en Afrique.<\/p>\n<p>\u2014 Merci pour votre disponibilit\u00e9<\/p>\n<p>\u2014 C\u2019est \u00e0 moi de vous remercier<\/p>\n<p><strong>Entretien r\u00e9alis\u00e9 par Thierno Abdoul Barry pour Guinee7.com<\/strong><\/p>\n<p>L\u2019article <a href=\"https:\/\/www.guinee7.com\/2026\/04\/29\/minifootball-ranking-mondial-championnat-andre-young-haba-secretaire-general\/\">Minifootball : ranking mondial, championnat, CAN 2027, le SG de la F\u00e9d\u00e9ration dit tout<\/a> est apparu en premier sur <a href=\"https:\/\/www.guinee7.com\/\">Guinee7.com<\/a>.<\/p>\n<\/div>\n","protected":false},"excerpt":{"rendered":"<p>24 heures apr\u00e8s la publication du classement mondial 2026 de la World Minifootball Federation, qui place la Guin\u00e9e \u00e0 la 25e position mondiale et 5e en Afrique, Andr\u00e9 Young Haba, secr\u00e9taire g\u00e9n\u00e9ral de la F\u00e9d\u00e9ration guin\u00e9enne de minifootball, fait le point. Dans cet entretien exclusif, il revient sur cette progression, les d\u00e9fis \u00e0 relever, les &hellip;<\/p>\n","protected":false},"author":1,"featured_media":0,"comment_status":"closed","ping_status":"closed","sticky":false,"template":"","format":"standard","meta":{"footnotes":""},"categories":[2],"tags":[22],"_links":{"self":[{"href":"https:\/\/de.ambaguinee.org\/index.php?rest_route=\/wp\/v2\/posts\/120520"}],"collection":[{"href":"https:\/\/de.ambaguinee.org\/index.php?rest_route=\/wp\/v2\/posts"}],"about":[{"href":"https:\/\/de.ambaguinee.org\/index.php?rest_route=\/wp\/v2\/types\/post"}],"author":[{"embeddable":true,"href":"https:\/\/de.ambaguinee.org\/index.php?rest_route=\/wp\/v2\/users\/1"}],"replies":[{"embeddable":true,"href":"https:\/\/de.ambaguinee.org\/index.php?rest_route=%2Fwp%2Fv2%2Fcomments&post=120520"}],"version-history":[{"count":0,"href":"https:\/\/de.ambaguinee.org\/index.php?rest_route=\/wp\/v2\/posts\/120520\/revisions"}],"wp:attachment":[{"href":"https:\/\/de.ambaguinee.org\/index.php?rest_route=%2Fwp%2Fv2%2Fmedia&parent=120520"}],"wp:term":[{"taxonomy":"category","embeddable":true,"href":"https:\/\/de.ambaguinee.org\/index.php?rest_route=%2Fwp%2Fv2%2Fcategories&post=120520"},{"taxonomy":"post_tag","embeddable":true,"href":"https:\/\/de.ambaguinee.org\/index.php?rest_route=%2Fwp%2Fv2%2Ftags&post=120520"}],"curies":[{"name":"wp","href":"https:\/\/api.w.org\/{rel}","templated":true}]}}