{"id":120521,"date":"2026-04-29T23:02:00","date_gmt":"2026-04-29T21:02:00","guid":{"rendered":"https:\/\/de.ambaguinee.org\/?p=120521"},"modified":"2026-04-29T23:02:00","modified_gmt":"2026-04-29T21:02:00","slug":"guinee-un-projet-de-carte-scolaire-pour-mieux-organiser-leducation","status":"publish","type":"post","link":"https:\/\/de.ambaguinee.org\/?p=120521","title":{"rendered":"Guin\u00e9e : un projet de carte scolaire pour mieux organiser l\u2019\u00e9ducation"},"content":{"rendered":"<div>\n<div style=\"margin-bottom:20px;\"><img width=\"1280\" height=\"853\"src=\"https:\/\/i0.wp.com\/www.guinee7.com\/wp-content\/uploads\/2026\/04\/IMG-20260429-WA0129.jpg?w=1280&amp;ssl=1\" class=\"attachment-post-thumbnail size-post-thumbnail wp-post-image\" alt=\"\" decoding=\"async\" loading=\"lazy\" srcset=\"https:\/\/i0.wp.com\/www.guinee7.com\/wp-content\/uploads\/2026\/04\/IMG-20260429-WA0129.jpg?w=1280&amp;ssl=1 1280w, https:\/\/i0.wp.com\/www.guinee7.com\/wp-content\/uploads\/2026\/04\/IMG-20260429-WA0129.jpg?resize=300%2C200&amp;ssl=1 300w, https:\/\/i0.wp.com\/www.guinee7.com\/wp-content\/uploads\/2026\/04\/IMG-20260429-WA0129.jpg?resize=1024%2C682&amp;ssl=1 1024w, https:\/\/i0.wp.com\/www.guinee7.com\/wp-content\/uploads\/2026\/04\/IMG-20260429-WA0129.jpg?resize=768%2C512&amp;ssl=1 768w\" sizes=\"auto, (max-width: 1280px) 100vw, 1280px\"><\/div>\n<p>Le gouvernement guin\u00e9en a proc\u00e9d\u00e9, ce mercredi 29 avril 2026, au lancement du processus d\u2019\u00e9laboration de la carte scolaire de la R\u00e9publique de Guin\u00e9e. Ce programme, lanc\u00e9 par le Premier ministre Amadou Oury Bah, est pilot\u00e9 par le minist\u00e8re de l\u2019\u00c9ducation nationale, de l\u2019Alphab\u00e9tisation, de l\u2019Enseignement technique et de la Formation professionnelle, avec l\u2019appui technique du minist\u00e8re du Plan et de l\u2019Institut national de la statistique (INS).<\/p>\n<p>L\u2019objectif strat\u00e9gique de ce programme est de doter la R\u00e9publique de Guin\u00e9e d\u2019une carte scolaire nationale int\u00e9gr\u00e9e, fiable et dynamique, \u00e9labor\u00e9e selon une approche d\u2019apprentissage-action, afin de renforcer durablement les capacit\u00e9s de pilotage du syst\u00e8me \u00e9ducatif.<\/p>\n<p><img data-recalc-dims=\"1\" loading=\"lazy\" decoding=\"async\" class=\"aligncenter size-full wp-image-129101\"src=\"https:\/\/i0.wp.com\/www.guinee7.com\/wp-content\/uploads\/2026\/04\/IMG-20260429-WA0133.jpg?w=1280&amp;ssl=1\" alt=\"\" width=\"1170\" height=\"780\" srcset=\"https:\/\/i0.wp.com\/www.guinee7.com\/wp-content\/uploads\/2026\/04\/IMG-20260429-WA0133.jpg?w=1280&amp;ssl=1 1280w, https:\/\/i0.wp.com\/www.guinee7.com\/wp-content\/uploads\/2026\/04\/IMG-20260429-WA0133.jpg?resize=300%2C200&amp;ssl=1 300w, https:\/\/i0.wp.com\/www.guinee7.com\/wp-content\/uploads\/2026\/04\/IMG-20260429-WA0133.jpg?resize=1024%2C682&amp;ssl=1 1024w, https:\/\/i0.wp.com\/www.guinee7.com\/wp-content\/uploads\/2026\/04\/IMG-20260429-WA0133.jpg?resize=768%2C512&amp;ssl=1 768w\" sizes=\"auto, (max-width: 1170px) 100vw, 1170px\"><\/p>\n<p>Selon le d\u00e9partement, la carte scolaire s\u2019impose comme un outil structurant de transformation du syst\u00e8me \u00e9ducatif. Elle permettra d\u2019optimiser la r\u00e9partition des ressources humaines et mat\u00e9rielles, de r\u00e9guler les flux scolaires, d\u2019am\u00e9liorer les conditions d\u2019apprentissage, d\u2019orienter les investissements publics en mati\u00e8re d\u2019infrastructures, ainsi que d\u2019identifier et de corriger les disparit\u00e9s territoriales.<\/p>\n<p><img data-recalc-dims=\"1\" loading=\"lazy\" decoding=\"async\" class=\"aligncenter size-full wp-image-129102\"src=\"https:\/\/i0.wp.com\/www.guinee7.com\/wp-content\/uploads\/2026\/04\/IMG-20260429-WA0130.jpg?w=2048&amp;ssl=1\" alt=\"\" width=\"1170\" height=\"780\" srcset=\"https:\/\/i0.wp.com\/www.guinee7.com\/wp-content\/uploads\/2026\/04\/IMG-20260429-WA0130.jpg?w=2048&amp;ssl=1 2048w, https:\/\/i0.wp.com\/www.guinee7.com\/wp-content\/uploads\/2026\/04\/IMG-20260429-WA0130.jpg?resize=300%2C200&amp;ssl=1 300w, https:\/\/i0.wp.com\/www.guinee7.com\/wp-content\/uploads\/2026\/04\/IMG-20260429-WA0130.jpg?resize=1024%2C683&amp;ssl=1 1024w, https:\/\/i0.wp.com\/www.guinee7.com\/wp-content\/uploads\/2026\/04\/IMG-20260429-WA0130.jpg?resize=768%2C512&amp;ssl=1 768w, https:\/\/i0.wp.com\/www.guinee7.com\/wp-content\/uploads\/2026\/04\/IMG-20260429-WA0130.jpg?resize=1536%2C1025&amp;ssl=1 1536w\" sizes=\"auto, (max-width: 1170px) 100vw, 1170px\"><\/p>\n<p>\u00ab Ce que nous lan\u00e7ons aujourd\u2019hui d\u00e9passe de loin un simple exercice de cartographie. Il s\u2019agit d\u2019un outil strat\u00e9gique de planification. Il s\u2019agit d\u2019un instrument d\u2019aide \u00e0 la d\u00e9cision. Il s\u2019agit d\u2019un levier fondamental de transformation du syst\u00e8me \u00e9ducatif \u00bb, a d\u00e9clar\u00e9 le ministre de l\u2019\u00c9ducation nationale, de l\u2019Alphab\u00e9tisation, de l\u2019Enseignement technique et de la Formation professionnelle, Alpha Bacar Barry.<\/p>\n<p>Dans son intervention, ce dernier a soulign\u00e9 que la Guin\u00e9e fait face \u00e0 d\u2019importantes difficult\u00e9s. \u00ab En effet, aucune nation ne peut r\u00e9ussir sa transformation \u00e9conomique et sociale sans un syst\u00e8me \u00e9ducatif inclusif, solide, \u00e9quitable et performant. Ces derni\u00e8res ann\u00e9es, notre pays a r\u00e9alis\u00e9 des progr\u00e8s importants, notamment dans l\u2019extension de l\u2019acc\u00e8s \u00e0 l\u2019\u00e9ducation. Cependant, nous sommes confront\u00e9s \u00e0 des d\u00e9fis majeurs : l\u2019augmentation rapide de la population et les disparit\u00e9s territoriales en mati\u00e8re d\u2019acc\u00e8s \u00e0 l\u2019\u00e9ducation \u00bb, a-t-il expliqu\u00e9.<\/p>\n<p>Selon lui, \u00ab cet outil permet de pr\u00e9server les \u00e9quipements, de mieux r\u00e9partir les effectifs et, surtout, de planifier la construction des infrastructures. C\u2019est en cela que la carte scolaire constitue un instrument strat\u00e9gique de planification et de pilotage. Il est indispensable de disposer de donn\u00e9es fiables pour orienter nos d\u00e9cisions. C\u2019est tout le sens du processus que nous lan\u00e7ons aujourd\u2019hui. Elle vise \u00e9galement \u00e0 am\u00e9liorer et \u00e0 rendre \u00e9quitable l\u2019acc\u00e8s \u00e0 l\u2019\u00e9ducation pour tous les enfants, en particulier les filles dans les zones rurales \u00bb.<\/p>\n<p><img data-recalc-dims=\"1\" loading=\"lazy\" decoding=\"async\" class=\"aligncenter size-full wp-image-129103\"src=\"https:\/\/i0.wp.com\/www.guinee7.com\/wp-content\/uploads\/2026\/04\/IMG-20260429-WA0131.jpg?w=1280&amp;ssl=1\" alt=\"\" width=\"1170\" height=\"780\" srcset=\"https:\/\/i0.wp.com\/www.guinee7.com\/wp-content\/uploads\/2026\/04\/IMG-20260429-WA0131.jpg?w=1280&amp;ssl=1 1280w, https:\/\/i0.wp.com\/www.guinee7.com\/wp-content\/uploads\/2026\/04\/IMG-20260429-WA0131.jpg?resize=300%2C200&amp;ssl=1 300w, https:\/\/i0.wp.com\/www.guinee7.com\/wp-content\/uploads\/2026\/04\/IMG-20260429-WA0131.jpg?resize=1024%2C682&amp;ssl=1 1024w, https:\/\/i0.wp.com\/www.guinee7.com\/wp-content\/uploads\/2026\/04\/IMG-20260429-WA0131.jpg?resize=768%2C512&amp;ssl=1 768w\" sizes=\"auto, (max-width: 1170px) 100vw, 1170px\"><\/p>\n<p>Dans son discours d\u2019ouverture, le Premier ministre a f\u00e9licit\u00e9 Alpha Bacar Barry et son \u00e9quipe pour le travail accompli dans un d\u00e9lai record. \u00ab Je salue cette convergence, cette mutualisation et cette synergie qui nous permettent de gagner du temps, de l\u2019\u00e9nergie et de faire des \u00e9conomies. Neuf mois gagn\u00e9s, c\u2019est pratiquement une ann\u00e9e budg\u00e9taire \u00e9conomis\u00e9e. C\u2019est tr\u00e8s important. F\u00e9licitations et continuez dans ce sens, au nom du pr\u00e9sident de la R\u00e9publique, qui attache une grande importance \u00e0 tout ce qui touche au d\u00e9veloppement du capital humain. Il ne peut que vous remercier et saluer votre dynamisme et votre proactivit\u00e9 \u00bb, a-t-il martel\u00e9.<\/p>\n<p><img data-recalc-dims=\"1\" loading=\"lazy\" decoding=\"async\" class=\"aligncenter size-full wp-image-129104\"src=\"https:\/\/i0.wp.com\/www.guinee7.com\/wp-content\/uploads\/2026\/04\/IMG-20260429-WA0132.jpg?w=2048&amp;ssl=1\" alt=\"\" width=\"1170\" height=\"780\" srcset=\"https:\/\/i0.wp.com\/www.guinee7.com\/wp-content\/uploads\/2026\/04\/IMG-20260429-WA0132.jpg?w=2048&amp;ssl=1 2048w, https:\/\/i0.wp.com\/www.guinee7.com\/wp-content\/uploads\/2026\/04\/IMG-20260429-WA0132.jpg?resize=300%2C200&amp;ssl=1 300w, https:\/\/i0.wp.com\/www.guinee7.com\/wp-content\/uploads\/2026\/04\/IMG-20260429-WA0132.jpg?resize=1024%2C683&amp;ssl=1 1024w, https:\/\/i0.wp.com\/www.guinee7.com\/wp-content\/uploads\/2026\/04\/IMG-20260429-WA0132.jpg?resize=768%2C512&amp;ssl=1 768w, https:\/\/i0.wp.com\/www.guinee7.com\/wp-content\/uploads\/2026\/04\/IMG-20260429-WA0132.jpg?resize=1536%2C1025&amp;ssl=1 1536w\" sizes=\"auto, (max-width: 1170px) 100vw, 1170px\"><\/p>\n<p><strong>Bhoye Barry pour guinee7.com<\/strong><\/p>\n<p>L\u2019article <a href=\"https:\/\/www.guinee7.com\/2026\/04\/29\/alpha-bacar-barry-amadou-oury-bah-enseignement-technique-carte-scolaire-republique-de-guinee\/\">Guin\u00e9e : un projet de carte scolaire pour mieux organiser l\u2019\u00e9ducation<\/a> est apparu en premier sur <a href=\"https:\/\/www.guinee7.com\/\">Guinee7.com<\/a>.<\/p>\n<\/div>\n","protected":false},"excerpt":{"rendered":"<p>Le gouvernement guin\u00e9en a proc\u00e9d\u00e9, ce mercredi 29 avril 2026, au lancement du processus d\u2019\u00e9laboration de la carte scolaire de la R\u00e9publique de Guin\u00e9e. Ce programme, lanc\u00e9 par le Premier ministre Amadou Oury Bah, est pilot\u00e9 par le minist\u00e8re de l\u2019\u00c9ducation nationale, de l\u2019Alphab\u00e9tisation, de l\u2019Enseignement technique et de la Formation professionnelle, avec l\u2019appui technique &hellip;<\/p>\n","protected":false},"author":1,"featured_media":0,"comment_status":"closed","ping_status":"closed","sticky":false,"template":"","format":"standard","meta":{"footnotes":""},"categories":[2],"tags":[22],"_links":{"self":[{"href":"https:\/\/de.ambaguinee.org\/index.php?rest_route=\/wp\/v2\/posts\/120521"}],"collection":[{"href":"https:\/\/de.ambaguinee.org\/index.php?rest_route=\/wp\/v2\/posts"}],"about":[{"href":"https:\/\/de.ambaguinee.org\/index.php?rest_route=\/wp\/v2\/types\/post"}],"author":[{"embeddable":true,"href":"https:\/\/de.ambaguinee.org\/index.php?rest_route=\/wp\/v2\/users\/1"}],"replies":[{"embeddable":true,"href":"https:\/\/de.ambaguinee.org\/index.php?rest_route=%2Fwp%2Fv2%2Fcomments&post=120521"}],"version-history":[{"count":0,"href":"https:\/\/de.ambaguinee.org\/index.php?rest_route=\/wp\/v2\/posts\/120521\/revisions"}],"wp:attachment":[{"href":"https:\/\/de.ambaguinee.org\/index.php?rest_route=%2Fwp%2Fv2%2Fmedia&parent=120521"}],"wp:term":[{"taxonomy":"category","embeddable":true,"href":"https:\/\/de.ambaguinee.org\/index.php?rest_route=%2Fwp%2Fv2%2Fcategories&post=120521"},{"taxonomy":"post_tag","embeddable":true,"href":"https:\/\/de.ambaguinee.org\/index.php?rest_route=%2Fwp%2Fv2%2Ftags&post=120521"}],"curies":[{"name":"wp","href":"https:\/\/api.w.org\/{rel}","templated":true}]}}