{"id":120654,"date":"2026-04-30T23:02:09","date_gmt":"2026-04-30T21:02:09","guid":{"rendered":"https:\/\/de.ambaguinee.org\/?p=120654"},"modified":"2026-04-30T23:02:09","modified_gmt":"2026-04-30T21:02:09","slug":"hac-levee-des-suspensions-visant-plusieurs-medias-et-journalistes","status":"publish","type":"post","link":"https:\/\/de.ambaguinee.org\/?p=120654","title":{"rendered":"HAC : lev\u00e9e des suspensions visant plusieurs m\u00e9dias et journalistes"},"content":{"rendered":"<div>\n<div style=\"margin-bottom:20px;\"><img width=\"960\" height=\"805\"src=\"https:\/\/i0.wp.com\/mediaguinee.com\/wp-content\/uploads\/2023\/06\/Yacine.jpg?w=960&amp;ssl=1\" class=\"attachment-post-thumbnail size-post-thumbnail wp-post-image\" alt=\"\" decoding=\"async\" srcset=\"https:\/\/i0.wp.com\/mediaguinee.com\/wp-content\/uploads\/2023\/06\/Yacine.jpg?w=960&amp;ssl=1 960w, https:\/\/i0.wp.com\/mediaguinee.com\/wp-content\/uploads\/2023\/06\/Yacine.jpg?resize=300%2C252&amp;ssl=1 300w, https:\/\/i0.wp.com\/mediaguinee.com\/wp-content\/uploads\/2023\/06\/Yacine.jpg?resize=768%2C644&amp;ssl=1 768w\" sizes=\"(max-width: 960px) 100vw, 960px\" data-attachment-id=\"2738\" data-permalink=\"https:\/\/mediaguinee.com\/2026\/01\/guinee-la-hac-lance-a-partir-du-1er-fevrier-une-operation-de-recensement-des-medias\/yacine-2-2\/\" data-orig-file=\"https:\/\/i0.wp.com\/mediaguinee.com\/wp-content\/uploads\/2023\/06\/Yacine.jpg?fit=960%2C805&amp;ssl=1\" data-orig-size=\"960,805\" data-comments-opened=\"1\" data-image-meta='{\"aperture\":\"0\",\"credit\":\"\",\"camera\":\"\",\"caption\":\"\",\"created_timestamp\":\"0\",\"copyright\":\"\",\"focal_length\":\"0\",\"iso\":\"0\",\"shutter_speed\":\"0\",\"title\":\"\",\"orientation\":\"0\"}' data-image-title=\"Yacine\" data-image-description=\"\" data-image-caption=\"\" data-large-file=\"https:\/\/i0.wp.com\/mediaguinee.com\/wp-content\/uploads\/2023\/06\/Yacine.jpg?fit=960%2C805&amp;ssl=1\"><\/div>\n<p>La Haute Autorit\u00e9 de la Communication (HAC), dirig\u00e9e par Boubacar Yacine Diallo, a annonc\u00e9 ce jeudi 30 avril la lev\u00e9e de plusieurs mesures de suspension touchant des m\u00e9dias et des professionnels de l\u2019information.<\/p>\n<p>Dans un communiqu\u00e9 dont copie a \u00e9t\u00e9 transmise \u00e0 Mediaguinee, l\u2019institution indique avoir d\u00e9cid\u00e9 de lever :<\/p>\n<ul>\n<li>la suspension de l\u2019\u00e9mission \u00ab Guin\u00e9e Today \u00bb diffus\u00e9e sur la cha\u00eene T\u00e9l\u00e9 24 ;<\/li>\n<li>la suspension de la cha\u00eene priv\u00e9e KABACK TV ;<\/li>\n<li>la suspension de la cha\u00eene panafricaine AFRICA 24, d\u00e9sormais r\u00e9int\u00e9gr\u00e9e dans le bouquet Canal+ Guin\u00e9e ;<\/li>\n<li>ainsi que les sanctions visant les journalistes Andr\u00e9 Gaston Morel, Aboubacar Diallo et S\u00e9kou Bah.<\/li>\n<\/ul>\n<p>L\u2019organe de r\u00e9gulation des m\u00e9dias pr\u00e9cise que cette d\u00e9cision fait suite \u00e0 \u00ab l\u2019examen favorable des recours gracieux \u00bb introduits par les concern\u00e9s, \u00e0 \u00ab l\u2019appr\u00e9ciation des engagements pris \u00bb et s\u2019inscrit \u00e9galement dans le contexte de la double c\u00e9l\u00e9bration de la F\u00eate internationale des travailleurs et de la Journ\u00e9e mondiale de la libert\u00e9 de la presse.<\/p>\n<div class=\"wep-preview\"><iframe loading=\"lazy\" src=\"\/\/docs.google.com\/viewer?url=https%3A%2F%2Fmediaguinee.com%2Fwp-content%2Fuploads%2F2026%2F04%2FDECISION-19.pdf&amp;embedded=true&amp;hl=fr\" title=\"Embedded Document\" width=\"100%\" height=\"400px\"><\/iframe><\/p>\n<div class=\"wep-download-document\"><a href=\"https:\/\/mediaguinee.com\/wp-content\/uploads\/2026\/04\/DECISION-19.pdf\" target=\"_blank\" rel=\"noopener\">Telecharger<\/a><\/div>\n<\/div>\n<p>L\u2019article <a href=\"https:\/\/mediaguinee.com\/2026\/04\/hac-levee-des-suspensions-visant-plusieurs-medias-et-journalistes\/\">HAC : lev\u00e9e des suspensions visant plusieurs m\u00e9dias et journalistes<\/a> est apparu en premier sur <a href=\"https:\/\/mediaguinee.com\/\">Mediaguinee.com<\/a>.<\/p>\n<\/div>\n","protected":false},"excerpt":{"rendered":"<p>La Haute Autorit\u00e9 de la Communication (HAC), dirig\u00e9e par Boubacar Yacine Diallo, a annonc\u00e9 ce jeudi 30 avril la lev\u00e9e de plusieurs mesures de suspension touchant des m\u00e9dias et des professionnels de l\u2019information. Dans un communiqu\u00e9 dont copie a \u00e9t\u00e9 transmise \u00e0 Mediaguinee, l\u2019institution indique avoir d\u00e9cid\u00e9 de lever : la suspension de l\u2019\u00e9mission \u00ab &hellip;<\/p>\n","protected":false},"author":1,"featured_media":0,"comment_status":"closed","ping_status":"closed","sticky":false,"template":"","format":"standard","meta":{"footnotes":""},"categories":[2],"tags":[23],"_links":{"self":[{"href":"https:\/\/de.ambaguinee.org\/index.php?rest_route=\/wp\/v2\/posts\/120654"}],"collection":[{"href":"https:\/\/de.ambaguinee.org\/index.php?rest_route=\/wp\/v2\/posts"}],"about":[{"href":"https:\/\/de.ambaguinee.org\/index.php?rest_route=\/wp\/v2\/types\/post"}],"author":[{"embeddable":true,"href":"https:\/\/de.ambaguinee.org\/index.php?rest_route=\/wp\/v2\/users\/1"}],"replies":[{"embeddable":true,"href":"https:\/\/de.ambaguinee.org\/index.php?rest_route=%2Fwp%2Fv2%2Fcomments&post=120654"}],"version-history":[{"count":0,"href":"https:\/\/de.ambaguinee.org\/index.php?rest_route=\/wp\/v2\/posts\/120654\/revisions"}],"wp:attachment":[{"href":"https:\/\/de.ambaguinee.org\/index.php?rest_route=%2Fwp%2Fv2%2Fmedia&parent=120654"}],"wp:term":[{"taxonomy":"category","embeddable":true,"href":"https:\/\/de.ambaguinee.org\/index.php?rest_route=%2Fwp%2Fv2%2Fcategories&post=120654"},{"taxonomy":"post_tag","embeddable":true,"href":"https:\/\/de.ambaguinee.org\/index.php?rest_route=%2Fwp%2Fv2%2Ftags&post=120654"}],"curies":[{"name":"wp","href":"https:\/\/api.w.org\/{rel}","templated":true}]}}