{"id":120656,"date":"2026-04-30T23:02:10","date_gmt":"2026-04-30T21:02:10","guid":{"rendered":"https:\/\/de.ambaguinee.org\/?p=120656"},"modified":"2026-04-30T23:02:10","modified_gmt":"2026-04-30T21:02:10","slug":"obseques-du-general-sadio-camara-le-president-doumbouya-a-depeche-le-general-amara-camara-et-morissanda-kouyate-a-bamako","status":"publish","type":"post","link":"https:\/\/de.ambaguinee.org\/?p=120656","title":{"rendered":"Obs\u00e8ques du g\u00e9n\u00e9ral Sadio Camara : le pr\u00e9sident Doumbouya a d\u00e9p\u00each\u00e9 le g\u00e9n\u00e9ral Amara Camara et Morissanda Kouyat\u00e9 \u00e0 Bamako"},"content":{"rendered":"<div>\n<div style=\"margin-bottom:20px;\"><img width=\"1280\" height=\"720\"src=\"https:\/\/i0.wp.com\/mediaguinee.com\/wp-content\/uploads\/2026\/04\/166ac5f7-f242-4c19-9cab-8236861f33e6.jpeg?w=1280&amp;ssl=1\" class=\"attachment-post-thumbnail size-post-thumbnail wp-post-image\" alt=\"\" decoding=\"async\" srcset=\"https:\/\/i0.wp.com\/mediaguinee.com\/wp-content\/uploads\/2026\/04\/166ac5f7-f242-4c19-9cab-8236861f33e6.jpeg?w=1280&amp;ssl=1 1280w, https:\/\/i0.wp.com\/mediaguinee.com\/wp-content\/uploads\/2026\/04\/166ac5f7-f242-4c19-9cab-8236861f33e6.jpeg?resize=300%2C169&amp;ssl=1 300w, https:\/\/i0.wp.com\/mediaguinee.com\/wp-content\/uploads\/2026\/04\/166ac5f7-f242-4c19-9cab-8236861f33e6.jpeg?resize=1024%2C576&amp;ssl=1 1024w, https:\/\/i0.wp.com\/mediaguinee.com\/wp-content\/uploads\/2026\/04\/166ac5f7-f242-4c19-9cab-8236861f33e6.jpeg?resize=768%2C432&amp;ssl=1 768w\" sizes=\"(max-width: 1280px) 100vw, 1280px\" data-attachment-id=\"314511\" data-permalink=\"https:\/\/mediaguinee.com\/2026\/04\/obseques-du-general-sadio-camara-le-president-doumbouya-a-depeche-le-general-amara-camara-et-morissanda-kouyate-a-bamako\/166ac5f7-f242-4c19-9cab-8236861f33e6\/\" data-orig-file=\"https:\/\/i0.wp.com\/mediaguinee.com\/wp-content\/uploads\/2026\/04\/166ac5f7-f242-4c19-9cab-8236861f33e6.jpeg?fit=1280%2C720&amp;ssl=1\" data-orig-size=\"1280,720\" data-comments-opened=\"1\" data-image-meta='{\"aperture\":\"0\",\"credit\":\"\",\"camera\":\"\",\"caption\":\"\",\"created_timestamp\":\"1777573929\",\"copyright\":\"\",\"focal_length\":\"0\",\"iso\":\"0\",\"shutter_speed\":\"0\",\"title\":\"\",\"orientation\":\"0\"}' data-image-title=\"166ac5f7-f242-4c19-9cab-8236861f33e6\" data-image-description=\"\" data-image-caption=\"\" data-large-file=\"https:\/\/i0.wp.com\/mediaguinee.com\/wp-content\/uploads\/2026\/04\/166ac5f7-f242-4c19-9cab-8236861f33e6.jpeg?fit=1024%2C576&amp;ssl=1\"><\/div>\n<p>Le Mali a rendu jeudi un vibrant hommage sur la Place d\u2019armes du 34e R\u00e9giment du G\u00e9nie militaire de Bamako au g\u00e9n\u00e9ral Sadio Camara, ministre de la D\u00e9fense, tu\u00e9 le samedi 25 avril dernier lors d\u2019attaques terroristes \u00e0 Kati, pr\u00e8s de la capitale.<\/p>\n<p><img data-recalc-dims=\"1\" decoding=\"async\" data-attachment-id=\"314512\" data-permalink=\"https:\/\/mediaguinee.com\/2026\/04\/obseques-du-general-sadio-camara-le-president-doumbouya-a-depeche-le-general-amara-camara-et-morissanda-kouyate-a-bamako\/578e8bad-83fa-49ef-9d53-43bbf0cb2d41\/\" data-orig-file=\"https:\/\/i0.wp.com\/mediaguinee.com\/wp-content\/uploads\/2026\/04\/578e8bad-83fa-49ef-9d53-43bbf0cb2d41.jpeg?fit=1280%2C720&amp;ssl=1\" data-orig-size=\"1280,720\" data-comments-opened=\"1\" data-image-meta='{\"aperture\":\"0\",\"credit\":\"\",\"camera\":\"\",\"caption\":\"\",\"created_timestamp\":\"1777573928\",\"copyright\":\"\",\"focal_length\":\"0\",\"iso\":\"0\",\"shutter_speed\":\"0\",\"title\":\"\",\"orientation\":\"0\"}' data-image-title=\"578e8bad-83fa-49ef-9d53-43bbf0cb2d41\" data-image-description=\"\" data-image-caption=\"\" data-large-file=\"https:\/\/i0.wp.com\/mediaguinee.com\/wp-content\/uploads\/2026\/04\/578e8bad-83fa-49ef-9d53-43bbf0cb2d41.jpeg?fit=1024%2C576&amp;ssl=1\" class=\"alignnone wp-image-314512 size-full\"src=\"https:\/\/i0.wp.com\/mediaguinee.com\/wp-content\/uploads\/2026\/04\/578e8bad-83fa-49ef-9d53-43bbf0cb2d41.jpeg?w=1280&amp;ssl=1\" alt=\"\" width=\"1170\" height=\"658\" srcset=\"https:\/\/i0.wp.com\/mediaguinee.com\/wp-content\/uploads\/2026\/04\/578e8bad-83fa-49ef-9d53-43bbf0cb2d41.jpeg?w=1280&amp;ssl=1 1280w, https:\/\/i0.wp.com\/mediaguinee.com\/wp-content\/uploads\/2026\/04\/578e8bad-83fa-49ef-9d53-43bbf0cb2d41.jpeg?resize=300%2C169&amp;ssl=1 300w, https:\/\/i0.wp.com\/mediaguinee.com\/wp-content\/uploads\/2026\/04\/578e8bad-83fa-49ef-9d53-43bbf0cb2d41.jpeg?resize=1024%2C576&amp;ssl=1 1024w, https:\/\/i0.wp.com\/mediaguinee.com\/wp-content\/uploads\/2026\/04\/578e8bad-83fa-49ef-9d53-43bbf0cb2d41.jpeg?resize=768%2C432&amp;ssl=1 768w\" sizes=\"(max-width: 1170px) 100vw, 1170px\"><img data-recalc-dims=\"1\" decoding=\"async\" data-attachment-id=\"314513\" data-permalink=\"https:\/\/mediaguinee.com\/2026\/04\/obseques-du-general-sadio-camara-le-president-doumbouya-a-depeche-le-general-amara-camara-et-morissanda-kouyate-a-bamako\/img_1556\/\" data-orig-file=\"https:\/\/i0.wp.com\/mediaguinee.com\/wp-content\/uploads\/2026\/04\/IMG_1556.jpeg?fit=2048%2C1366&amp;ssl=1\" data-orig-size=\"2048,1366\" data-comments-opened=\"1\" data-image-meta='{\"aperture\":\"0\",\"credit\":\"\",\"camera\":\"\",\"caption\":\"\",\"created_timestamp\":\"0\",\"copyright\":\"\",\"focal_length\":\"0\",\"iso\":\"0\",\"shutter_speed\":\"0\",\"title\":\"\",\"orientation\":\"1\"}' data-image-title=\"IMG_1556\" data-image-description=\"\" data-image-caption=\"\" data-large-file=\"https:\/\/i0.wp.com\/mediaguinee.com\/wp-content\/uploads\/2026\/04\/IMG_1556.jpeg?fit=1024%2C683&amp;ssl=1\" class=\"alignnone wp-image-314513 size-full\"src=\"https:\/\/i0.wp.com\/mediaguinee.com\/wp-content\/uploads\/2026\/04\/IMG_1556.jpeg?w=2048&amp;ssl=1\" alt=\"\" width=\"1170\" height=\"780\" srcset=\"https:\/\/i0.wp.com\/mediaguinee.com\/wp-content\/uploads\/2026\/04\/IMG_1556.jpeg?w=2048&amp;ssl=1 2048w, https:\/\/i0.wp.com\/mediaguinee.com\/wp-content\/uploads\/2026\/04\/IMG_1556.jpeg?resize=300%2C200&amp;ssl=1 300w, https:\/\/i0.wp.com\/mediaguinee.com\/wp-content\/uploads\/2026\/04\/IMG_1556.jpeg?resize=1024%2C683&amp;ssl=1 1024w, https:\/\/i0.wp.com\/mediaguinee.com\/wp-content\/uploads\/2026\/04\/IMG_1556.jpeg?resize=768%2C512&amp;ssl=1 768w, https:\/\/i0.wp.com\/mediaguinee.com\/wp-content\/uploads\/2026\/04\/IMG_1556.jpeg?resize=1536%2C1025&amp;ssl=1 1536w\" sizes=\"(max-width: 1170px) 100vw, 1170px\"><img data-recalc-dims=\"1\" decoding=\"async\" data-attachment-id=\"314514\" data-permalink=\"https:\/\/mediaguinee.com\/2026\/04\/obseques-du-general-sadio-camara-le-president-doumbouya-a-depeche-le-general-amara-camara-et-morissanda-kouyate-a-bamako\/img_1554-2\/\" data-orig-file=\"https:\/\/i0.wp.com\/mediaguinee.com\/wp-content\/uploads\/2026\/04\/IMG_1554.jpeg?fit=1366%2C2048&amp;ssl=1\" data-orig-size=\"1366,2048\" data-comments-opened=\"1\" data-image-meta='{\"aperture\":\"0\",\"credit\":\"\",\"camera\":\"\",\"caption\":\"\",\"created_timestamp\":\"0\",\"copyright\":\"\",\"focal_length\":\"0\",\"iso\":\"0\",\"shutter_speed\":\"0\",\"title\":\"\",\"orientation\":\"1\"}' data-image-title=\"IMG_1554\" data-image-description=\"\" data-image-caption=\"\" data-large-file=\"https:\/\/i0.wp.com\/mediaguinee.com\/wp-content\/uploads\/2026\/04\/IMG_1554.jpeg?fit=683%2C1024&amp;ssl=1\" class=\"alignnone wp-image-314514 size-full\"src=\"https:\/\/i0.wp.com\/mediaguinee.com\/wp-content\/uploads\/2026\/04\/IMG_1554.jpeg?w=1366&amp;ssl=1\" alt=\"\" width=\"1170\" height=\"1754\" srcset=\"https:\/\/i0.wp.com\/mediaguinee.com\/wp-content\/uploads\/2026\/04\/IMG_1554.jpeg?w=1366&amp;ssl=1 1366w, https:\/\/i0.wp.com\/mediaguinee.com\/wp-content\/uploads\/2026\/04\/IMG_1554.jpeg?resize=200%2C300&amp;ssl=1 200w, https:\/\/i0.wp.com\/mediaguinee.com\/wp-content\/uploads\/2026\/04\/IMG_1554.jpeg?resize=683%2C1024&amp;ssl=1 683w, https:\/\/i0.wp.com\/mediaguinee.com\/wp-content\/uploads\/2026\/04\/IMG_1554.jpeg?resize=768%2C1151&amp;ssl=1 768w, https:\/\/i0.wp.com\/mediaguinee.com\/wp-content\/uploads\/2026\/04\/IMG_1554.jpeg?resize=1025%2C1536&amp;ssl=1 1025w\" sizes=\"(max-width: 1170px) 100vw, 1170px\"><\/p>\n<p>Le pr\u00e9sident Mamadi Doumbouya, a d\u00e9p\u00each\u00e9 une importante d\u00e9l\u00e9gation compos\u00e9e du ministre secr\u00e9taire g\u00e9n\u00e9ral \u00e0 la pr\u00e9sidence, le g\u00e9n\u00e9ral Amara Camara, et du ministre des Affaires \u00e9trang\u00e8res, Morissanda Kouyat\u00e9.<\/p>\n<p>Les deux \u00e9missaires ont pris place aux c\u00f4t\u00e9s des autres d\u00e9l\u00e9gations pour assister aux obs\u00e8ques, qui ont enregistr\u00e9 la pr\u00e9sence du pr\u00e9sident de la transition malienne, le g\u00e9n\u00e9ral Assimi Go\u00efta.<\/p>\n<p><img data-recalc-dims=\"1\" decoding=\"async\" data-attachment-id=\"314515\" data-permalink=\"https:\/\/mediaguinee.com\/2026\/04\/obseques-du-general-sadio-camara-le-president-doumbouya-a-depeche-le-general-amara-camara-et-morissanda-kouyate-a-bamako\/24c3b2c2-6e06-42fd-bc7a-f60bad8d4df7\/\" data-orig-file=\"https:\/\/i0.wp.com\/mediaguinee.com\/wp-content\/uploads\/2026\/04\/24c3b2c2-6e06-42fd-bc7a-f60bad8d4df7.jpeg?fit=1280%2C720&amp;ssl=1\" data-orig-size=\"1280,720\" data-comments-opened=\"1\" data-image-meta='{\"aperture\":\"0\",\"credit\":\"\",\"camera\":\"\",\"caption\":\"\",\"created_timestamp\":\"1777573928\",\"copyright\":\"\",\"focal_length\":\"0\",\"iso\":\"0\",\"shutter_speed\":\"0\",\"title\":\"\",\"orientation\":\"0\"}' data-image-title=\"24c3b2c2-6e06-42fd-bc7a-f60bad8d4df7\" data-image-description=\"\" data-image-caption=\"\" data-large-file=\"https:\/\/i0.wp.com\/mediaguinee.com\/wp-content\/uploads\/2026\/04\/24c3b2c2-6e06-42fd-bc7a-f60bad8d4df7.jpeg?fit=1024%2C576&amp;ssl=1\" class=\"alignnone wp-image-314515 size-full\"src=\"https:\/\/i0.wp.com\/mediaguinee.com\/wp-content\/uploads\/2026\/04\/24c3b2c2-6e06-42fd-bc7a-f60bad8d4df7.jpeg?w=1280&amp;ssl=1\" alt=\"\" width=\"1170\" height=\"658\" srcset=\"https:\/\/i0.wp.com\/mediaguinee.com\/wp-content\/uploads\/2026\/04\/24c3b2c2-6e06-42fd-bc7a-f60bad8d4df7.jpeg?w=1280&amp;ssl=1 1280w, https:\/\/i0.wp.com\/mediaguinee.com\/wp-content\/uploads\/2026\/04\/24c3b2c2-6e06-42fd-bc7a-f60bad8d4df7.jpeg?resize=300%2C169&amp;ssl=1 300w, https:\/\/i0.wp.com\/mediaguinee.com\/wp-content\/uploads\/2026\/04\/24c3b2c2-6e06-42fd-bc7a-f60bad8d4df7.jpeg?resize=1024%2C576&amp;ssl=1 1024w, https:\/\/i0.wp.com\/mediaguinee.com\/wp-content\/uploads\/2026\/04\/24c3b2c2-6e06-42fd-bc7a-f60bad8d4df7.jpeg?resize=768%2C432&amp;ssl=1 768w\" sizes=\"(max-width: 1170px) 100vw, 1170px\"><img data-recalc-dims=\"1\" decoding=\"async\" data-attachment-id=\"314516\" data-permalink=\"https:\/\/mediaguinee.com\/2026\/04\/obseques-du-general-sadio-camara-le-president-doumbouya-a-depeche-le-general-amara-camara-et-morissanda-kouyate-a-bamako\/2806b31d-774d-4165-9df4-0062f9c150bf\/\" data-orig-file=\"https:\/\/i0.wp.com\/mediaguinee.com\/wp-content\/uploads\/2026\/04\/2806b31d-774d-4165-9df4-0062f9c150bf.jpeg?fit=1280%2C720&amp;ssl=1\" data-orig-size=\"1280,720\" data-comments-opened=\"1\" data-image-meta='{\"aperture\":\"0\",\"credit\":\"\",\"camera\":\"\",\"caption\":\"\",\"created_timestamp\":\"1777573929\",\"copyright\":\"\",\"focal_length\":\"0\",\"iso\":\"0\",\"shutter_speed\":\"0\",\"title\":\"\",\"orientation\":\"0\"}' data-image-title=\"2806b31d-774d-4165-9df4-0062f9c150bf\" data-image-description=\"\" data-image-caption=\"\" data-large-file=\"https:\/\/i0.wp.com\/mediaguinee.com\/wp-content\/uploads\/2026\/04\/2806b31d-774d-4165-9df4-0062f9c150bf.jpeg?fit=1024%2C576&amp;ssl=1\" class=\"alignnone wp-image-314516 size-full\"src=\"https:\/\/i0.wp.com\/mediaguinee.com\/wp-content\/uploads\/2026\/04\/2806b31d-774d-4165-9df4-0062f9c150bf.jpeg?w=1280&amp;ssl=1\" alt=\"\" width=\"1170\" height=\"658\" srcset=\"https:\/\/i0.wp.com\/mediaguinee.com\/wp-content\/uploads\/2026\/04\/2806b31d-774d-4165-9df4-0062f9c150bf.jpeg?w=1280&amp;ssl=1 1280w, https:\/\/i0.wp.com\/mediaguinee.com\/wp-content\/uploads\/2026\/04\/2806b31d-774d-4165-9df4-0062f9c150bf.jpeg?resize=300%2C169&amp;ssl=1 300w, https:\/\/i0.wp.com\/mediaguinee.com\/wp-content\/uploads\/2026\/04\/2806b31d-774d-4165-9df4-0062f9c150bf.jpeg?resize=1024%2C576&amp;ssl=1 1024w, https:\/\/i0.wp.com\/mediaguinee.com\/wp-content\/uploads\/2026\/04\/2806b31d-774d-4165-9df4-0062f9c150bf.jpeg?resize=768%2C432&amp;ssl=1 768w\" sizes=\"(max-width: 1170px) 100vw, 1170px\"><img data-recalc-dims=\"1\" decoding=\"async\" data-attachment-id=\"314517\" data-permalink=\"https:\/\/mediaguinee.com\/2026\/04\/obseques-du-general-sadio-camara-le-president-doumbouya-a-depeche-le-general-amara-camara-et-morissanda-kouyate-a-bamako\/6026c3f3-1cf0-4d76-b25f-dc10ed719ba4\/\" data-orig-file=\"https:\/\/i0.wp.com\/mediaguinee.com\/wp-content\/uploads\/2026\/04\/6026c3f3-1cf0-4d76-b25f-dc10ed719ba4.jpeg?fit=1280%2C720&amp;ssl=1\" data-orig-size=\"1280,720\" data-comments-opened=\"1\" data-image-meta='{\"aperture\":\"0\",\"credit\":\"\",\"camera\":\"\",\"caption\":\"\",\"created_timestamp\":\"1777573929\",\"copyright\":\"\",\"focal_length\":\"0\",\"iso\":\"0\",\"shutter_speed\":\"0\",\"title\":\"\",\"orientation\":\"0\"}' data-image-title=\"6026c3f3-1cf0-4d76-b25f-dc10ed719ba4\" data-image-description=\"\" data-image-caption=\"\" data-large-file=\"https:\/\/i0.wp.com\/mediaguinee.com\/wp-content\/uploads\/2026\/04\/6026c3f3-1cf0-4d76-b25f-dc10ed719ba4.jpeg?fit=1024%2C576&amp;ssl=1\" class=\"alignnone wp-image-314517 size-full\"src=\"https:\/\/i0.wp.com\/mediaguinee.com\/wp-content\/uploads\/2026\/04\/6026c3f3-1cf0-4d76-b25f-dc10ed719ba4.jpeg?w=1280&amp;ssl=1\" alt=\"\" width=\"1170\" height=\"658\" srcset=\"https:\/\/i0.wp.com\/mediaguinee.com\/wp-content\/uploads\/2026\/04\/6026c3f3-1cf0-4d76-b25f-dc10ed719ba4.jpeg?w=1280&amp;ssl=1 1280w, https:\/\/i0.wp.com\/mediaguinee.com\/wp-content\/uploads\/2026\/04\/6026c3f3-1cf0-4d76-b25f-dc10ed719ba4.jpeg?resize=300%2C169&amp;ssl=1 300w, https:\/\/i0.wp.com\/mediaguinee.com\/wp-content\/uploads\/2026\/04\/6026c3f3-1cf0-4d76-b25f-dc10ed719ba4.jpeg?resize=1024%2C576&amp;ssl=1 1024w, https:\/\/i0.wp.com\/mediaguinee.com\/wp-content\/uploads\/2026\/04\/6026c3f3-1cf0-4d76-b25f-dc10ed719ba4.jpeg?resize=768%2C432&amp;ssl=1 768w\" sizes=\"(max-width: 1170px) 100vw, 1170px\"><img data-recalc-dims=\"1\" decoding=\"async\" data-attachment-id=\"314518\" data-permalink=\"https:\/\/mediaguinee.com\/2026\/04\/obseques-du-general-sadio-camara-le-president-doumbouya-a-depeche-le-general-amara-camara-et-morissanda-kouyate-a-bamako\/b0dfbeba-69ff-4ad0-a830-ee760602ab70\/\" data-orig-file=\"https:\/\/i0.wp.com\/mediaguinee.com\/wp-content\/uploads\/2026\/04\/b0dfbeba-69ff-4ad0-a830-ee760602ab70.jpeg?fit=1280%2C720&amp;ssl=1\" data-orig-size=\"1280,720\" data-comments-opened=\"1\" data-image-meta='{\"aperture\":\"0\",\"credit\":\"\",\"camera\":\"\",\"caption\":\"\",\"created_timestamp\":\"1777573928\",\"copyright\":\"\",\"focal_length\":\"0\",\"iso\":\"0\",\"shutter_speed\":\"0\",\"title\":\"\",\"orientation\":\"0\"}' data-image-title=\"b0dfbeba-69ff-4ad0-a830-ee760602ab70\" data-image-description=\"\" data-image-caption=\"\" data-large-file=\"https:\/\/i0.wp.com\/mediaguinee.com\/wp-content\/uploads\/2026\/04\/b0dfbeba-69ff-4ad0-a830-ee760602ab70.jpeg?fit=1024%2C576&amp;ssl=1\" class=\"alignnone wp-image-314518 size-full\"src=\"https:\/\/i0.wp.com\/mediaguinee.com\/wp-content\/uploads\/2026\/04\/b0dfbeba-69ff-4ad0-a830-ee760602ab70.jpeg?w=1280&amp;ssl=1\" alt=\"\" width=\"1170\" height=\"658\" srcset=\"https:\/\/i0.wp.com\/mediaguinee.com\/wp-content\/uploads\/2026\/04\/b0dfbeba-69ff-4ad0-a830-ee760602ab70.jpeg?w=1280&amp;ssl=1 1280w, https:\/\/i0.wp.com\/mediaguinee.com\/wp-content\/uploads\/2026\/04\/b0dfbeba-69ff-4ad0-a830-ee760602ab70.jpeg?resize=300%2C169&amp;ssl=1 300w, https:\/\/i0.wp.com\/mediaguinee.com\/wp-content\/uploads\/2026\/04\/b0dfbeba-69ff-4ad0-a830-ee760602ab70.jpeg?resize=1024%2C576&amp;ssl=1 1024w, https:\/\/i0.wp.com\/mediaguinee.com\/wp-content\/uploads\/2026\/04\/b0dfbeba-69ff-4ad0-a830-ee760602ab70.jpeg?resize=768%2C432&amp;ssl=1 768w\" sizes=\"(max-width: 1170px) 100vw, 1170px\"><\/p>\n<p>\u00c0 l\u2019issue du c\u00e9r\u00e9monial, le g\u00e9n\u00e9ral Amara Camara a sign\u00e9 le cahier de condol\u00e9ances.<\/p>\n<p>En compagnie de l\u2019ambassadeur de Guin\u00e9e au Mali, Ansoumane Camara, les \u00e9missaires du chef de l\u2019Etat guin\u00e9en ont eu des \u00e9changes avec le ministre malien des Affaires \u00e9trang\u00e8res, Abdoulaye Diop.<\/p>\n<p><strong>Ousmane CAMARA<\/strong><\/p>\n<p>L\u2019article <a href=\"https:\/\/mediaguinee.com\/2026\/04\/obseques-du-general-sadio-camara-le-president-doumbouya-a-depeche-le-general-amara-camara-et-morissanda-kouyate-a-bamako\/\">Obs\u00e8ques du g\u00e9n\u00e9ral Sadio Camara : le pr\u00e9sident Doumbouya a d\u00e9p\u00each\u00e9 le g\u00e9n\u00e9ral Amara Camara et Morissanda Kouyat\u00e9 \u00e0 Bamako<\/a> est apparu en premier sur <a href=\"https:\/\/mediaguinee.com\/\">Mediaguinee.com<\/a>.<\/p>\n<\/div>\n","protected":false},"excerpt":{"rendered":"<p>Le Mali a rendu jeudi un vibrant hommage sur la Place d\u2019armes du 34e R\u00e9giment du G\u00e9nie militaire de Bamako au g\u00e9n\u00e9ral Sadio Camara, ministre de la D\u00e9fense, tu\u00e9 le samedi 25 avril dernier lors d\u2019attaques terroristes \u00e0 Kati, pr\u00e8s de la capitale. Le pr\u00e9sident Mamadi Doumbouya, a d\u00e9p\u00each\u00e9 une importante d\u00e9l\u00e9gation compos\u00e9e du ministre &hellip;<\/p>\n","protected":false},"author":1,"featured_media":0,"comment_status":"closed","ping_status":"closed","sticky":false,"template":"","format":"standard","meta":{"footnotes":""},"categories":[2],"tags":[23],"_links":{"self":[{"href":"https:\/\/de.ambaguinee.org\/index.php?rest_route=\/wp\/v2\/posts\/120656"}],"collection":[{"href":"https:\/\/de.ambaguinee.org\/index.php?rest_route=\/wp\/v2\/posts"}],"about":[{"href":"https:\/\/de.ambaguinee.org\/index.php?rest_route=\/wp\/v2\/types\/post"}],"author":[{"embeddable":true,"href":"https:\/\/de.ambaguinee.org\/index.php?rest_route=\/wp\/v2\/users\/1"}],"replies":[{"embeddable":true,"href":"https:\/\/de.ambaguinee.org\/index.php?rest_route=%2Fwp%2Fv2%2Fcomments&post=120656"}],"version-history":[{"count":0,"href":"https:\/\/de.ambaguinee.org\/index.php?rest_route=\/wp\/v2\/posts\/120656\/revisions"}],"wp:attachment":[{"href":"https:\/\/de.ambaguinee.org\/index.php?rest_route=%2Fwp%2Fv2%2Fmedia&parent=120656"}],"wp:term":[{"taxonomy":"category","embeddable":true,"href":"https:\/\/de.ambaguinee.org\/index.php?rest_route=%2Fwp%2Fv2%2Fcategories&post=120656"},{"taxonomy":"post_tag","embeddable":true,"href":"https:\/\/de.ambaguinee.org\/index.php?rest_route=%2Fwp%2Fv2%2Ftags&post=120656"}],"curies":[{"name":"wp","href":"https:\/\/api.w.org\/{rel}","templated":true}]}}