{"id":120661,"date":"2026-04-30T23:02:11","date_gmt":"2026-04-30T21:02:11","guid":{"rendered":"https:\/\/de.ambaguinee.org\/?p=120661"},"modified":"2026-04-30T23:02:11","modified_gmt":"2026-04-30T21:02:11","slug":"medias-la-hac-desserre-letau-a-la-veille-de-la-journee-de-la-presse","status":"publish","type":"post","link":"https:\/\/de.ambaguinee.org\/?p=120661","title":{"rendered":"Medias : la HAC desserre l\u2019\u00e9tau \u00e0 la veille de la Journ\u00e9e de la presse"},"content":{"rendered":"<div>\n<div style=\"margin-bottom:20px;\"><img width=\"498\" height=\"415\"src=\"https:\/\/i0.wp.com\/www.guinee7.com\/wp-content\/uploads\/2026\/01\/qeq-guinee1729222834-1260381059.jpeg?w=498&amp;ssl=1\" class=\"attachment-post-thumbnail size-post-thumbnail wp-post-image\" alt=\"\" decoding=\"async\" loading=\"lazy\" srcset=\"https:\/\/i0.wp.com\/www.guinee7.com\/wp-content\/uploads\/2026\/01\/qeq-guinee1729222834-1260381059.jpeg?w=498&amp;ssl=1 498w, https:\/\/i0.wp.com\/www.guinee7.com\/wp-content\/uploads\/2026\/01\/qeq-guinee1729222834-1260381059.jpeg?resize=300%2C250&amp;ssl=1 300w\" sizes=\"auto, (max-width: 498px) 100vw, 498px\"><\/div>\n<p><span style=\"font-size: 20px;\">La Haute Au<\/span><span style=\"font-size: 20px;\">tor<\/span><span style=\"font-size: 20px;\">it\u00e9 de la Communication (HAC) a d\u00e9cid\u00e9 de lever la suspension qui frappait la cha\u00eene priv\u00e9e Kaback TV. La d\u00e9cision a \u00e9t\u00e9 rendue publique ce Jeudi 30 avril 2026 \u00e0 Conakry, \u00e0 travers un document sign\u00e9 par le pr\u00e9sident de l\u2019institution, Boubacar Yacine Diallo.<\/span><\/p>\n<p><span style=\"font-size: 20px;\">A en croire l\u2019autorit\u00e9 de r\u00e9gulation des m\u00e9dias en Guin\u00e9e, cette mesure intervient apr\u00e8s l\u2019examen favorable du recours gracieux introduit par les responsables de la cha\u00eene. La HAC indique \u00e9galement avoir pris en compte les engagements formul\u00e9s par le m\u00e9dia concern\u00e9.<\/span><\/p>\n<p><span style=\"font-size: 20px;\">La lev\u00e9e de la sanction permet ainsi \u00e0 Kaback TV de reprendre ses activit\u00e9s apr\u00e8s une p\u00e9riode de suspension impos\u00e9e par les r\u00e9gulateurs.<\/span><\/p>\n<p><span style=\"font-size: 20px;\">Selon la m\u00eame d\u00e9cision, la suspension est lev\u00e9e pour l\u2019\u00e9mission Guin\u00e9e Today de la cha\u00eene T\u00e9l\u00e9 24, et la cha\u00eene Africa 24 a \u00e9t\u00e9 autoris\u00e9e \u00e0 r\u00e9int\u00e9grer le bouquet Canal+Guinee<\/span><br \/><span style=\"font-size: 20px;\">La HAC a \u00e9galement d\u00e9cid\u00e9 de lever les sanctions visant les journalistes : Andr\u00e9 Gaston Morel, Aboubacar Diallo et S\u00e9kou Bah.<\/span><\/p>\n<p><span style=\"font-size: 20px;\">Dans son communiqu\u00e9, l\u2019instance pr\u00e9cise que ces mesures s\u2019inscrivent dans un contexte symbolique, marqu\u00e9 par la c\u00e9l\u00e9bration prochaine de la F\u00eate internationale des travailleurs et de la Journ\u00e9e mondiale de la libert\u00e9 de la presse.<\/span><\/p>\n<p><img data-recalc-dims=\"1\" loading=\"lazy\" decoding=\"async\" class=\"alignnone wp-image-129166 size-full\"src=\"https:\/\/i0.wp.com\/www.guinee7.com\/wp-content\/uploads\/2026\/04\/IMG-20260430-WA0051.jpg?w=918&amp;ssl=1\" alt=\"\" width=\"918\" height=\"1280\" srcset=\"https:\/\/i0.wp.com\/www.guinee7.com\/wp-content\/uploads\/2026\/04\/IMG-20260430-WA0051.jpg?w=918&amp;ssl=1 918w, https:\/\/i0.wp.com\/www.guinee7.com\/wp-content\/uploads\/2026\/04\/IMG-20260430-WA0051.jpg?resize=215%2C300&amp;ssl=1 215w, https:\/\/i0.wp.com\/www.guinee7.com\/wp-content\/uploads\/2026\/04\/IMG-20260430-WA0051.jpg?resize=734%2C1024&amp;ssl=1 734w, https:\/\/i0.wp.com\/www.guinee7.com\/wp-content\/uploads\/2026\/04\/IMG-20260430-WA0051.jpg?resize=768%2C1071&amp;ssl=1 768w\" sizes=\"auto, (max-width: 918px) 100vw, 918px\"><img data-recalc-dims=\"1\" loading=\"lazy\" decoding=\"async\" class=\"alignnone wp-image-129167 size-full\"src=\"https:\/\/i0.wp.com\/www.guinee7.com\/wp-content\/uploads\/2026\/04\/IMG-20260430-WA0052.jpg?w=890&amp;ssl=1\" alt=\"\" width=\"890\" height=\"1280\" srcset=\"https:\/\/i0.wp.com\/www.guinee7.com\/wp-content\/uploads\/2026\/04\/IMG-20260430-WA0052.jpg?w=890&amp;ssl=1 890w, https:\/\/i0.wp.com\/www.guinee7.com\/wp-content\/uploads\/2026\/04\/IMG-20260430-WA0052.jpg?resize=209%2C300&amp;ssl=1 209w, https:\/\/i0.wp.com\/www.guinee7.com\/wp-content\/uploads\/2026\/04\/IMG-20260430-WA0052.jpg?resize=712%2C1024&amp;ssl=1 712w, https:\/\/i0.wp.com\/www.guinee7.com\/wp-content\/uploads\/2026\/04\/IMG-20260430-WA0052.jpg?resize=768%2C1105&amp;ssl=1 768w\" sizes=\"auto, (max-width: 890px) 100vw, 890px\"><\/p>\n<p><strong><span style=\"font-size: 20px;\">Alh Cheick pour Guin\u00e9e7.com<\/span><\/strong><!--\/data\/user\/0\/com.samsung.android.app.notes\/files\/clipdata\/clipdata_bodytext_260430_191036_531.sdocx--><\/p>\n<p>L\u2019article <a href=\"https:\/\/www.guinee7.com\/2026\/04\/30\/medias-la-hac-desserre-letau-a-la-veille-de-la-journee-de-la-presse\/\">Medias : la HAC desserre l\u2019\u00e9tau \u00e0 la veille de la Journ\u00e9e de la presse<\/a> est apparu en premier sur <a href=\"https:\/\/www.guinee7.com\/\">Guinee7.com<\/a>.<\/p>\n<\/div>\n","protected":false},"excerpt":{"rendered":"<p>La Haute Autorit\u00e9 de la Communication (HAC) a d\u00e9cid\u00e9 de lever la suspension qui frappait la cha\u00eene priv\u00e9e Kaback TV. La d\u00e9cision a \u00e9t\u00e9 rendue publique ce Jeudi 30 avril 2026 \u00e0 Conakry, \u00e0 travers un document sign\u00e9 par le pr\u00e9sident de l\u2019institution, Boubacar Yacine Diallo. A en croire l\u2019autorit\u00e9 de r\u00e9gulation des m\u00e9dias en &hellip;<\/p>\n","protected":false},"author":1,"featured_media":0,"comment_status":"closed","ping_status":"closed","sticky":false,"template":"","format":"standard","meta":{"footnotes":""},"categories":[2],"tags":[22],"_links":{"self":[{"href":"https:\/\/de.ambaguinee.org\/index.php?rest_route=\/wp\/v2\/posts\/120661"}],"collection":[{"href":"https:\/\/de.ambaguinee.org\/index.php?rest_route=\/wp\/v2\/posts"}],"about":[{"href":"https:\/\/de.ambaguinee.org\/index.php?rest_route=\/wp\/v2\/types\/post"}],"author":[{"embeddable":true,"href":"https:\/\/de.ambaguinee.org\/index.php?rest_route=\/wp\/v2\/users\/1"}],"replies":[{"embeddable":true,"href":"https:\/\/de.ambaguinee.org\/index.php?rest_route=%2Fwp%2Fv2%2Fcomments&post=120661"}],"version-history":[{"count":0,"href":"https:\/\/de.ambaguinee.org\/index.php?rest_route=\/wp\/v2\/posts\/120661\/revisions"}],"wp:attachment":[{"href":"https:\/\/de.ambaguinee.org\/index.php?rest_route=%2Fwp%2Fv2%2Fmedia&parent=120661"}],"wp:term":[{"taxonomy":"category","embeddable":true,"href":"https:\/\/de.ambaguinee.org\/index.php?rest_route=%2Fwp%2Fv2%2Fcategories&post=120661"},{"taxonomy":"post_tag","embeddable":true,"href":"https:\/\/de.ambaguinee.org\/index.php?rest_route=%2Fwp%2Fv2%2Ftags&post=120661"}],"curies":[{"name":"wp","href":"https:\/\/api.w.org\/{rel}","templated":true}]}}