{"id":120663,"date":"2026-04-30T23:02:12","date_gmt":"2026-04-30T21:02:12","guid":{"rendered":"https:\/\/de.ambaguinee.org\/?p=120663"},"modified":"2026-04-30T23:02:12","modified_gmt":"2026-04-30T21:02:12","slug":"elections-du-31-mai-2026-la-dge-recadre-le-debat-et-repond-aux-accusations-de-lopposition","status":"publish","type":"post","link":"https:\/\/de.ambaguinee.org\/?p=120663","title":{"rendered":"\u00c9lections du 31 mai 2026 : la DGE recadre le d\u00e9bat et r\u00e9pond aux accusations de l\u2019opposition"},"content":{"rendered":"<div>\n<div style=\"margin-bottom:20px;\"><img width=\"1000\" height=\"461\"src=\"https:\/\/i0.wp.com\/www.guinee7.com\/wp-content\/uploads\/2026\/04\/IMG-20260430-WA0068.jpg?w=1000&amp;ssl=1\" class=\"attachment-post-thumbnail size-post-thumbnail wp-post-image\" alt=\"\" decoding=\"async\" srcset=\"https:\/\/i0.wp.com\/www.guinee7.com\/wp-content\/uploads\/2026\/04\/IMG-20260430-WA0068.jpg?w=1000&amp;ssl=1 1000w, https:\/\/i0.wp.com\/www.guinee7.com\/wp-content\/uploads\/2026\/04\/IMG-20260430-WA0068.jpg?resize=300%2C138&amp;ssl=1 300w, https:\/\/i0.wp.com\/www.guinee7.com\/wp-content\/uploads\/2026\/04\/IMG-20260430-WA0068.jpg?resize=768%2C354&amp;ssl=1 768w\" sizes=\"(max-width: 1000px) 100vw, 1000px\"><\/div>\n<p>\u00c0 quelques semaines du double scrutin l\u00e9gislatif et communal pr\u00e9vu le 31 mai 2026, la tension monte entre les acteurs politiques et l\u2019administration \u00e9lectorale. Ce jeudi, la Direction G\u00e9n\u00e9rale des \u00c9lections (DGE) a pris la parole pour r\u00e9agir aux critiques formul\u00e9es par le Bloc Lib\u00e9ral (BL) et le FRONDEG, qui d\u00e9noncent des irr\u00e9gularit\u00e9s dans le processus.<\/p>\n<p>Lors d\u2019un point de presse organis\u00e9 en soir\u00e9e, la Directrice g\u00e9n\u00e9rale de l\u2019institution, Djenabou Tour\u00e9, a affich\u00e9 une posture ferme face \u00e0 ces accusations. Visiblement agac\u00e9e par certaines d\u00e9clarations, elle a tenu \u00e0 rappeler le cadre l\u00e9gal qui encadre les op\u00e9rations \u00e9lectorales, tout en d\u00e9non\u00e7ant des tentatives de remise en cause du processus en cours.<\/p>\n<p><strong>Caution \u00e9lectorale : la DGE invoque le strict respect de la loi<\/strong><\/p>\n<p>Au c\u0153ur des divergences figure la question du paiement des cautions, dont l\u2019absence a entra\u00een\u00e9 le rejet de certaines listes. Sur ce point, la DGE se montre cat\u00e9gorique : aucune entorse ne peut \u00eatre tol\u00e9r\u00e9e.<\/p>\n<p>Revenant sur une correspondance du Bloc Lib\u00e9ral, Djenabou Tour\u00e9 a d\u00e9taill\u00e9 la chronologie des faits pour justifier la d\u00e9cision de l\u2019institution : \u00ab je prends cette lettre qui date du mercredi 8 avril du BL. On a fini les d\u00e9p\u00f4ts le 3 \u00e0 oo heure\u2026Il sollicite l\u2019acceptation des dossiers en disant : bien que les dits dossiers aient \u00e9t\u00e9 r\u00e9guli\u00e8rement d\u00e9pos\u00e9s dans le d\u00e9lai requis, le paiement des cautions y aff\u00e9rents a connu un l\u00e9ger retard d\u00fb \u00e0 des contraintes temporaires de liquidit\u00e9. [\u2026] Qu\u2019on arr\u00eate de nous amuser. Vous \u00e9crivez un courrier le 8. Vous dites que la loi dit que l\u2019arr\u00eat du d\u00e9p\u00f4t de caution c\u2019est le 9. Jusqu\u2019au 8, vous avez eu la possibilit\u00e9. Mais jusqu\u2019au 9, vous n\u2019avez pas de caution. Si vous n\u2019avez pas de caution, votre liste est rejet\u00e9e \u00bb, a-t-elle martel\u00e9.<\/p>\n<p>Pour la responsable \u00e9lectorale, les arguments li\u00e9s \u00e0 des difficult\u00e9s financi\u00e8res ne sauraient justifier un manquement aux exigences l\u00e9gales.<\/p>\n<p><strong>L\u00e9gitimit\u00e9 contest\u00e9e au sein du Bloc Lib\u00e9ral<\/strong><\/p>\n<p>Au-del\u00e0 des questions administratives, la Directrice g\u00e9n\u00e9rale de la DGE a \u00e9galement abord\u00e9 la situation interne du Bloc Lib\u00e9ral, remettant en cause la l\u00e9gitimit\u00e9 de Faya Millimouno \u00e0 s\u2019exprimer au nom du parti.<\/p>\n<p>Elle s\u2019est appuy\u00e9e sur les textes et sur des \u00e9l\u00e9ments qu\u2019elle affirme d\u00e9tenir pour soutenir sa position : \u00ab publiquement, vous avez fait un congr\u00e8s. Vous avez d\u00e9missionn\u00e9 ou vous n\u2019avez pas \u00e9t\u00e9 \u00e9lu pr\u00e9sident de votre parti. Vous avez pass\u00e9 la main \u00e0 un pr\u00e9sident de parti. Allons dans les textes de loi. Vous ne devrez plus parler publiquement, m\u00eame si vous \u00eates un pr\u00e9sident d\u2019honneur au nom de ce parti. C\u2019est Oumar Sanoh qui doit conduire le Bloc Lib\u00e9ral, mais pas docteur Lansana Faya Millimouno. [\u2026] Dr Faya n\u2019a rien \u00e0 dire sur ces \u00e9lections \u00bb, encha\u00eene-t-elle.<\/p>\n<p>Elle ajoute d\u00e9tenir des preuves de cette transition \u00e0 la t\u00eate du parti : \u00ab j\u2019ai encore le proc\u00e8s-verbal ici, dans cette salle o\u00f9 il n\u2019est plus pr\u00e9sident du BL. O\u00f9 il a \u00e9t\u00e9 f\u00e9licit\u00e9 par la presse pour dire qu\u2019il a donn\u00e9 l\u2019exemple alors que d\u2019autres s\u2019accrochent\u2026 Lui, il est parti. Partir sans partir, non. \u00bb<\/p>\n<p><strong>Accusations d\u2019irr\u00e9gularit\u00e9s : la DGE se d\u00e9fend<\/strong><\/p>\n<p>Face aux critiques portant sur d\u2019\u00e9ventuelles anomalies dans les dossiers, la patronne de la DGE affirme s\u2019en tenir strictement aux documents valid\u00e9s par les autorit\u00e9s comp\u00e9tentes.<br \/>\nDans un ton sans d\u00e9tour, elle a insist\u00e9 sur sa ligne de conduite : \u00ab je ne fais pas la politique. Parce que quand je n\u2019ai pas le courage de dire ce que je veux en face, je ne vais pas dormir. [\u2026] On a des faux actes ici. Mais puisqu\u2019un acte d\u2019un m\u00e9decin me dit qu\u2019ils ont \u00e9t\u00e9 r\u00e9tablis, je m\u2019en fous du reste. \u00bb<\/p>\n<p><strong>Le cas FRONDEG et les tensions autour des listes<\/strong><\/p>\n<p>La situation du FRONDEG, dirig\u00e9 par Y\u00e9ro Bald\u00e9, a \u00e9galement \u00e9t\u00e9 \u00e9voqu\u00e9e. Alors que la coalition a annonc\u00e9 son retrait du processus, certains de ses candidats souhaitent n\u00e9anmoins rester en lice.<\/p>\n<p>Une contradiction qui complique, selon la DGE, la gestion du processus \u00e9lectoral : \u00ab les candidats du FRONDEG qui disent : nous avons cotis\u00e9 pour payer nos cautions, nous restons sur les listes, vous ne nous enlevez pas. Maintenant, on va \u00e9crire \u00e0 la Cour supr\u00eame pour demander son avis sur cette question aussi. Donc tout \u00e7a, c\u2019est des complications qui viennent dans les \u00e9lections o\u00f9 on doit \u00eatre en mesure de les g\u00e9rer de fa\u00e7on sereine. \u00bb<\/p>\n<p><strong>Un appel \u00e0 \u00e9viter les tensions post-\u00e9lectorales<\/strong><\/p>\n<p>En toile de fond, la Directrice g\u00e9n\u00e9rale de la DGE met en garde contre les risques de crispation autour du scrutin. Elle d\u00e9nonce une tendance \u00e0 anticiper les contentieux et \u00e0 nourrir un climat de suspicion : \u00ab on a pris l\u2019habitude en Guin\u00e9e de pr\u00e9parer l\u2019esprit au contentieux, mais au-del\u00e0, au conflit post-\u00e9lectoral. Il n\u2019y a pas de conflit post-\u00e9lectoral tant qu\u2019on sera l\u00e0, parce qu\u2019on a la facult\u00e9 d\u2019expliquer et de faire comprendre au peuple ce qui se passe. On ne prendra pas le peuple en otage. \u00bb<\/p>\n<p><strong>Abdoul Lory Sylla pour guinee7.com\u00a0<\/strong><\/p>\n<p>L\u2019article <a href=\"https:\/\/www.guinee7.com\/2026\/04\/30\/dge-direction-generale-des-elections-guinee-conakry-elections-djenabou-toure-frondeg-bl-faya-millimono-yero-balde\/\">\u00c9lections du 31 mai 2026 : la DGE recadre le d\u00e9bat et r\u00e9pond aux accusations de l\u2019opposition<\/a> est apparu en premier sur <a href=\"https:\/\/www.guinee7.com\/\">Guinee7.com<\/a>.<\/p>\n<\/div>\n","protected":false},"excerpt":{"rendered":"<p>\u00c0 quelques semaines du double scrutin l\u00e9gislatif et communal pr\u00e9vu le 31 mai 2026, la tension monte entre les acteurs politiques et l\u2019administration \u00e9lectorale. Ce jeudi, la Direction G\u00e9n\u00e9rale des \u00c9lections (DGE) a pris la parole pour r\u00e9agir aux critiques formul\u00e9es par le Bloc Lib\u00e9ral (BL) et le FRONDEG, qui d\u00e9noncent des irr\u00e9gularit\u00e9s dans le &hellip;<\/p>\n","protected":false},"author":1,"featured_media":0,"comment_status":"closed","ping_status":"closed","sticky":false,"template":"","format":"standard","meta":{"footnotes":""},"categories":[2],"tags":[22],"_links":{"self":[{"href":"https:\/\/de.ambaguinee.org\/index.php?rest_route=\/wp\/v2\/posts\/120663"}],"collection":[{"href":"https:\/\/de.ambaguinee.org\/index.php?rest_route=\/wp\/v2\/posts"}],"about":[{"href":"https:\/\/de.ambaguinee.org\/index.php?rest_route=\/wp\/v2\/types\/post"}],"author":[{"embeddable":true,"href":"https:\/\/de.ambaguinee.org\/index.php?rest_route=\/wp\/v2\/users\/1"}],"replies":[{"embeddable":true,"href":"https:\/\/de.ambaguinee.org\/index.php?rest_route=%2Fwp%2Fv2%2Fcomments&post=120663"}],"version-history":[{"count":0,"href":"https:\/\/de.ambaguinee.org\/index.php?rest_route=\/wp\/v2\/posts\/120663\/revisions"}],"wp:attachment":[{"href":"https:\/\/de.ambaguinee.org\/index.php?rest_route=%2Fwp%2Fv2%2Fmedia&parent=120663"}],"wp:term":[{"taxonomy":"category","embeddable":true,"href":"https:\/\/de.ambaguinee.org\/index.php?rest_route=%2Fwp%2Fv2%2Fcategories&post=120663"},{"taxonomy":"post_tag","embeddable":true,"href":"https:\/\/de.ambaguinee.org\/index.php?rest_route=%2Fwp%2Fv2%2Ftags&post=120663"}],"curies":[{"name":"wp","href":"https:\/\/api.w.org\/{rel}","templated":true}]}}