{"id":132629,"date":"2026-08-28T15:38:44","date_gmt":"2026-08-28T13:38:44","guid":{"rendered":"https:\/\/de.ambaguinee.org\/?p=132629"},"modified":"2026-08-31T10:39:35","modified_gmt":"2026-08-31T08:39:35","slug":"une-importante-delegation-de-lambassade-presente-au-proces-du-feu-ibrahima-barry-a-duisbourg","status":"publish","type":"post","link":"https:\/\/de.ambaguinee.org\/?p=132629","title":{"rendered":"Une importante d\u00e9l\u00e9gation de l\u2019Ambassade pr\u00e9sente au proc\u00e8s du feu Ibrahima Barry \u00e0 Duisbourg"},"content":{"rendered":"\n<p>Dans le cadre de la gestion et du suivi de la communaut\u00e9 guin\u00e9enne \u00e9tablie en R\u00e9publique f\u00e9d\u00e9rale d\u2019Allemagne, le Charg\u00e9 d\u2019Affaires de l\u2019Ambassade, Dr Alhassane CISSE, accompagn\u00e9 de M. Aboubacar Ibrahima BANGOURA et de Mme A\u00efssatou SAMPOU-MOMO, respectivement Premier Secr\u00e9taire Charg\u00e9 des Affaires financi\u00e8res et Deuxi\u00e8me Secr\u00e9taire Charg\u00e9e des Affaires consulaires, s\u2019est \u00e0 nouveau rendu \u00e0 Duisbourg, du 26 au 28 ao\u00fbt 2026, pour prendre part \u00e0 la 7\u00e8me audience du proc\u00e8s de notre compatriote Ibrahima Barry, d\u00e9c\u00e9d\u00e9 le 06 janvier 2024 \u00e0 la suite d\u2019une intervention polici\u00e8re \u00e0 M\u00fclheim an der Ruhr, ville situ\u00e9e \u00e0 543 km \u00e0 l\u2019Ouest de l\u2019Allemagne.<\/p>\n\n\n\n<p>En cette circonstance, le Charg\u00e9 d\u2019Affaires a renouvel\u00e9 le message de compassion et de soutien de Son Excellence Dr Morissanda KOUYATE, Ministre des Affaires Etrang\u00e8res, de l\u2019Int\u00e9gration Africaine et des Guin\u00e9ens Etablis \u00e0 l\u2019Etranger, \u00e0 la communaut\u00e9 guin\u00e9enne vivant \u00e0 Duisbourg et \u00e0 la famille biologique du feu Ibrahima Barry. Il a invit\u00e9 les compatriotes au respect des lois du pays d\u2019accueil.<\/p>\n\n\n\n<p>Il est \u00e0 noter qu\u2019en marge de cette \u00e9ni\u00e8me audience, une conf\u00e9rence de presse a \u00e9t\u00e9 organis\u00e9e par le mouvement de soutien \u00ab Solidarity for Ibrahima Barry \u00bb, au cours de laquelle, la vid\u00e9o de la sc\u00e8ne d\u2019arrestation, trait\u00e9e et examin\u00e9e par des experts et chercheurs sous la direction de l\u2019\u00e9minent Professeur Michael Freedmann, a \u00e9t\u00e9 projet\u00e9e.<\/p>\n\n\n\n<p>Au terme de cette conf\u00e9rence de presse, le Charg\u00e9 d\u2019Affaires a exprim\u00e9 son esp\u00e9rance que le tribunal exploitera cette vid\u00e9o. Il a ensuite r\u00e9it\u00e9r\u00e9 la confiance du Gouvernement guin\u00e9en en justice allemande pour tirer toute la lumi\u00e8re sur cette affaire.<\/p>\n\n\n\n<p>Cette pr\u00e9sence r\u00e9guli\u00e8re de l\u2019Ambassade \u00e0 ce proc\u00e8s, illustre l\u2019int\u00e9r\u00eat particulier que les hautes autorit\u00e9s nationales accordent \u00e0 ce dossier, afin que l\u2019honneur et la dignit\u00e9 du feu Ibrahima Barry soient d\u00e9fendus.<\/p>\n\n\n\n<figure class=\"wp-block-image size-large\"><img loading=\"lazy\" decoding=\"async\" width=\"1024\" height=\"676\" src=\"https:\/\/de.ambaguinee.org\/wp-content\/uploads\/2026\/08\/26860-1-1024x676.jpg\" alt=\"\" class=\"wp-image-132630\" srcset=\"https:\/\/de.ambaguinee.org\/wp-content\/uploads\/2026\/08\/26860-1-1024x676.jpg 1024w, https:\/\/de.ambaguinee.org\/wp-content\/uploads\/2026\/08\/26860-1-300x198.jpg 300w, https:\/\/de.ambaguinee.org\/wp-content\/uploads\/2026\/08\/26860-1-768x507.jpg 768w, https:\/\/de.ambaguinee.org\/wp-content\/uploads\/2026\/08\/26860-1.jpg 1290w\" sizes=\"(max-width: 1024px) 100vw, 1024px\" \/><\/figure>\n\n\n\n<figure class=\"wp-block-image size-large\"><img loading=\"lazy\" decoding=\"async\" width=\"1024\" height=\"764\" src=\"https:\/\/de.ambaguinee.org\/wp-content\/uploads\/2026\/08\/3297-1-1024x764.jpg\" alt=\"\" class=\"wp-image-132631\" srcset=\"https:\/\/de.ambaguinee.org\/wp-content\/uploads\/2026\/08\/3297-1-1024x764.jpg 1024w, https:\/\/de.ambaguinee.org\/wp-content\/uploads\/2026\/08\/3297-1-300x224.jpg 300w, https:\/\/de.ambaguinee.org\/wp-content\/uploads\/2026\/08\/3297-1-768x573.jpg 768w, https:\/\/de.ambaguinee.org\/wp-content\/uploads\/2026\/08\/3297-1.jpg 1290w\" sizes=\"(max-width: 1024px) 100vw, 1024px\" \/><\/figure>\n","protected":false},"excerpt":{"rendered":"<p>Dans le cadre de la gestion et du suivi de la communaut\u00e9 guin\u00e9enne \u00e9tablie en R\u00e9publique f\u00e9d\u00e9rale d\u2019Allemagne, le Charg\u00e9 d\u2019Affaires de l\u2019Ambassade, Dr Alhassane CISSE, accompagn\u00e9 de M. Aboubacar Ibrahima BANGOURA et de Mme A\u00efssatou SAMPOU-MOMO, respectivement Premier Secr\u00e9taire Charg\u00e9 des Affaires financi\u00e8res et Deuxi\u00e8me Secr\u00e9taire Charg\u00e9e des Affaires consulaires, s\u2019est \u00e0 nouveau rendu &hellip;<\/p>\n","protected":false},"author":6,"featured_media":0,"comment_status":"closed","ping_status":"closed","sticky":false,"template":"","format":"standard","meta":{"footnotes":""},"categories":[2,19,16,1],"tags":[],"_links":{"self":[{"href":"https:\/\/de.ambaguinee.org\/index.php?rest_route=\/wp\/v2\/posts\/132629"}],"collection":[{"href":"https:\/\/de.ambaguinee.org\/index.php?rest_route=\/wp\/v2\/posts"}],"about":[{"href":"https:\/\/de.ambaguinee.org\/index.php?rest_route=\/wp\/v2\/types\/post"}],"author":[{"embeddable":true,"href":"https:\/\/de.ambaguinee.org\/index.php?rest_route=\/wp\/v2\/users\/6"}],"replies":[{"embeddable":true,"href":"https:\/\/de.ambaguinee.org\/index.php?rest_route=%2Fwp%2Fv2%2Fcomments&post=132629"}],"version-history":[{"count":1,"href":"https:\/\/de.ambaguinee.org\/index.php?rest_route=\/wp\/v2\/posts\/132629\/revisions"}],"predecessor-version":[{"id":132632,"href":"https:\/\/de.ambaguinee.org\/index.php?rest_route=\/wp\/v2\/posts\/132629\/revisions\/132632"}],"wp:attachment":[{"href":"https:\/\/de.ambaguinee.org\/index.php?rest_route=%2Fwp%2Fv2%2Fmedia&parent=132629"}],"wp:term":[{"taxonomy":"category","embeddable":true,"href":"https:\/\/de.ambaguinee.org\/index.php?rest_route=%2Fwp%2Fv2%2Fcategories&post=132629"},{"taxonomy":"post_tag","embeddable":true,"href":"https:\/\/de.ambaguinee.org\/index.php?rest_route=%2Fwp%2Fv2%2Ftags&post=132629"}],"curies":[{"name":"wp","href":"https:\/\/api.w.org\/{rel}","templated":true}]}}