{"id":132690,"date":"2026-08-31T23:03:45","date_gmt":"2026-08-31T21:03:45","guid":{"rendered":"https:\/\/de.ambaguinee.org\/?p=132690"},"modified":"2026-08-31T23:03:45","modified_gmt":"2026-08-31T21:03:45","slug":"elim-mondial-fiba-2027-cellou-balde-felicite-le-syli-basket","status":"publish","type":"post","link":"https:\/\/de.ambaguinee.org\/?p=132690","title":{"rendered":"\u00c9lim Mondial FIBA 2027 : Cellou Bald\u00e9 f\u00e9licite le Syli Basket"},"content":{"rendered":"<div>\n<div style=\"margin-bottom:20px;\"><img width=\"1080\" height=\"583\"src=\"https:\/\/i0.wp.com\/www.guinee7.com\/wp-content\/uploads\/2026\/08\/IMG-20260831-WA0022.jpg?w=1080&amp;ssl=1\" class=\"attachment-post-thumbnail size-post-thumbnail wp-post-image\" alt=\"\" decoding=\"async\" loading=\"lazy\" srcset=\"https:\/\/i0.wp.com\/www.guinee7.com\/wp-content\/uploads\/2026\/08\/IMG-20260831-WA0022.jpg?w=1080&amp;ssl=1 1080w, https:\/\/i0.wp.com\/www.guinee7.com\/wp-content\/uploads\/2026\/08\/IMG-20260831-WA0022.jpg?resize=300%2C162&amp;ssl=1 300w, https:\/\/i0.wp.com\/www.guinee7.com\/wp-content\/uploads\/2026\/08\/IMG-20260831-WA0022.jpg?resize=1024%2C553&amp;ssl=1 1024w, https:\/\/i0.wp.com\/www.guinee7.com\/wp-content\/uploads\/2026\/08\/IMG-20260831-WA0022.jpg?resize=768%2C415&amp;ssl=1 768w\" sizes=\"auto, (max-width: 1080px) 100vw, 1080px\"><\/div>\n<p><span style=\"font-size: 20px;\">Conakry \u2013 Au lendemain de la victoire du Syli Basket face au Cameroun lors de la quatri\u00e8me fen\u00eatre des \u00e9liminatoires de la Coupe du monde FIBA 2027, le ministre de la Jeunesse et des Sports, Mamadou Cellou Bald\u00e9, a salu\u00e9 la performance des basketteurs guin\u00e9ens et r\u00e9affirm\u00e9 le soutien de l\u2019\u00c9tat.<\/span><\/p>\n<p><span style=\"font-size: 20px;\">\u00ab En remportant ses deux rencontres de cette Fen\u00eatre 4, la Guin\u00e9e totalise d\u00e9sormais 15 points et se rapproche davantage d\u2019une qualification historique pour la Coupe du Monde. Cette r\u00e9ussite est le r\u00e9sultat du talent, du travail, de la discipline et de la d\u00e9termination \u00bb, a d\u00e9clar\u00e9 Mamadou Cellou Bald\u00e9.<\/span><\/p>\n<p><span style=\"font-size: 20px;\">Le ministre a \u00e9galement assur\u00e9 qu\u2019il continuera \u00e0 accompagner le Syli Basket afin de lui offrir les meilleures conditions pour poursuivre sa campagne vers une premi\u00e8re qualification historique \u00e0 la Coupe du monde FIBA 2027.<\/span><br \/><span style=\"font-size: 20px;\">\u00ab Le Minist\u00e8re des Sports r\u00e9affirme son engagement \u00e0 prendre toutes les dispositions n\u00e9cessaires pour accompagner le Syli Basket jusqu\u2019au bout de cette aventure \u00bb, a conclu le ministre.<\/span><\/p>\n<p><strong><span style=\"font-size: 20px;\">Thierno Abdoul Barry pour guinee7.com<\/span><\/strong><!--\/data\/user\/0\/com.samsung.android.app.notes\/files\/clipdata\/clipdata_bodytext_260831_155318_512.sdocx--><\/p>\n<\/div>\n","protected":false},"excerpt":{"rendered":"<p>Conakry \u2013 Au lendemain de la victoire du Syli Basket face au Cameroun lors de la quatri\u00e8me fen\u00eatre des \u00e9liminatoires de la Coupe du monde FIBA 2027, le ministre de la Jeunesse et des Sports, Mamadou Cellou Bald\u00e9, a salu\u00e9 la performance des basketteurs guin\u00e9ens et r\u00e9affirm\u00e9 le soutien de l\u2019\u00c9tat. \u00ab En remportant ses &hellip;<\/p>\n","protected":false},"author":1,"featured_media":0,"comment_status":"closed","ping_status":"closed","sticky":false,"template":"","format":"standard","meta":{"footnotes":""},"categories":[2],"tags":[22],"_links":{"self":[{"href":"https:\/\/de.ambaguinee.org\/index.php?rest_route=\/wp\/v2\/posts\/132690"}],"collection":[{"href":"https:\/\/de.ambaguinee.org\/index.php?rest_route=\/wp\/v2\/posts"}],"about":[{"href":"https:\/\/de.ambaguinee.org\/index.php?rest_route=\/wp\/v2\/types\/post"}],"author":[{"embeddable":true,"href":"https:\/\/de.ambaguinee.org\/index.php?rest_route=\/wp\/v2\/users\/1"}],"replies":[{"embeddable":true,"href":"https:\/\/de.ambaguinee.org\/index.php?rest_route=%2Fwp%2Fv2%2Fcomments&post=132690"}],"version-history":[{"count":0,"href":"https:\/\/de.ambaguinee.org\/index.php?rest_route=\/wp\/v2\/posts\/132690\/revisions"}],"wp:attachment":[{"href":"https:\/\/de.ambaguinee.org\/index.php?rest_route=%2Fwp%2Fv2%2Fmedia&parent=132690"}],"wp:term":[{"taxonomy":"category","embeddable":true,"href":"https:\/\/de.ambaguinee.org\/index.php?rest_route=%2Fwp%2Fv2%2Fcategories&post=132690"},{"taxonomy":"post_tag","embeddable":true,"href":"https:\/\/de.ambaguinee.org\/index.php?rest_route=%2Fwp%2Fv2%2Ftags&post=132690"}],"curies":[{"name":"wp","href":"https:\/\/api.w.org\/{rel}","templated":true}]}}