{"id":132691,"date":"2026-08-31T23:03:46","date_gmt":"2026-08-31T21:03:46","guid":{"rendered":"https:\/\/de.ambaguinee.org\/?p=132691"},"modified":"2026-08-31T23:03:46","modified_gmt":"2026-08-31T21:03:46","slug":"deces-de-detenus-a-siguiri-le-procureur-dominique-loua-dement-toute-torture","status":"publish","type":"post","link":"https:\/\/de.ambaguinee.org\/?p=132691","title":{"rendered":"D\u00e9c\u00e8s de d\u00e9tenus \u00e0 Siguiri : le procureur Dominique Loua d\u00e9ment toute torture"},"content":{"rendered":"<div>\n<div style=\"margin-bottom:20px;\"><img width=\"873\" height=\"608\"src=\"https:\/\/i0.wp.com\/www.guinee7.com\/wp-content\/uploads\/2026\/08\/IMG-20260831-WA0013.jpg?w=873&amp;ssl=1\" class=\"attachment-post-thumbnail size-post-thumbnail wp-post-image\" alt=\"\" decoding=\"async\" loading=\"lazy\" srcset=\"https:\/\/i0.wp.com\/www.guinee7.com\/wp-content\/uploads\/2026\/08\/IMG-20260831-WA0013.jpg?w=873&amp;ssl=1 873w, https:\/\/i0.wp.com\/www.guinee7.com\/wp-content\/uploads\/2026\/08\/IMG-20260831-WA0013.jpg?resize=300%2C209&amp;ssl=1 300w, https:\/\/i0.wp.com\/www.guinee7.com\/wp-content\/uploads\/2026\/08\/IMG-20260831-WA0013.jpg?resize=768%2C535&amp;ssl=1 768w\" sizes=\"auto, (max-width: 873px) 100vw, 873px\"><\/div>\n<p><strong>Guin\u00e9e-<\/strong> Le procureur de la R\u00e9publique pr\u00e8s le tribunal de premi\u00e8re instance de Siguiri, Dominique Loua, a r\u00e9agi ce lundi aux informations faisant \u00e9tat de pr\u00e9tendues tortures et violences qui auraient entra\u00een\u00e9 la mort de d\u00e9tenus transf\u00e9r\u00e9s \u00e0 la maison d\u2019arr\u00eat de Siguiri.<\/p>\n<p>Dans une interview accord\u00e9e \u00e0 nos confr\u00e8res de Mediaguin\u00e9e.com, le magistrat affirme que les d\u00e9tenus concern\u00e9s ont \u00e9t\u00e9 correctement pris en charge depuis leur arriv\u00e9e \u00e0 Siguiri. Il rejette cat\u00e9goriquement les accusations visant la garde p\u00e9nitentiaire et invite le journaliste \u00e0 v\u00e9rifier les informations aupr\u00e8s des sources concern\u00e9es : \u00ab par rapport aux d\u00e9clarations du journaliste Abdul Latif, je voudrais apporter quelques pr\u00e9cisions. Parce que dans son article, il fait savoir que ces gens qui sont d\u00e9c\u00e9d\u00e9s, c\u2019est par la suite des tortures et de violences. C\u2019est tr\u00e8s regrettable qu\u2019un journaliste de sa taille puisse publier des informations sans aller v\u00e9rifier. \u00bb<\/p>\n<p>Selon le procureur, les d\u00e9tenus concern\u00e9s avaient \u00e9t\u00e9 transf\u00e9r\u00e9s depuis Conakry et auraient \u00e9t\u00e9 correctement trait\u00e9s \u00e0 leur arriv\u00e9e \u00e0 la maison d\u2019arr\u00eat de Siguiri : \u00ab nous, nous avons re\u00e7u ces d\u00e9tenus \u00e0 partir de Conakry. Ils sont rentr\u00e9s ici, ils sont bien trait\u00e9s. Ils sont bien trait\u00e9s et la mort arrive dans tous les maisons\u2026 toutes les maisons d\u2019arr\u00eat, dans toutes les prisons, \u00e7a arrive. Mais dire que ces gens ont \u00e9t\u00e9 tortur\u00e9s par la garde p\u00e9nitentiaire, c\u2019est un gros mensonge. Et ce mensonge-l\u00e0 ne devait pas partir d\u2019un journaliste professionnel comme lui, parce qu\u2019il a tout le temps de venir v\u00e9rifier \u00e0 la source l\u2019information. Mais si il entend seulement les rumeurs et se met \u00e0 \u00e9crire \u00e7a dans ses articles, je crois que c\u2019est d\u00e9plorable. Il n\u2019a qu\u2019\u00e0 encore chercher \u00e0 se renseigner. \u00bb<\/p>\n<p>Dominique Loua insiste par ailleurs sur le fait qu\u2019aucun cas de torture n\u2019aurait \u00e9t\u00e9 enregistr\u00e9 au sein de la maison d\u2019arr\u00eat de Siguiri. Il \u00e9voque \u00e9galement la remise des d\u00e9pouilles aux familles et les invite \u00e0 constater elles-m\u00eames l\u2019\u00e9tat des corps : \u00ab nous, \u00e0 la maison d\u2019arr\u00eat de Siguiri, il n\u2019y a jamais eu de torture. Personne. Les corps ont \u00e9t\u00e9 remis aux parents. Il peut aller demander aux parents s\u2019il y a des traces de torture sur les corps qu\u2019ils ont re\u00e7us. \u00bb<\/p>\n<p>Le procureur de la R\u00e9publique pr\u00e8s le tribunal de premi\u00e8re instance de Siguiri conclut en pr\u00e9cisant que son intervention vise \u00e0 apporter un d\u00e9menti aux accusations de tortures et de violences : \u00ab donc c\u2019est ce d\u00e9menti l\u00e0 que je voulais apporter, vraiment. Je vous remercie. \u00bb<\/p>\n<p><strong>Abdoul Lory Sylla pour guinee7.com\u00a0<\/strong><\/p>\n<\/div>\n","protected":false},"excerpt":{"rendered":"<p>Guin\u00e9e- Le procureur de la R\u00e9publique pr\u00e8s le tribunal de premi\u00e8re instance de Siguiri, Dominique Loua, a r\u00e9agi ce lundi aux informations faisant \u00e9tat de pr\u00e9tendues tortures et violences qui auraient entra\u00een\u00e9 la mort de d\u00e9tenus transf\u00e9r\u00e9s \u00e0 la maison d\u2019arr\u00eat de Siguiri. Dans une interview accord\u00e9e \u00e0 nos confr\u00e8res de Mediaguin\u00e9e.com, le magistrat affirme &hellip;<\/p>\n","protected":false},"author":1,"featured_media":0,"comment_status":"closed","ping_status":"closed","sticky":false,"template":"","format":"standard","meta":{"footnotes":""},"categories":[2],"tags":[22],"_links":{"self":[{"href":"https:\/\/de.ambaguinee.org\/index.php?rest_route=\/wp\/v2\/posts\/132691"}],"collection":[{"href":"https:\/\/de.ambaguinee.org\/index.php?rest_route=\/wp\/v2\/posts"}],"about":[{"href":"https:\/\/de.ambaguinee.org\/index.php?rest_route=\/wp\/v2\/types\/post"}],"author":[{"embeddable":true,"href":"https:\/\/de.ambaguinee.org\/index.php?rest_route=\/wp\/v2\/users\/1"}],"replies":[{"embeddable":true,"href":"https:\/\/de.ambaguinee.org\/index.php?rest_route=%2Fwp%2Fv2%2Fcomments&post=132691"}],"version-history":[{"count":0,"href":"https:\/\/de.ambaguinee.org\/index.php?rest_route=\/wp\/v2\/posts\/132691\/revisions"}],"wp:attachment":[{"href":"https:\/\/de.ambaguinee.org\/index.php?rest_route=%2Fwp%2Fv2%2Fmedia&parent=132691"}],"wp:term":[{"taxonomy":"category","embeddable":true,"href":"https:\/\/de.ambaguinee.org\/index.php?rest_route=%2Fwp%2Fv2%2Fcategories&post=132691"},{"taxonomy":"post_tag","embeddable":true,"href":"https:\/\/de.ambaguinee.org\/index.php?rest_route=%2Fwp%2Fv2%2Ftags&post=132691"}],"curies":[{"name":"wp","href":"https:\/\/api.w.org\/{rel}","templated":true}]}}