{"id":132692,"date":"2026-08-31T23:03:46","date_gmt":"2026-08-31T21:03:46","guid":{"rendered":"https:\/\/de.ambaguinee.org\/?p=132692"},"modified":"2026-08-31T23:03:46","modified_gmt":"2026-08-31T21:03:46","slug":"lionel-messi-annonce-sa-retraite-internationale-apres-ce-qui-est-arrive-a-mon-pere-jen-suis-encore-plus-convaincu","status":"publish","type":"post","link":"https:\/\/de.ambaguinee.org\/?p=132692","title":{"rendered":"Lionel Messi annonce sa retraite internationale : \u00ab Apr\u00e8s ce qui est arriv\u00e9 \u00e0 mon p\u00e8re, j\u2019en suis encore plus convaincu \u00bb"},"content":{"rendered":"<div>\n<div style=\"margin-bottom:20px;\"><img width=\"770\" height=\"469\"src=\"https:\/\/i0.wp.com\/www.guinee7.com\/wp-content\/uploads\/2026\/08\/IMG-20260831-WA0034.jpg?w=770&amp;ssl=1\" class=\"attachment-post-thumbnail size-post-thumbnail wp-post-image\" alt=\"\" decoding=\"async\" loading=\"lazy\" srcset=\"https:\/\/i0.wp.com\/www.guinee7.com\/wp-content\/uploads\/2026\/08\/IMG-20260831-WA0034.jpg?w=770&amp;ssl=1 770w, https:\/\/i0.wp.com\/www.guinee7.com\/wp-content\/uploads\/2026\/08\/IMG-20260831-WA0034.jpg?resize=300%2C183&amp;ssl=1 300w, https:\/\/i0.wp.com\/www.guinee7.com\/wp-content\/uploads\/2026\/08\/IMG-20260831-WA0034.jpg?resize=768%2C468&amp;ssl=1 768w\" sizes=\"auto, (max-width: 770px) 100vw, 770px\"><\/div>\n<p><span style=\"font-size: 20px;\">Miami, en Floride \u2013 Une page historique du football argentin se tourne. Lionel Messi a officiellement annonc\u00e9 ce lundi sur Instagram sa retraite de l\u2019\u00e9quipe nationale d\u2019Argentine \u00e0 travers un message charg\u00e9 d\u2019\u00e9motion. Le capitaine de l\u2019Albiceleste explique avoir pris cette d\u00e9c<\/span><span style=\"font-size: 20px;\">ision apr\u00e8s une longue r\u00e9flexion, quelques semaines apr\u00e8s la finale.<\/span><\/p>\n<p><span style=\"font-size: 20px;\">\u00ab Apr\u00e8s tout ce temps \u00e9coul\u00e9 depuis la finale, et apr\u00e8s m\u00fbre r\u00e9flexion, je souhaite annoncer \u00e0 tous que je prends ma retraite de l\u2019\u00e9quipe nationale \u00bb, \u00e9crit le champion du monde sur instagram. <\/span><\/p>\n<p><span style=\"font-size: 20px;\">Messi reconna\u00eet que ce choix n\u2019a pas \u00e9t\u00e9 facile : \u00ab C\u2019\u00e9tait une d\u00e9cision douloureuse, et qui l\u2019est encore, mais je comprends que c\u2019est le bon moment. Je jure avoir toujours tout donn\u00e9. Je me suis toujours battu et j\u2019ai tout donn\u00e9 pour ce maillot. \u00bb<\/span><\/p>\n<p><span style=\"font-size: 20px;\">Dans le passage le plus poignant de son message, Lionel Messi r\u00e9v\u00e8le que la disparition de son p\u00e8re a renforc\u00e9 sa d\u00e9cision. \u00ab J\u2019ai \u00e9crit ces mots le 21 juillet, deux jours apr\u00e8s la finale. Aujourd\u2019hui, apr\u00e8s ce qui est arriv\u00e9 \u00e0 mon p\u00e8re, j\u2019en suis encore plus convaincu qu\u2019avant \u00bb.<\/span><\/p>\n<p><span style=\"font-size: 20px;\">Selon des statistiques sur Google, La Pulga quitte comme le joueur le plus cap\u00e9 et le meilleur buteur de l\u2019histoire de l\u2019Argentine. Son bilan est exceptionnel : 207 s\u00e9lections, 125 buts et 63 passes d\u00e9cisives avec l\u2019\u00e9quipe nationale, en remportant notamment, la Coupe du monde 2022, les Copa Am\u00e9rica 2021 et 2024, la Finalissima 2022, la m\u00e9daille d\u2019or olympique de P\u00e9kin 2008 ainsi que la Coupe du monde U20 en 2005.<\/span><\/p>\n<p><img data-recalc-dims=\"1\" loading=\"lazy\" decoding=\"async\" class=\"alignnone wp-image-166509 size-full\"src=\"https:\/\/i0.wp.com\/www.guinee7.com\/wp-content\/uploads\/2026\/08\/IMG-20260831-WA0033.jpg?w=836&amp;ssl=1\" alt=\"\" width=\"836\" height=\"834\" srcset=\"https:\/\/i0.wp.com\/www.guinee7.com\/wp-content\/uploads\/2026\/08\/IMG-20260831-WA0033.jpg?w=836&amp;ssl=1 836w, https:\/\/i0.wp.com\/www.guinee7.com\/wp-content\/uploads\/2026\/08\/IMG-20260831-WA0033.jpg?resize=300%2C300&amp;ssl=1 300w, https:\/\/i0.wp.com\/www.guinee7.com\/wp-content\/uploads\/2026\/08\/IMG-20260831-WA0033.jpg?resize=150%2C150&amp;ssl=1 150w, https:\/\/i0.wp.com\/www.guinee7.com\/wp-content\/uploads\/2026\/08\/IMG-20260831-WA0033.jpg?resize=768%2C766&amp;ssl=1 768w\" sizes=\"auto, (max-width: 836px) 100vw, 836px\"><\/p>\n<p><strong><span style=\"font-size: 20px;\">Thierno Abdoul Barry pour guinee7.com<\/span><\/strong><!--\/data\/user\/0\/com.samsung.android.app.notes\/files\/clipdata\/clipdata_bodytext_260831_171540_916.sdocx--><\/p>\n<\/div>\n","protected":false},"excerpt":{"rendered":"<p>Miami, en Floride \u2013 Une page historique du football argentin se tourne. Lionel Messi a officiellement annonc\u00e9 ce lundi sur Instagram sa retraite de l\u2019\u00e9quipe nationale d\u2019Argentine \u00e0 travers un message charg\u00e9 d\u2019\u00e9motion. Le capitaine de l\u2019Albiceleste explique avoir pris cette d\u00e9cision apr\u00e8s une longue r\u00e9flexion, quelques semaines apr\u00e8s la finale. \u00ab Apr\u00e8s tout ce &hellip;<\/p>\n","protected":false},"author":1,"featured_media":0,"comment_status":"closed","ping_status":"closed","sticky":false,"template":"","format":"standard","meta":{"footnotes":""},"categories":[2],"tags":[22],"_links":{"self":[{"href":"https:\/\/de.ambaguinee.org\/index.php?rest_route=\/wp\/v2\/posts\/132692"}],"collection":[{"href":"https:\/\/de.ambaguinee.org\/index.php?rest_route=\/wp\/v2\/posts"}],"about":[{"href":"https:\/\/de.ambaguinee.org\/index.php?rest_route=\/wp\/v2\/types\/post"}],"author":[{"embeddable":true,"href":"https:\/\/de.ambaguinee.org\/index.php?rest_route=\/wp\/v2\/users\/1"}],"replies":[{"embeddable":true,"href":"https:\/\/de.ambaguinee.org\/index.php?rest_route=%2Fwp%2Fv2%2Fcomments&post=132692"}],"version-history":[{"count":0,"href":"https:\/\/de.ambaguinee.org\/index.php?rest_route=\/wp\/v2\/posts\/132692\/revisions"}],"wp:attachment":[{"href":"https:\/\/de.ambaguinee.org\/index.php?rest_route=%2Fwp%2Fv2%2Fmedia&parent=132692"}],"wp:term":[{"taxonomy":"category","embeddable":true,"href":"https:\/\/de.ambaguinee.org\/index.php?rest_route=%2Fwp%2Fv2%2Fcategories&post=132692"},{"taxonomy":"post_tag","embeddable":true,"href":"https:\/\/de.ambaguinee.org\/index.php?rest_route=%2Fwp%2Fv2%2Ftags&post=132692"}],"curies":[{"name":"wp","href":"https:\/\/api.w.org\/{rel}","templated":true}]}}