{"id":132777,"date":"2026-09-01T23:04:11","date_gmt":"2026-09-01T21:04:11","guid":{"rendered":"https:\/\/de.ambaguinee.org\/?p=132777"},"modified":"2026-09-01T23:04:11","modified_gmt":"2026-09-01T21:04:11","slug":"franco-arabe-en-guinee-une-discrimination-denonce-le-syndicat","status":"publish","type":"post","link":"https:\/\/de.ambaguinee.org\/?p=132777","title":{"rendered":"Franco-arabe en Guin\u00e9e : \u2018\u2018Une discrimination\u2019\u2019, d\u00e9nonce le Syndicat"},"content":{"rendered":"<div>\n<div style=\"margin-bottom:20px;\"><img width=\"700\" height=\"720\"src=\"https:\/\/i0.wp.com\/www.guinee7.com\/wp-content\/uploads\/2026\/09\/Ibrahima-Mansare.jpeg?w=700&amp;ssl=1\" class=\"attachment-post-thumbnail size-post-thumbnail wp-post-image\" alt=\"\" decoding=\"async\" loading=\"lazy\" srcset=\"https:\/\/i0.wp.com\/www.guinee7.com\/wp-content\/uploads\/2026\/09\/Ibrahima-Mansare.jpeg?w=700&amp;ssl=1 700w, https:\/\/i0.wp.com\/www.guinee7.com\/wp-content\/uploads\/2026\/09\/Ibrahima-Mansare.jpeg?resize=292%2C300&amp;ssl=1 292w\" sizes=\"auto, (max-width: 700px) 100vw, 700px\"><\/div>\n<p>L\u2019enseignement franco-arabe occupe une place importante dans le syst\u00e8me \u00e9ducatif guin\u00e9en. Pourtant, le secteur reste confront\u00e9 \u00e0 de nombreuses difficult\u00e9s, notamment en mati\u00e8re d\u2019infrastructures, de reconnaissance des dipl\u00f4mes et d\u2019acc\u00e8s \u00e0 certaines fili\u00e8res d\u2019excellence.<\/p>\n<p>Invit\u00e9 de notre \u00e9mission \u00a0\u00bb A vous l\u2019antenne\u00a0\u00bb, Dr Ibrahima Mansar\u00e9, secr\u00e9taire g\u00e9n\u00e9ral du Syndicat de l\u2019enseignement franco-arabe, a d\u00e9nonc\u00e9 une situation qu\u2019il qualifie de marginalisation et de discrimination \u00e0 l\u2019\u00e9gard des \u00e9l\u00e8ves et enseignants issus de ce syst\u00e8me.<\/p>\n<p>Au c\u0153ur des pr\u00e9occupations du syndicat figure notamment l\u2019exclusion de certains laur\u00e9ats du franco-arabe de concours et d\u2019\u00e9tablissements d\u2019excellence, parmi lesquels le Prytan\u00e9e militaire et les classes pr\u00e9paratoires de Dalaba. Le syndicaliste estime que ces restrictions constituent une atteinte au principe d\u2019\u00e9galit\u00e9 des chances et appelle les autorit\u00e9s \u00e0 revoir les dispositions qui encadrent l\u2019acc\u00e8s \u00e0 ces formations.<\/p>\n<p>Dr Ibrahima Mansar\u00e9 revient \u00e9galement sur la place de l\u2019enseignement franco-arabe dans le paysage \u00e9ducatif national, ses effectifs, ses r\u00e9sultats et les parcours de r\u00e9ussite de ses dipl\u00f4m\u00e9s, notamment dans des domaines comme l\u2019ing\u00e9nierie, la finance ou encore les nouvelles technologies.<\/p>\n<p>Ci-dessous, l\u2019int\u00e9gralit\u00e9 de l\u2019\u00e9mission<\/p>\n<p><iframe loading=\"lazy\" title=\"Franco-arabe : l'\u00e9cole des oubli\u00e9s ?\" src=\"https:\/\/www.youtube.com\/embed\/c6OTXEGTcf0\" width=\"1030\" height=\"579\" frameborder=\"0\" allowfullscreen=\"allowfullscreen\"><\/iframe><\/p>\n<p>Ibrahima Sory Diallo pour Guinee7.com<\/p>\n<\/div>\n","protected":false},"excerpt":{"rendered":"<p>L\u2019enseignement franco-arabe occupe une place importante dans le syst\u00e8me \u00e9ducatif guin\u00e9en. Pourtant, le secteur reste confront\u00e9 \u00e0 de nombreuses difficult\u00e9s, notamment en mati\u00e8re d\u2019infrastructures, de reconnaissance des dipl\u00f4mes et d\u2019acc\u00e8s \u00e0 certaines fili\u00e8res d\u2019excellence. Invit\u00e9 de notre \u00e9mission \u00a0\u00bb A vous l\u2019antenne\u00a0\u00bb, Dr Ibrahima Mansar\u00e9, secr\u00e9taire g\u00e9n\u00e9ral du Syndicat de l\u2019enseignement franco-arabe, a d\u00e9nonc\u00e9 une &hellip;<\/p>\n","protected":false},"author":1,"featured_media":0,"comment_status":"closed","ping_status":"closed","sticky":false,"template":"","format":"standard","meta":{"footnotes":""},"categories":[2],"tags":[22],"_links":{"self":[{"href":"https:\/\/de.ambaguinee.org\/index.php?rest_route=\/wp\/v2\/posts\/132777"}],"collection":[{"href":"https:\/\/de.ambaguinee.org\/index.php?rest_route=\/wp\/v2\/posts"}],"about":[{"href":"https:\/\/de.ambaguinee.org\/index.php?rest_route=\/wp\/v2\/types\/post"}],"author":[{"embeddable":true,"href":"https:\/\/de.ambaguinee.org\/index.php?rest_route=\/wp\/v2\/users\/1"}],"replies":[{"embeddable":true,"href":"https:\/\/de.ambaguinee.org\/index.php?rest_route=%2Fwp%2Fv2%2Fcomments&post=132777"}],"version-history":[{"count":0,"href":"https:\/\/de.ambaguinee.org\/index.php?rest_route=\/wp\/v2\/posts\/132777\/revisions"}],"wp:attachment":[{"href":"https:\/\/de.ambaguinee.org\/index.php?rest_route=%2Fwp%2Fv2%2Fmedia&parent=132777"}],"wp:term":[{"taxonomy":"category","embeddable":true,"href":"https:\/\/de.ambaguinee.org\/index.php?rest_route=%2Fwp%2Fv2%2Fcategories&post=132777"},{"taxonomy":"post_tag","embeddable":true,"href":"https:\/\/de.ambaguinee.org\/index.php?rest_route=%2Fwp%2Fv2%2Ftags&post=132777"}],"curies":[{"name":"wp","href":"https:\/\/api.w.org\/{rel}","templated":true}]}}