{"id":132778,"date":"2026-09-01T23:04:11","date_gmt":"2026-09-01T21:04:11","guid":{"rendered":"https:\/\/de.ambaguinee.org\/?p=132778"},"modified":"2026-09-01T23:04:11","modified_gmt":"2026-09-01T21:04:11","slug":"guinee-reprise-de-la-peche-industrielle-et-semi-industrielle-apres-deux-mois-de-repos-biologique","status":"publish","type":"post","link":"https:\/\/de.ambaguinee.org\/?p=132778","title":{"rendered":"Guin\u00e9e : reprise de la p\u00eache industrielle et semi-industrielle apr\u00e8s deux mois de repos biologique"},"content":{"rendered":"<div>\n<div style=\"margin-bottom:20px;\"><img width=\"800\" height=\"682\"src=\"https:\/\/i0.wp.com\/www.guinee7.com\/wp-content\/uploads\/2024\/08\/petits-poissons-bon.jpeg?w=800&amp;ssl=1\" class=\"attachment-post-thumbnail size-post-thumbnail wp-post-image\" alt=\"\" decoding=\"async\" loading=\"lazy\" srcset=\"https:\/\/i0.wp.com\/www.guinee7.com\/wp-content\/uploads\/2024\/08\/petits-poissons-bon.jpeg?w=800&amp;ssl=1 800w, https:\/\/i0.wp.com\/www.guinee7.com\/wp-content\/uploads\/2024\/08\/petits-poissons-bon.jpeg?resize=300%2C256&amp;ssl=1 300w, https:\/\/i0.wp.com\/www.guinee7.com\/wp-content\/uploads\/2024\/08\/petits-poissons-bon.jpeg?resize=768%2C655&amp;ssl=1 768w\" sizes=\"auto, (max-width: 800px) 100vw, 800px\"><\/div>\n<p><span style=\"font-size: 20px;\">Conakry-Les autorit\u00e9s guin\u00e9ennes ont autoris\u00e9 la reprise des activit\u00e9s de p\u00eache industrielle et semi-industrielle dans les eaux guin\u00e9ennes \u00e0 compter du mardi 1er septembre 2026. L\u2019annonce a \u00e9t\u00e9 faite par la ministre de la P\u00eache et de l\u2019\u00c9conomie maritime, Fatima Camara, dans une vid\u00e9o diffus\u00e9e sur la page Facebook de son d\u00e9partement.<\/span><\/p>\n<p><span style=\"font-size: 20px;\">\u00ab Le repos biologique 2026, observ\u00e9 du 1er juillet au 31 ao\u00fbt, arrive \u00e0 son terme. \u00c0 compter du mardi 1er septembre 2026 \u00e0 minuit, temps universel, les activit\u00e9s de p\u00eache industrielle et semi-industrielle reprennent dans la zone allant jusqu\u2019\u00e0 la limite des 60 000 marins, calcul\u00e9s \u00e0 partir de la ligne de base, conform\u00e9ment aux dispositions du plan d\u2019am\u00e9nagement et de gestion des p\u00eacheries maritimes pour l\u2019ann\u00e9e 2026 \u00bb, a annonc\u00e9 la ministre.<\/span><\/p>\n<p><span style=\"font-size: 20px;\">Fatima Camara a rappel\u00e9 que cette p\u00e9riode de fermeture r\u00e9pond \u00e0 un imp\u00e9ratif de pr\u00e9servation des ressources halieutiques. \u00ab Nous devons tous garder \u00e0 l\u2019esprit [qu\u2019il faut] pr\u00e9server nos ressources halieutiques pour mieux assurer leur exploitation dans la dur\u00e9e \u00bb, a-t-elle soulign\u00e9.<\/span><\/p>\n<p><span style=\"font-size: 20px;\">Selon la ministre, cette fermeture intervient au moment o\u00f9 les principales esp\u00e8ces connaissent leur p\u00e9riode de reproduction. Elle constitue, \u00e0 ce titre, \u00ab un instrument essentiel de gestion de nos p\u00eacheries \u00bb.<\/span><\/p>\n<p><span style=\"font-size: 20px;\">Au cours des deux mois de repos biologique, l\u2019\u00c9tat a maintenu une mobilisation sur le terrain. \u00ab Les structures charg\u00e9es du contr\u00f4le et de la surveillance des p\u00eaches ont renforc\u00e9 leurs collaborations et mutualis\u00e9 leurs moyens pour assurer le respect de la mesure d\u2019interdiction de p\u00eache \u00bb, a affirm\u00e9 Fatima Camara.<\/span><\/p>\n<p><span style=\"font-size: 20px;\">La ministre a \u00e9galement indiqu\u00e9 que l\u2019approvisionnement des march\u00e9s en poisson avait \u00e9t\u00e9 maintenu durant la p\u00e9riode de fermeture, notamment gr\u00e2ce aux mesures prises par le gouvernement.<\/span><\/p>\n<p><span style=\"font-size: 20px;\">\u00ab Dans le m\u00eame temps, nous avons veill\u00e9 \u00e0 ce que la fermeture saisonni\u00e8re ne compromette pas l\u2019approvisionnement de nos march\u00e9s. Gr\u00e2ce aux dispositions prises par le gouvernement, notamment l\u2019exon\u00e9ration des droits et taxes \u00e0 l\u2019importation de 15 000 tonnes de produits halieutiques, l\u2019approvisionnement des march\u00e9s locaux a pu \u00eatre soutenu et l\u2019impact de cette p\u00e9riode sur les m\u00e9nages att\u00e9nu\u00e9 \u00bb, a-t-elle expliqu\u00e9.<\/span><\/p>\n<p><span style=\"font-size: 20px;\">Avec la reprise des activit\u00e9s, la ministre appelle les diff\u00e9rents acteurs du secteur \u00e0 faire preuve de responsabilit\u00e9 et \u00e0 respecter les r\u00e8gles en vigueur. \u00ab Aujourd\u2019hui, une nouvelle phase s\u2019ouvre. La reprise des activit\u00e9s de p\u00eache industrielle et semi-industrielle doit s\u2019accompagner du m\u00eame sens de responsabilit\u00e9 \u00bb, a d\u00e9clar\u00e9 Fatima Camara.<\/span><\/p>\n<p><span style=\"font-size: 20px;\">Elle a ainsi invit\u00e9 \u00ab les mareyeuses, les p\u00eacheurs, les armateurs, les op\u00e9rateurs \u00e9conomiques et l\u2019ensemble des professionnels de la fili\u00e8re \u00e0 exercer leur activit\u00e9 dans le strict respect de la r\u00e9glementation en vigueur \u00bb.<\/span><\/p>\n<p><span style=\"font-size: 20px;\">Pour la ministre, la gestion durable des ressources halieutiques ne s\u2019arr\u00eate pas \u00e0 la fin du repos biologique. \u00ab Les r\u00e9sultats de l\u2019\u00e9valuation des stocks nous permettront d\u2019appr\u00e9cier l\u2019\u00e9volution des diff\u00e9rents groupes d\u2019esp\u00e8ces et de mieux mesurer les effets de cette p\u00e9riode de repos biologique. Nous devons \u00e9galement contribuer \u00e0 \u00e9clairer les prochaines d\u00e9cisions de gestion de nos p\u00eacheries \u00bb, a-t-elle conclu.<\/span><\/p>\n<p><strong><span style=\"font-size: 20px;\">Bhoye Barry pour guinee7.com<\/span><\/strong><!--\/data\/user\/0\/com.samsung.android.app.notes\/files\/clipdata\/clipdata_bodytext_260901_142031_314.sdocx--><\/p>\n<\/div>\n","protected":false},"excerpt":{"rendered":"<p>Conakry-Les autorit\u00e9s guin\u00e9ennes ont autoris\u00e9 la reprise des activit\u00e9s de p\u00eache industrielle et semi-industrielle dans les eaux guin\u00e9ennes \u00e0 compter du mardi 1er septembre 2026. L\u2019annonce a \u00e9t\u00e9 faite par la ministre de la P\u00eache et de l\u2019\u00c9conomie maritime, Fatima Camara, dans une vid\u00e9o diffus\u00e9e sur la page Facebook de son d\u00e9partement. \u00ab Le repos &hellip;<\/p>\n","protected":false},"author":1,"featured_media":0,"comment_status":"closed","ping_status":"closed","sticky":false,"template":"","format":"standard","meta":{"footnotes":""},"categories":[2],"tags":[22],"_links":{"self":[{"href":"https:\/\/de.ambaguinee.org\/index.php?rest_route=\/wp\/v2\/posts\/132778"}],"collection":[{"href":"https:\/\/de.ambaguinee.org\/index.php?rest_route=\/wp\/v2\/posts"}],"about":[{"href":"https:\/\/de.ambaguinee.org\/index.php?rest_route=\/wp\/v2\/types\/post"}],"author":[{"embeddable":true,"href":"https:\/\/de.ambaguinee.org\/index.php?rest_route=\/wp\/v2\/users\/1"}],"replies":[{"embeddable":true,"href":"https:\/\/de.ambaguinee.org\/index.php?rest_route=%2Fwp%2Fv2%2Fcomments&post=132778"}],"version-history":[{"count":0,"href":"https:\/\/de.ambaguinee.org\/index.php?rest_route=\/wp\/v2\/posts\/132778\/revisions"}],"wp:attachment":[{"href":"https:\/\/de.ambaguinee.org\/index.php?rest_route=%2Fwp%2Fv2%2Fmedia&parent=132778"}],"wp:term":[{"taxonomy":"category","embeddable":true,"href":"https:\/\/de.ambaguinee.org\/index.php?rest_route=%2Fwp%2Fv2%2Fcategories&post=132778"},{"taxonomy":"post_tag","embeddable":true,"href":"https:\/\/de.ambaguinee.org\/index.php?rest_route=%2Fwp%2Fv2%2Ftags&post=132778"}],"curies":[{"name":"wp","href":"https:\/\/api.w.org\/{rel}","templated":true}]}}