{"id":132780,"date":"2026-09-01T23:04:11","date_gmt":"2026-09-01T21:04:11","guid":{"rendered":"https:\/\/de.ambaguinee.org\/?p=132780"},"modified":"2026-09-01T23:04:11","modified_gmt":"2026-09-01T21:04:11","slug":"mairie-de-ratoma-edg-factures-compteur-prepaye-et-violences-les-deux-versions-dun-conflit","status":"publish","type":"post","link":"https:\/\/de.ambaguinee.org\/?p=132780","title":{"rendered":"Mairie de Ratoma\u2013EDG : factures, compteur pr\u00e9pay\u00e9 et violences, les deux versions d\u2019un conflit\u00a0"},"content":{"rendered":"<div>\n<div style=\"margin-bottom:20px;\"><img width=\"1500\" height=\"1125\"src=\"https:\/\/i0.wp.com\/www.guinee7.com\/wp-content\/uploads\/2026\/09\/poster_2026-09-01-034707.png?w=1500&amp;ssl=1\" class=\"attachment-post-thumbnail size-post-thumbnail wp-post-image\" alt=\"\" decoding=\"async\" loading=\"lazy\" srcset=\"https:\/\/i0.wp.com\/www.guinee7.com\/wp-content\/uploads\/2026\/09\/poster_2026-09-01-034707.png?w=1500&amp;ssl=1 1500w, https:\/\/i0.wp.com\/www.guinee7.com\/wp-content\/uploads\/2026\/09\/poster_2026-09-01-034707.png?resize=300%2C225&amp;ssl=1 300w, https:\/\/i0.wp.com\/www.guinee7.com\/wp-content\/uploads\/2026\/09\/poster_2026-09-01-034707.png?resize=1024%2C768&amp;ssl=1 1024w, https:\/\/i0.wp.com\/www.guinee7.com\/wp-content\/uploads\/2026\/09\/poster_2026-09-01-034707.png?resize=768%2C576&amp;ssl=1 768w, https:\/\/i0.wp.com\/www.guinee7.com\/wp-content\/uploads\/2026\/09\/poster_2026-09-01-034707.png?resize=86%2C64&amp;ssl=1 86w\" sizes=\"auto, (max-width: 1500px) 100vw, 1500px\"><\/div>\n<p><strong>Conakry \u2013<\/strong> Le diff\u00e9rend entre la mairie de Ratoma et l\u2019\u00c9lectricit\u00e9 de Guin\u00e9e (EDG) ne se limite plus \u00e0 une question de factures impay\u00e9es ou d\u2019installation de compteur pr\u00e9pay\u00e9. La fermeture de l\u2019agence EDG de Taouyah par les forces de s\u00e9curit\u00e9, les accusations de violences contre des travailleurs et les versions contradictoires des deux parties ont transform\u00e9 le d\u00e9saccord en un v\u00e9ritable bras de fer.<\/p>\n<p>D\u2019un c\u00f4t\u00e9, des responsables et travailleurs de l\u2019EDG d\u00e9noncent une intervention brutale ayant fait plusieurs bless\u00e9s et annoncent une plainte contre la mairie. De l\u2019autre, le maire Kabin\u00e8 Diawara assume avoir ordonn\u00e9 la fermeture de l\u2019agence, tout en rejetant cat\u00e9goriquement les accusations de violences et en contestant le montant de la dette avanc\u00e9 par le syndicat.<\/p>\n<p>Les faits ont \u00e9t\u00e9 rapport\u00e9s notamment par Mosa\u00efqueGuin\u00e9e.com et Mediaguin\u00e9e.com, qui ont recueilli les diff\u00e9rentes versions de cette affaire.<\/p>\n<p><strong>Un d\u00e9saccord autour du compteur pr\u00e9pay\u00e9<\/strong><\/p>\n<p>Selon les \u00e9l\u00e9ments rapport\u00e9s par Mosa\u00efqueGuin\u00e9e.com, le diff\u00e9rend trouve notamment son origine dans la volont\u00e9 de l\u2019EDG d\u2019imposer l\u2019installation de compteurs pr\u00e9pay\u00e9s dans les locaux de la mairie.<\/p>\n<p>Apr\u00e8s plusieurs d\u00e9marches rest\u00e9es infructueuses, la soci\u00e9t\u00e9 aurait d\u00e9cid\u00e9 de suspendre la fourniture d\u2019\u00e9lectricit\u00e9 aux installations communales, reprochant \u00e0 la mairie de ne pas se conformer \u00e0 la campagne nationale de d\u00e9ploiement des compteurs pr\u00e9pay\u00e9s.<\/p>\n<p><img data-recalc-dims=\"1\" loading=\"lazy\" decoding=\"async\" class=\"aligncenter size-full wp-image-166544\"src=\"https:\/\/i0.wp.com\/www.guinee7.com\/wp-content\/uploads\/2026\/09\/IMG-20260901-WA0013.jpg?w=2048&amp;ssl=1\" alt=\"\" width=\"1170\" height=\"878\" srcset=\"https:\/\/i0.wp.com\/www.guinee7.com\/wp-content\/uploads\/2026\/09\/IMG-20260901-WA0013.jpg?w=2048&amp;ssl=1 2048w, https:\/\/i0.wp.com\/www.guinee7.com\/wp-content\/uploads\/2026\/09\/IMG-20260901-WA0013.jpg?resize=300%2C225&amp;ssl=1 300w, https:\/\/i0.wp.com\/www.guinee7.com\/wp-content\/uploads\/2026\/09\/IMG-20260901-WA0013.jpg?resize=1024%2C768&amp;ssl=1 1024w, https:\/\/i0.wp.com\/www.guinee7.com\/wp-content\/uploads\/2026\/09\/IMG-20260901-WA0013.jpg?resize=768%2C576&amp;ssl=1 768w, https:\/\/i0.wp.com\/www.guinee7.com\/wp-content\/uploads\/2026\/09\/IMG-20260901-WA0013.jpg?resize=1536%2C1152&amp;ssl=1 1536w, https:\/\/i0.wp.com\/www.guinee7.com\/wp-content\/uploads\/2026\/09\/IMG-20260901-WA0013.jpg?resize=86%2C64&amp;ssl=1 86w\" sizes=\"auto, (max-width: 1170px) 100vw, 1170px\"><\/p>\n<p>Le maire Kabin\u00e8 Diawara donne toutefois une autre lecture de la situation. Dans une interview accord\u00e9e \u00e0 Mediaguin\u00e9e.com ce mardi 1er septembre 2026, il affirme que le compteur avait d\u00e9j\u00e0 \u00e9t\u00e9 install\u00e9, mais qu\u2019il n\u2019\u00e9tait pas op\u00e9rationnel : \u00ab ce n\u2019est pas vrai non plus. Le compteur a \u00e9t\u00e9 mis depuis quelques mois, mais il n\u2019\u00e9tait pas op\u00e9rationnel. Ils sont venus me voir pour qu\u2019on puisse mettre le compteur op\u00e9rationnel. La mairie est un d\u00e9membrement du gouvernorat, donc il fallait que je me r\u00e9f\u00e8re. J\u2019ai appel\u00e9 au gouvernorat, et j\u2019ai \u00e9t\u00e9 instruit de continuer avec le forfait pour le moment, jusqu\u2019\u00e0 ce qu\u2019ils trouvent un consensus avec le minist\u00e8re de tutelle. \u00bb<\/p>\n<p>Le maire affirme que la coupure du courant est ensuite intervenue alors que la commune cherchait \u00e0 obtenir des explications aupr\u00e8s des responsables de l\u2019EDG : \u00ab depuis mardi dernier, EDG est venue couper nos services. Et pendant ces jours, on a tout fait pour rentrer en contact avec l\u2019EDG via leur directeur technique ou chef technique de service, Monsieur Idrissa Camara. Donc, j\u2019ai mon assistant qui est avec moi, Souleymane, que j\u2019ai instruit d\u2019aller pour les n\u00e9gociations. \u00bb<\/p>\n<p><strong>600 millions ou 11 millions de francs guin\u00e9ens ?<\/strong><\/p>\n<p>La question de la dette constitue l\u2019un des principaux points de divergence entre les deux parties.<\/p>\n<p><img data-recalc-dims=\"1\" loading=\"lazy\" decoding=\"async\" class=\"aligncenter size-full wp-image-166545\"src=\"https:\/\/i0.wp.com\/www.guinee7.com\/wp-content\/uploads\/2026\/09\/IMG-20260901-WA0012.jpg?w=1280&amp;ssl=1\" alt=\"\" width=\"1170\" height=\"658\" srcset=\"https:\/\/i0.wp.com\/www.guinee7.com\/wp-content\/uploads\/2026\/09\/IMG-20260901-WA0012.jpg?w=1280&amp;ssl=1 1280w, https:\/\/i0.wp.com\/www.guinee7.com\/wp-content\/uploads\/2026\/09\/IMG-20260901-WA0012.jpg?resize=300%2C169&amp;ssl=1 300w, https:\/\/i0.wp.com\/www.guinee7.com\/wp-content\/uploads\/2026\/09\/IMG-20260901-WA0012.jpg?resize=1024%2C576&amp;ssl=1 1024w, https:\/\/i0.wp.com\/www.guinee7.com\/wp-content\/uploads\/2026\/09\/IMG-20260901-WA0012.jpg?resize=768%2C432&amp;ssl=1 768w\" sizes=\"auto, (max-width: 1170px) 100vw, 1170px\"><\/p>\n<p>Le secr\u00e9taire g\u00e9n\u00e9ral du coll\u00e8ge syndical d\u2019EDG, Ahmed Cissoko, cit\u00e9 par Mosa\u00efqueGuin\u00e9e.com, affirme que la mairie doit plus de 600 millions de francs guin\u00e9ens \u00e0 la soci\u00e9t\u00e9 et r\u00e9clame le r\u00e8glement de cette dette avant tout r\u00e9tablissement durable de l\u2019alimentation \u00e9lectrique : \u00ab la premi\u00e8re d\u00e9cision est de d\u00e9connecter la mairie. Il faut qu\u2019elle paye ses factures. La commune doit plus de 600 millions de francs guin\u00e9ens \u00e0 EDG, elle doit s\u2019en acquitter et nous devons installer un compteur pr\u00e9pay\u00e9. La pose de ces compteurs est d\u00e9sormais g\u00e9n\u00e9ralis\u00e9e, c\u2019est une d\u00e9cision gouvernementale appliqu\u00e9e partout. La mairie de Ratoma ne peut pas s\u2019y opposer. \u00bb<\/p>\n<p><strong>Kabin\u00e8 Diawara rejette cat\u00e9goriquement ce montant.<\/strong><\/p>\n<p>\u00ab Ils ont parl\u00e9 d\u2019une facture de 600 millions GNF. La facture fra\u00eeche, c\u2019est 11 millions GNF. On a pay\u00e9 5 millions. On a pay\u00e9 5 millions de GNF. Donc, les arri\u00e9r\u00e9s qui \u00e9taient l\u00e0 avant notre arriv\u00e9e, c\u2019\u00e9tait 359 millions GNF, mais \u00e7a, ce n\u2019est pas au compte de la commune. Il y a la Maison des jeunes, il y a la gendarmerie, il y a la police, ainsi de suite. C\u2019est ce qui fait \u00e7a. Mais 600 millions, d\u2019o\u00f9 ? \u00bb A-t-il d\u00e9clar\u00e9.<\/p>\n<p>Le maire accuse m\u00eame certains responsables de l\u2019EDG de pr\u00e9senter, selon lui, une situation financi\u00e8re qui ne correspond pas \u00e0 la r\u00e9alit\u00e9 de la commune : \u00ab quand des responsables qui g\u00e8rent une entreprise sortent pour m\u00e9langer, pour manipuler et pour dire des contre-v\u00e9rit\u00e9s, \u00e7a, c\u2019est la honte. Moi, je suis d\u00e9sol\u00e9 pour eux, parce que je ne sortirai jamais me mettre devant un public et mentir. Je ne le ferai jamais. \u00bb<\/p>\n<p><strong>La convocation d\u2019Idrissa Camara et la fermeture de l\u2019agence<\/strong><\/p>\n<p>Selon le r\u00e9cit de Kabin\u00e8 Diawara, trois jours de discussions sans r\u00e9sultat ont finalement conduit \u00e0 une escalade : \u00ab trois jours sans service \u00e0 la mairie, c\u2019est aberrant. Trois jours sans service, c\u2019est frustrant. Et je suis le premier magistrat de cette juridiction et la premi\u00e8re autorit\u00e9. J\u2019ai vu une sorte d\u2019offense \u00e0 mon \u00e9gard et une certaine injustice. Il fallait que je prenne mes responsabilit\u00e9s. \u00bb<\/p>\n<p>Le maire affirme avoir re\u00e7u le directeur technique d\u2019EDG, Idrissa Camara, dans son bureau. Selon lui, ce dernier aurait promis un r\u00e9tablissement du courant avant de revenir sur cette promesse : \u00ab il \u00e9tait venu \u00e0 mon bureau \u00e0 17h. J\u2019\u00e9tais avec mon DMR et puis un de mes assistants, et il a promis fermement qu\u2019il allait r\u00e9tablir le courant le jeudi. Il \u00e9tait 17h. Les portes \u00e9taient closes, il rentre, et je me rends compte \u00e0 20h30 que le courant n\u2019est pas r\u00e9tabli. \u00bb<\/p>\n<p>Le lendemain, une convocation aurait \u00e9t\u00e9 adress\u00e9e au responsable technique : \u00ab donc, le lendemain, j\u2019ai instruit mon commandant, le colonel Bent\u00e8, de faire une r\u00e9quisition, une convocation, pour que Monsieur Camara Idrissa vienne s\u2019expliquer. Ils sont all\u00e9s le servir. Il a pris la convocation, il a refus\u00e9 de venir en disant qu\u2019il va faire remonter \u00e7a encore \u00e0 ses sup\u00e9rieurs parce que c\u2019est eux qui l\u2019ont mandat\u00e9. \u00bb<\/p>\n<p>Le maire dit alors avoir consid\u00e9r\u00e9 la situation comme un acte de sabotage : \u00ab c\u2019est \u00e0 partir de l\u00e0 maintenant que j\u2019ai senti qu\u2019il y avait un acte de sabotage. Un acte de manipulation, mais venant d\u2019o\u00f9 ? Dieu seul le sait. \u00bb<\/p>\n<p>Il reconna\u00eet ensuite avoir donn\u00e9 l\u2019ordre de fermer l\u2019agence EDG de Taouyah : \u00ab et aussit\u00f4t, j\u2019ai ordonn\u00e9 \u00e0 la gendarmerie d\u2019aller fermer l\u2019agence de l\u2019EDG, de mettre tout le monde dehors, d\u2019y mettre des cadenas et de m\u2019envoyer les cl\u00e9s. Et c\u2019est ce qui fut fait. \u00bb<\/p>\n<p><strong>Le t\u00e9moignage de Hadja Mbalou Magassouba<\/strong><\/p>\n<p><img data-recalc-dims=\"1\" loading=\"lazy\" decoding=\"async\" class=\"aligncenter size-full wp-image-166546\"src=\"https:\/\/i0.wp.com\/www.guinee7.com\/wp-content\/uploads\/2026\/09\/IMG-20260901-WA0008.jpg?w=1280&amp;ssl=1\" alt=\"\" width=\"1170\" height=\"658\" srcset=\"https:\/\/i0.wp.com\/www.guinee7.com\/wp-content\/uploads\/2026\/09\/IMG-20260901-WA0008.jpg?w=1280&amp;ssl=1 1280w, https:\/\/i0.wp.com\/www.guinee7.com\/wp-content\/uploads\/2026\/09\/IMG-20260901-WA0008.jpg?resize=300%2C169&amp;ssl=1 300w, https:\/\/i0.wp.com\/www.guinee7.com\/wp-content\/uploads\/2026\/09\/IMG-20260901-WA0008.jpg?resize=1024%2C576&amp;ssl=1 1024w, https:\/\/i0.wp.com\/www.guinee7.com\/wp-content\/uploads\/2026\/09\/IMG-20260901-WA0008.jpg?resize=768%2C432&amp;ssl=1 768w\" sizes=\"auto, (max-width: 1170px) 100vw, 1170px\"><\/p>\n<p>C\u2019est lors de cette intervention que les accusations de violences apparaissent au c\u0153ur du dossier.<\/p>\n<p>Selon Mosa\u00efqueGuin\u00e9e.com, plusieurs agents de l\u2019EDG auraient \u00e9t\u00e9 agress\u00e9s au cours de l\u2019op\u00e9ration. Parmi les personnes concern\u00e9es figure Hadja Mbalou Magassouba, d\u00e9l\u00e9gu\u00e9e r\u00e9gionale de l\u2019EDG, qui affirme avoir \u00e9t\u00e9 bless\u00e9e alors qu\u2019elle tentait de prot\u00e9ger une coll\u00e8gue enceinte.<\/p>\n<p>Son t\u00e9moignage est particuli\u00e8rement pr\u00e9cis sur les circonstances de l\u2019incident. \u00ab Quand j\u2019ai vu une de nos agents en \u00e9tat de famille \u00eatre frapp\u00e9e, je me suis interpos\u00e9e et je l\u2019ai couverte de mon corps pour la prot\u00e9ger. C\u2019est ainsi qu\u2019ils se sont acharn\u00e9s sur moi. Je ne me suis r\u00e9veill\u00e9e qu\u2019\u00e0 l\u2019h\u00f4pital. On nous a agress\u00e9s sous les yeux des voisins du quartier, pour un simple acte de recouvrement dans l\u2019exercice de nos fonctions \u00bb, a-t-elle fustig\u00e9.<\/p>\n<p><img data-recalc-dims=\"1\" loading=\"lazy\" decoding=\"async\" class=\"aligncenter size-full wp-image-166547\"src=\"https:\/\/i0.wp.com\/www.guinee7.com\/wp-content\/uploads\/2026\/09\/IMG-20260901-WA0011.jpg?w=1280&amp;ssl=1\" alt=\"\" width=\"1170\" height=\"659\" srcset=\"https:\/\/i0.wp.com\/www.guinee7.com\/wp-content\/uploads\/2026\/09\/IMG-20260901-WA0011.jpg?w=1280&amp;ssl=1 1280w, https:\/\/i0.wp.com\/www.guinee7.com\/wp-content\/uploads\/2026\/09\/IMG-20260901-WA0011.jpg?resize=300%2C169&amp;ssl=1 300w, https:\/\/i0.wp.com\/www.guinee7.com\/wp-content\/uploads\/2026\/09\/IMG-20260901-WA0011.jpg?resize=1024%2C577&amp;ssl=1 1024w, https:\/\/i0.wp.com\/www.guinee7.com\/wp-content\/uploads\/2026\/09\/IMG-20260901-WA0011.jpg?resize=768%2C433&amp;ssl=1 768w\" sizes=\"auto, (max-width: 1170px) 100vw, 1170px\"><\/p>\n<p>Mosa\u00efqueGuin\u00e9e.com rapporte qu\u2019au moins trois agents auraient \u00e9t\u00e9 gravement touch\u00e9s et hospitalis\u00e9s. Le m\u00e9dia fait \u00e9galement \u00e9tat de t\u00e9l\u00e9phones confisqu\u00e9s au cours de l\u2019intervention. L\u2019un d\u2019eux aurait \u00e9t\u00e9 restitu\u00e9 \u00e0 son propri\u00e9taire \u00e0 condition que les vid\u00e9os enregistr\u00e9es pendant l\u2019agression soient supprim\u00e9es, tandis que d\u2019autres appareils seraient rest\u00e9s entre les mains des forces de l\u2019ordre.<\/p>\n<p>Apr\u00e8s l\u2019incident, la direction g\u00e9n\u00e9rale et le coll\u00e8ge syndical de l\u2019EDG se sont rendus aupr\u00e8s des travailleurs concern\u00e9s.<\/p>\n<p>Hadja Mbalou Magassouba a alors appel\u00e9 \u00e0 mettre fin \u00e0 ce qu\u2019elle consid\u00e8re comme des violences contre les agents du service public : \u00ab nous nous en remettons \u00e0 la sagesse de notre Direction g\u00e9n\u00e9rale et de notre syndicat, mais nous tenons \u00e0 ce qu\u2019il soit mis fin d\u00e9finitivement \u00e0 ces bavures contre les agents du service public \u00bb.<\/p>\n<p><strong>Le syndicat annonce une plainte<\/strong><\/p>\n<p>Face \u00e0 la situation, le coll\u00e8ge syndical d\u2019EDG affirme ne pas vouloir en rester l\u00e0 : \u00ab le vendredi pass\u00e9, nous avons \u00e9t\u00e9 victimes d\u2019une agression de la part de la mairie. Ils sont venus fermer les locaux, bastonner les travailleurs, dont certains sont aujourd\u2019hui hospitalis\u00e9s. Nous sommes venus encourager nos agents. Pour la suite \u00e0 donner \u00e0 ce dossier, nous allons agir de concert avec la Direction g\u00e9n\u00e9rale \u00bb.<\/p>\n<p>Le syndicat annonce \u00e9galement une mesure de r\u00e9torsion contre la mairie : \u00ab la premi\u00e8re d\u00e9cision est de d\u00e9connecter la mairie. Il faut qu\u2019elle paye ses factures. \u00bb<\/p>\n<p>Il annonce par ailleurs une action en justice : \u00ab nous allons porter plainte contre la mairie et suspendre son alimentation \u00e9lectrique tant que nos factures ne seront pas r\u00e9gl\u00e9es \u00bb.<\/p>\n<p>Le responsable syndical encourage toutefois les travailleurs \u00e0 poursuivre leur mission : \u00ab c\u2019est un travail pour la nation qu\u2019ils accomplissent. Si d\u2019aucuns ne le reconnaissent pas, nous, nous le valorisons. L\u2019\u00c9tat sait que nous fournissons un travail de qualit\u00e9. Sur ce, je les f\u00e9licite et les encourage vivement \u00bb.<\/p>\n<p><strong>Le maire conteste les violences<\/strong><\/p>\n<p>Interrog\u00e9 par Mediaguin\u00e9e.com, Kabin\u00e8 Diawara rejette fermement les accusations port\u00e9es contre lui et les forces de s\u00e9curit\u00e9 intervenues \u00e0 l\u2019agence : \u00ab J\u2019ai instruit la gendarmerie de partir, mais je ne leur ai pas dit de saccager. Et si un bureau a \u00e9t\u00e9 saccag\u00e9, ce n\u2019est pas vrai, c\u2019est faux. Si une femme a \u00e9t\u00e9 bastonn\u00e9e, ce n\u2019est pas vrai, c\u2019est faux. \u00bb<\/p>\n<p>Le maire conteste \u00e9galement le fait que l\u2019une des agentes agress\u00e9es \u00e9tait enceinte : \u00ab si une femme se r\u00e9clame enceinte, c\u2019est faux. Parce que la femme dont ils font allusion, c\u2019\u00e9tait une perturbatrice. Quand les policiers sont venus, elle est venue se jeter sur eux. On voulait la faire asseoir, elle s\u2019est jet\u00e9e et a bless\u00e9 un des policiers au menton. \u00bb<\/p>\n<p>Selon sa version, la femme aurait ensuite \u00e9t\u00e9 conduite dans une clinique situ\u00e9e \u00e0 proximit\u00e9 : \u00ab donc, en partant, elle a vu la police venir, elle s\u2019est fait tomber. Et il y avait le pr\u00e9sident du conseil du quartier qui \u00e9tait l\u00e0, qui m\u2019a appel\u00e9. Il y a une clinique juste en face. Je ne connais m\u00eame pas la clinique, la clinique Dozo. Ils m\u2019ont dit : \u201cOn va l\u2019amener.\u201d J\u2019ai dit : \u201cAmenez-la, faites-la examiner et restez \u00e0 c\u00f4t\u00e9.\u201d \u00bb<\/p>\n<p>Kabin\u00e8 Diawara affirme que le m\u00e9decin aurait conclu que la femme n\u2019\u00e9tait pas enceinte : \u00ab le docteur qui est l\u00e0-bas, un docteur Diawara, a affirm\u00e9 qu\u2019elle n\u2019\u00e9tait pas enceinte. C\u2019est faux. \u00bb<\/p>\n<p>Le maire affirme \u00e9galement avoir demand\u00e9 que cette agente soit interpell\u00e9e apr\u00e8s l\u2019incident.<\/p>\n<p><strong>Une sortie de crise temporaire ?<\/strong><\/p>\n<p>Apr\u00e8s la fermeture de l\u2019agence, la direction g\u00e9n\u00e9rale de l\u2019EDG se serait rendue \u00e0 la mairie pour tenter de trouver une issue au conflit.<\/p>\n<p>Selon Kabin\u00e8 Diawara, plusieurs responsables de l\u2019entreprise ont particip\u00e9 \u00e0 la rencontre : \u00ab donc, une heure apr\u00e8s, toute une partie de la direction g\u00e9n\u00e9rale de l\u2019EDG \u00e9tait venue me voir \u00e0 mon bureau. Il y avait le DGA, le conseiller juridique, le responsable commercial, ainsi de suite, qui sont venus. Et \u00e7a, c\u2019\u00e9tait le vendredi, juste apr\u00e8s une heure. Donc, on s\u2019est expliqu\u00e9. Tout est redevenu normal, ils se sont excus\u00e9s. \u00bb<\/p>\n<p>Le maire affirme avoir ensuite ordonn\u00e9 la r\u00e9ouverture de l\u2019agence et accept\u00e9 de ne pas faire arr\u00eater Idrissa Camara : \u00ab ils m\u2019ont demand\u00e9 de lib\u00e9rer leur agence et j\u2019ai donn\u00e9 l\u2019ordre aussit\u00f4t. J\u2019ai appel\u00e9 le colonel pour lui dire d\u2019aller enlever les cadenas. \u00bb<\/p>\n<p>Selon lui, un d\u00e9lai d\u2019un mois a ensuite \u00e9t\u00e9 accord\u00e9 pour r\u00e9gler la question du compteur : \u00ab ils m\u2019ont donn\u00e9 un mois. Un mois ! Tous ceux qui sont venus ont sign\u00e9. Je documente tout, hein ! Ils ont sign\u00e9 ici, ils ont leurs noms. Ils ont donn\u00e9 un mois afin qu\u2019on r\u00e9gularise cette affaire de compteur. Et quand ils vont revenir maintenant, soit on met le compteur, soit on a re\u00e7u d\u2019autres instructions venant de notre tutelle pour voir ce qui doit \u00eatre fait \u00bb.<\/p>\n<p><strong>Deux versions, un m\u00eame conflit<\/strong><\/p>\n<p>\u00c0 travers les d\u00e9clarations recueillies par Mosa\u00efqueGuin\u00e9e.com et Mediaguin\u00e9e.com, deux r\u00e9cits tr\u00e8s diff\u00e9rents se confrontent donc.<\/p>\n<p>Le diff\u00e9rend laisse ainsi plusieurs questions en suspens : quel est exactement le montant d\u00fb par la mairie \u00e0 l\u2019EDG ? Quelle est la part des dettes attribuable directement \u00e0 la commune ? Pourquoi le compteur pr\u00e9pay\u00e9 n\u2019a-t-il pas \u00e9t\u00e9 mis en service ? Et surtout, que s\u2019est-il r\u00e9ellement pass\u00e9 lors de l\u2019intervention \u00e0 l\u2019agence de Taouyah ?<\/p>\n<p><strong>Abdoul Lory Sylla pour guinee7.com\u00a0<\/strong><\/p>\n<\/div>\n","protected":false},"excerpt":{"rendered":"<p>Conakry \u2013 Le diff\u00e9rend entre la mairie de Ratoma et l\u2019\u00c9lectricit\u00e9 de Guin\u00e9e (EDG) ne se limite plus \u00e0 une question de factures impay\u00e9es ou d\u2019installation de compteur pr\u00e9pay\u00e9. La fermeture de l\u2019agence EDG de Taouyah par les forces de s\u00e9curit\u00e9, les accusations de violences contre des travailleurs et les versions contradictoires des deux parties &hellip;<\/p>\n","protected":false},"author":1,"featured_media":0,"comment_status":"closed","ping_status":"closed","sticky":false,"template":"","format":"standard","meta":{"footnotes":""},"categories":[2],"tags":[22],"_links":{"self":[{"href":"https:\/\/de.ambaguinee.org\/index.php?rest_route=\/wp\/v2\/posts\/132780"}],"collection":[{"href":"https:\/\/de.ambaguinee.org\/index.php?rest_route=\/wp\/v2\/posts"}],"about":[{"href":"https:\/\/de.ambaguinee.org\/index.php?rest_route=\/wp\/v2\/types\/post"}],"author":[{"embeddable":true,"href":"https:\/\/de.ambaguinee.org\/index.php?rest_route=\/wp\/v2\/users\/1"}],"replies":[{"embeddable":true,"href":"https:\/\/de.ambaguinee.org\/index.php?rest_route=%2Fwp%2Fv2%2Fcomments&post=132780"}],"version-history":[{"count":0,"href":"https:\/\/de.ambaguinee.org\/index.php?rest_route=\/wp\/v2\/posts\/132780\/revisions"}],"wp:attachment":[{"href":"https:\/\/de.ambaguinee.org\/index.php?rest_route=%2Fwp%2Fv2%2Fmedia&parent=132780"}],"wp:term":[{"taxonomy":"category","embeddable":true,"href":"https:\/\/de.ambaguinee.org\/index.php?rest_route=%2Fwp%2Fv2%2Fcategories&post=132780"},{"taxonomy":"post_tag","embeddable":true,"href":"https:\/\/de.ambaguinee.org\/index.php?rest_route=%2Fwp%2Fv2%2Ftags&post=132780"}],"curies":[{"name":"wp","href":"https:\/\/api.w.org\/{rel}","templated":true}]}}