{"id":132872,"date":"2026-09-02T23:03:44","date_gmt":"2026-09-02T21:03:44","guid":{"rendered":"https:\/\/de.ambaguinee.org\/?p=132872"},"modified":"2026-09-02T23:03:44","modified_gmt":"2026-09-02T21:03:44","slug":"transfert-yadaly-diaby-quitte-la-france-et-pose-ses-valises-au-canada","status":"publish","type":"post","link":"https:\/\/de.ambaguinee.org\/?p=132872","title":{"rendered":"Transfert : Yadaly Diaby quitte la France et pose ses valises au Canada"},"content":{"rendered":"<div>\n<p><strong>VANCOUVER- C\u2019est officiel, l\u2019attaquant international guin\u00e9en Yadaly Diaby a sign\u00e9 au Canada avec les Vancouver Whitecaps. Le club de Major League Soccer (MLS) a annonc\u00e9 son transfert d\u00e9finitif ce 1er septembre 2026 en provenance du Grenoble Foot, en Ligue 2 fran\u00e7aise<\/strong>.<\/p>\n<p>L\u2019ailier de 26 ans s\u2019est engag\u00e9 avec la franchise canadienne jusqu\u2019\u00e0 la fin de la saison 2029-2030, avec une ann\u00e9e suppl\u00e9mentaire en option. L\u2019op\u00e9ration est estim\u00e9e \u00e0 environ 1,3 million d\u2019euros. Yadaly quitte Grenoble apr\u00e8s 1 an et demi, laissant derri\u00e8re lui une solide fiche de 51 matchs, 12 buts et 7 passes d\u00e9cisives toutes comp\u00e9titions confondues.<\/p>\n<p>Le joueur du Syli National s\u2019appr\u00eate ainsi \u00e0 franchir un grand cap en rejoignant les Vancouver Whitecaps, qui r\u00e9alisent une excellente saison au sommet de la MLS.<\/p>\n<p><strong>Mohamed LAMINE TOUR\u00c9 <\/strong><\/p>\n<p>L\u2019article <a href=\"https:\/\/guineefoot.info\/transfert-yadaly-diaby-quitte-la-france-et-pose-ses-valises-au-canada\/\">Transfert : Yadaly Diaby quitte la France et pose ses valises au Canada<\/a> est apparu en premier sur <a href=\"https:\/\/guineefoot.info\/\">Guineefoot<\/a>.<\/p>\n<\/div>\n","protected":false},"excerpt":{"rendered":"<p>VANCOUVER- C\u2019est officiel, l\u2019attaquant international guin\u00e9en Yadaly Diaby a sign\u00e9 au Canada avec les Vancouver Whitecaps. Le club de Major League Soccer (MLS) a annonc\u00e9 son transfert d\u00e9finitif ce 1er septembre 2026 en provenance du Grenoble Foot, en Ligue 2 fran\u00e7aise. L\u2019ailier de 26 ans s\u2019est engag\u00e9 avec la franchise canadienne jusqu\u2019\u00e0 la fin de &hellip;<\/p>\n","protected":false},"author":1,"featured_media":0,"comment_status":"closed","ping_status":"closed","sticky":false,"template":"","format":"standard","meta":{"footnotes":""},"categories":[4],"tags":[],"_links":{"self":[{"href":"https:\/\/de.ambaguinee.org\/index.php?rest_route=\/wp\/v2\/posts\/132872"}],"collection":[{"href":"https:\/\/de.ambaguinee.org\/index.php?rest_route=\/wp\/v2\/posts"}],"about":[{"href":"https:\/\/de.ambaguinee.org\/index.php?rest_route=\/wp\/v2\/types\/post"}],"author":[{"embeddable":true,"href":"https:\/\/de.ambaguinee.org\/index.php?rest_route=\/wp\/v2\/users\/1"}],"replies":[{"embeddable":true,"href":"https:\/\/de.ambaguinee.org\/index.php?rest_route=%2Fwp%2Fv2%2Fcomments&post=132872"}],"version-history":[{"count":0,"href":"https:\/\/de.ambaguinee.org\/index.php?rest_route=\/wp\/v2\/posts\/132872\/revisions"}],"wp:attachment":[{"href":"https:\/\/de.ambaguinee.org\/index.php?rest_route=%2Fwp%2Fv2%2Fmedia&parent=132872"}],"wp:term":[{"taxonomy":"category","embeddable":true,"href":"https:\/\/de.ambaguinee.org\/index.php?rest_route=%2Fwp%2Fv2%2Fcategories&post=132872"},{"taxonomy":"post_tag","embeddable":true,"href":"https:\/\/de.ambaguinee.org\/index.php?rest_route=%2Fwp%2Fv2%2Ftags&post=132872"}],"curies":[{"name":"wp","href":"https:\/\/api.w.org\/{rel}","templated":true}]}}