{"id":133045,"date":"2026-09-04T23:04:34","date_gmt":"2026-09-04T21:04:34","guid":{"rendered":"https:\/\/de.ambaguinee.org\/?p=133045"},"modified":"2026-09-04T23:04:34","modified_gmt":"2026-09-04T21:04:34","slug":"cour-supreme-les-chefs-daccusation-contre-algassimou-diallo-devoiles-le-proces-renvoye-au-8-septembre","status":"publish","type":"post","link":"https:\/\/de.ambaguinee.org\/?p=133045","title":{"rendered":"Cour supr\u00eame : les chefs d\u2019accusation contre Algassimou Diallo d\u00e9voil\u00e9s, le proc\u00e8s renvoy\u00e9 au 8 septembre"},"content":{"rendered":"<div>\n<div style=\"margin-bottom:20px;\"><img width=\"576\" height=\"523\"src=\"https:\/\/i0.wp.com\/www.guinee7.com\/wp-content\/uploads\/2026\/08\/img-20260819-wa0026.webp?w=576&amp;ssl=1\" class=\"attachment-post-thumbnail size-post-thumbnail wp-post-image\" alt=\"IMG-20260819-WA0026\" decoding=\"async\" loading=\"lazy\" srcset=\"https:\/\/i0.wp.com\/www.guinee7.com\/wp-content\/uploads\/2026\/08\/img-20260819-wa0026.webp?w=576&amp;ssl=1 576w, https:\/\/i0.wp.com\/www.guinee7.com\/wp-content\/uploads\/2026\/08\/img-20260819-wa0026.webp?resize=300%2C272&amp;ssl=1 300w\" sizes=\"auto, (max-width: 576px) 100vw, 576px\"><\/div>\n<p><span style=\"font-size: 17px;\">Conakry-Le dossier d\u2019Algassimou Diallo a \u00e9t\u00e9 \u00e9voqu\u00e9 devant la Cour supr\u00eame, ce vendredi 4 septembre 2026. L\u2019ancien avocat g\u00e9n\u00e9ral est poursuivi pour des faits pr\u00e9sum\u00e9s de \u00ab provocation \u00e0 la discrimination, \u00e0 la <\/span><span style=\"font-size: 17px;\">hain<\/span><span style=\"font-size: 17px;\">e<\/span><span style=\"font-size: 17px;\"> pour discrimination et association de malfaiteurs \u00bb.<\/span><\/p>\n<p><span style=\"font-size: 17px;\">Algassimou Diallo compara\u00eet devant les chambres r\u00e9unies. L\u2019audience est pr\u00e9sid\u00e9e par Ibrahima Sory I Tounkara. Le minist\u00e8re public est repr\u00e9sent\u00e9 par<\/span><span style=\"font-size: 17px;\"> El Hadj Sidy Souleymane N\u2019D<\/span><span style=\"font-size: 17px;\">iaye.<\/span><\/p>\n<p><span style=\"font-size: 17px;\">D\u00e8s l\u2019ouverture de l\u2019audience, la d\u00e9fense d\u2019Algassimou Diallo a pris la parole pour demander le renvoi de l\u2019audience jusqu\u2019\u00e0 la fin des vacances judiciaires. Selon les avocats de la d\u00e9fense, ils ne peuvent pas plaider pendant cette p\u00e9riode. Une demande rejet\u00e9e par le minist\u00e8re public.<\/span><\/p>\n<p><span style=\"font-size: 17px;\">Apr\u00e8s les \u00e9changes, le pr\u00e9sident de l\u2019audi<\/span><span style=\"font-size: 17px;\">ence a d\u00e9clar\u00e9 que la Cour se prononcera le mardi 8 septembre prochain. Ainsi, le proc\u00e8s a \u00e9t\u00e9 renvoy\u00e9 \u00e0 cette date.<\/span><\/p>\n<p><strong><span style=\"font-size: 17px;\">Bhoye Barry pour guinee7.com<\/span><\/strong><!--\/data\/user\/0\/com.samsung.android.app.notes\/files\/clipdata\/clipdata_bodytext_260904_162248_901.sdocx--><\/p>\n<\/div>\n","protected":false},"excerpt":{"rendered":"<p>Conakry-Le dossier d\u2019Algassimou Diallo a \u00e9t\u00e9 \u00e9voqu\u00e9 devant la Cour supr\u00eame, ce vendredi 4 septembre 2026. L\u2019ancien avocat g\u00e9n\u00e9ral est poursuivi pour des faits pr\u00e9sum\u00e9s de \u00ab provocation \u00e0 la discrimination, \u00e0 la haine pour discrimination et association de malfaiteurs \u00bb. Algassimou Diallo compara\u00eet devant les chambres r\u00e9unies. L\u2019audience est pr\u00e9sid\u00e9e par Ibrahima Sory I &hellip;<\/p>\n","protected":false},"author":1,"featured_media":0,"comment_status":"closed","ping_status":"closed","sticky":false,"template":"","format":"standard","meta":{"footnotes":""},"categories":[2],"tags":[22],"_links":{"self":[{"href":"https:\/\/de.ambaguinee.org\/index.php?rest_route=\/wp\/v2\/posts\/133045"}],"collection":[{"href":"https:\/\/de.ambaguinee.org\/index.php?rest_route=\/wp\/v2\/posts"}],"about":[{"href":"https:\/\/de.ambaguinee.org\/index.php?rest_route=\/wp\/v2\/types\/post"}],"author":[{"embeddable":true,"href":"https:\/\/de.ambaguinee.org\/index.php?rest_route=\/wp\/v2\/users\/1"}],"replies":[{"embeddable":true,"href":"https:\/\/de.ambaguinee.org\/index.php?rest_route=%2Fwp%2Fv2%2Fcomments&post=133045"}],"version-history":[{"count":0,"href":"https:\/\/de.ambaguinee.org\/index.php?rest_route=\/wp\/v2\/posts\/133045\/revisions"}],"wp:attachment":[{"href":"https:\/\/de.ambaguinee.org\/index.php?rest_route=%2Fwp%2Fv2%2Fmedia&parent=133045"}],"wp:term":[{"taxonomy":"category","embeddable":true,"href":"https:\/\/de.ambaguinee.org\/index.php?rest_route=%2Fwp%2Fv2%2Fcategories&post=133045"},{"taxonomy":"post_tag","embeddable":true,"href":"https:\/\/de.ambaguinee.org\/index.php?rest_route=%2Fwp%2Fv2%2Ftags&post=133045"}],"curies":[{"name":"wp","href":"https:\/\/api.w.org\/{rel}","templated":true}]}}