{"id":133046,"date":"2026-09-04T23:04:34","date_gmt":"2026-09-04T21:04:34","guid":{"rendered":"https:\/\/de.ambaguinee.org\/?p=133046"},"modified":"2026-09-04T23:04:34","modified_gmt":"2026-09-04T21:04:34","slug":"drame-de-dar-es-salam-cire-kallo-repond-aux-accusations","status":"publish","type":"post","link":"https:\/\/de.ambaguinee.org\/?p=133046","title":{"rendered":"Drame de Dar-Es-Salam : Cir\u00e9 Kallo r\u00e9pond aux accusations"},"content":{"rendered":"<div>\n<div style=\"margin-bottom:20px;\"><img width=\"1080\" height=\"498\"src=\"https:\/\/i0.wp.com\/www.guinee7.com\/wp-content\/uploads\/2026\/09\/IMG-20260904-WA0024.jpg?w=1080&amp;ssl=1\" class=\"attachment-post-thumbnail size-post-thumbnail wp-post-image\" alt=\"\" decoding=\"async\" loading=\"lazy\" srcset=\"https:\/\/i0.wp.com\/www.guinee7.com\/wp-content\/uploads\/2026\/09\/IMG-20260904-WA0024.jpg?w=1080&amp;ssl=1 1080w, https:\/\/i0.wp.com\/www.guinee7.com\/wp-content\/uploads\/2026\/09\/IMG-20260904-WA0024.jpg?resize=300%2C138&amp;ssl=1 300w, https:\/\/i0.wp.com\/www.guinee7.com\/wp-content\/uploads\/2026\/09\/IMG-20260904-WA0024.jpg?resize=1024%2C472&amp;ssl=1 1024w, https:\/\/i0.wp.com\/www.guinee7.com\/wp-content\/uploads\/2026\/09\/IMG-20260904-WA0024.jpg?resize=768%2C354&amp;ssl=1 768w\" sizes=\"auto, (max-width: 1080px) 100vw, 1080px\"><\/div>\n<p><strong>Conakry-<\/strong> Accus\u00e9e par certaines personnes d\u2019avoir voulu profiter du drame de Dar-Es-Salam apr\u00e8s avoir d\u00e9clar\u00e9 \u00e0 la presse avoir perdu cinq membres de sa famille dans l\u2019\u00e9boulement, Cir\u00e9 Kallo a tenu \u00e0 r\u00e9pondre \u00e0 ses d\u00e9tracteurs.<\/p>\n<p>Rencontr\u00e9e lors de la pri\u00e8re fun\u00e9raire organis\u00e9e en hommage aux victimes, elle affirme n\u2019avoir jamais menti sur ce qui est arriv\u00e9 \u00e0 sa famille. Elle pr\u00e9cise \u00e9galement que deux des cinq personnes qu\u2019elle avait \u00e9voqu\u00e9es ont finalement \u00e9t\u00e9 retrouv\u00e9es vivantes.<\/p>\n<p>Pour expliquer sa situation familiale et son lien avec les enfants concern\u00e9s, Cir\u00e9 Kallo rappelle d\u2019abord les conditions dans lesquelles elle subvient aux besoins de sa famille : \u00ab cela fait 18 ans que je nourris mes enfants. Je vends avec un plateau sur la t\u00eate au march\u00e9 Madina Niger. Je ne suis ni malhonn\u00eate ni une arnaqueuse. \u00bb<\/p>\n<p>Revenant ensuite sur les circonstances qui ont pr\u00e9c\u00e9d\u00e9 l\u2019\u00e9boulement, elle explique que sa fille avait \u00e9pous\u00e9 son neveu, le fils de son fr\u00e8re. Selon elle, Yaya avait pris les enfants avant de l\u2019appeler pour la pr\u00e9venir : \u00ab ma fille a \u00e9pous\u00e9 mon neveu, qui est le fils \u00e0 mon fr\u00e8re. Yaya \u00e9tait all\u00e9 prendre tous les enfants. Il m\u2019avait appel\u00e9 pour m\u2019informer, comme quoi \u00ab\u00a0ma tante j\u2019ai envoy\u00e9 les enfants avec moi et je vais les renvoyer le matin\u00a0\u00bb. Je lui ai r\u00e9pondu d\u2019accord. \u00bb<\/p>\n<p>C\u2019est au petit matin qu\u2019elle dit avoir appris l\u2019ensevelissement de la maison. Sous le choc, elle affirme s\u2019\u00eatre rendue imm\u00e9diatement sur les lieux : \u00ab c\u2019est \u00e0 la suite de cela qu\u2019on m\u2019a appel\u00e9 \u00e0 l\u2019aube pour me dire que les ordures les avaient enseveli. C\u2019est ainsi que je suis sortie sans chaussures et sans foulard. Quand j\u2019y suis all\u00e9e, j\u2019ai effectivement trouv\u00e9 que la maison avait \u00e9t\u00e9 ensevelie. J\u2019ai vu qu\u2019on faisait monter Yaya dans l\u2019ambulance. C\u2019est derri\u00e8re cela que j\u2019ai couru. En disant que mes cinq enfants sont morts. \u00bb<\/p>\n<p>Face aux accusations de mensonge dont elle fait l\u2019objet, Cir\u00e9 Kallo insiste sur la sinc\u00e9rit\u00e9 de sa r\u00e9action au moment du drame : \u00ab je n\u2019ai pas menti. Je ne suis pas une menteuse. \u00bb<\/p>\n<p>Elle estime par ailleurs que certains aspects de cette affaire rel\u00e8vent de l\u2019intimit\u00e9 de sa famille et ne peuvent pas \u00eatre expos\u00e9s publiquement : \u00ab je ne pourrais pas entrer dans certains d\u00e9tails qui peuvent exposer l\u2019intimit\u00e9 de ma famille. L\u2019enfant d\u2019un membre de ta famille est \u00e9galement ton enfant. \u00bb<\/p>\n<p>Cir\u00e9 Kallo rejette \u00e9galement les accusations selon lesquelles elle chercherait \u00e0 tirer profit du drame : \u00ab certains disent que je suis une arnaqueuse. Il n\u2019en ai rien. Je n\u2019ai jamais fait preuve de malhonn\u00eatet\u00e9. Je prie Dieu de faire justice. \u00bb<\/p>\n<p>Concernant les cinq personnes qu\u2019elle avait initialement annonc\u00e9es comme d\u00e9c\u00e9d\u00e9es, elle affirme que deux d\u2019entre elles ont finalement \u00e9t\u00e9 retrouv\u00e9es vivantes apr\u00e8s leur prise en charge au CHU Donka : \u00ab il y a deux survivants qui \u00e9taient \u00e0 Donka. Ils sont m\u00eame avec moi ici. Son \u00e9pouse est \u00e9galement avec moi ici. \u00bb<\/p>\n<p>Enfin, face \u00e0 ceux qui contestent son lien avec les enfants victimes de l\u2019\u00e9boulement, Cir\u00e9 Kallo les invite \u00e0 apporter des preuves : \u00ab ceux qui disent que je ne suis pas de la famille et que j\u2019ai menti, n\u2019ont qu\u2019\u00e0 le prouver en montrant qui a la garde des enfants de Yaya. Parce que c\u2019est moi qui h\u00e9berge les enfants. \u00bb<\/p>\n<p>\u00c0 travers cette mise au point, Cir\u00e9 Kallo dit ainsi vouloir r\u00e9tablir les faits sur son t\u00e9moignage et d\u00e9fendre son lien familial avec les victimes du drame de Dar-Es-Salam.<\/p>\n<p>\u00a0<\/p>\n<\/div>\n","protected":false},"excerpt":{"rendered":"<p>Conakry- Accus\u00e9e par certaines personnes d\u2019avoir voulu profiter du drame de Dar-Es-Salam apr\u00e8s avoir d\u00e9clar\u00e9 \u00e0 la presse avoir perdu cinq membres de sa famille dans l\u2019\u00e9boulement, Cir\u00e9 Kallo a tenu \u00e0 r\u00e9pondre \u00e0 ses d\u00e9tracteurs. Rencontr\u00e9e lors de la pri\u00e8re fun\u00e9raire organis\u00e9e en hommage aux victimes, elle affirme n\u2019avoir jamais menti sur ce qui &hellip;<\/p>\n","protected":false},"author":1,"featured_media":0,"comment_status":"closed","ping_status":"closed","sticky":false,"template":"","format":"standard","meta":{"footnotes":""},"categories":[2],"tags":[22],"_links":{"self":[{"href":"https:\/\/de.ambaguinee.org\/index.php?rest_route=\/wp\/v2\/posts\/133046"}],"collection":[{"href":"https:\/\/de.ambaguinee.org\/index.php?rest_route=\/wp\/v2\/posts"}],"about":[{"href":"https:\/\/de.ambaguinee.org\/index.php?rest_route=\/wp\/v2\/types\/post"}],"author":[{"embeddable":true,"href":"https:\/\/de.ambaguinee.org\/index.php?rest_route=\/wp\/v2\/users\/1"}],"replies":[{"embeddable":true,"href":"https:\/\/de.ambaguinee.org\/index.php?rest_route=%2Fwp%2Fv2%2Fcomments&post=133046"}],"version-history":[{"count":0,"href":"https:\/\/de.ambaguinee.org\/index.php?rest_route=\/wp\/v2\/posts\/133046\/revisions"}],"wp:attachment":[{"href":"https:\/\/de.ambaguinee.org\/index.php?rest_route=%2Fwp%2Fv2%2Fmedia&parent=133046"}],"wp:term":[{"taxonomy":"category","embeddable":true,"href":"https:\/\/de.ambaguinee.org\/index.php?rest_route=%2Fwp%2Fv2%2Fcategories&post=133046"},{"taxonomy":"post_tag","embeddable":true,"href":"https:\/\/de.ambaguinee.org\/index.php?rest_route=%2Fwp%2Fv2%2Ftags&post=133046"}],"curies":[{"name":"wp","href":"https:\/\/api.w.org\/{rel}","templated":true}]}}