{"id":133049,"date":"2026-09-04T23:04:35","date_gmt":"2026-09-04T21:04:35","guid":{"rendered":"https:\/\/de.ambaguinee.org\/?p=133049"},"modified":"2026-09-04T23:04:35","modified_gmt":"2026-09-04T21:04:35","slug":"interdiction-des-sachets-plastiques-lupemgui-appelle-les-producteurs-deaux-en-sachet-a-ecouler-leurs-stocks-avant-le-20-septembre","status":"publish","type":"post","link":"https:\/\/de.ambaguinee.org\/?p=133049","title":{"rendered":"Interdiction des sachets plastiques : l\u2019UPEMGUI appelle les producteurs d\u2019eaux en sachet \u00e0 \u00e9couler leurs stocks avant le 20 septembre"},"content":{"rendered":"<div>\n<div style=\"margin-bottom:20px;\"><img width=\"1080\" height=\"510\"src=\"https:\/\/i0.wp.com\/www.guinee7.com\/wp-content\/uploads\/2026\/09\/IMG-20260904-WA0046.jpg?w=1080&amp;ssl=1\" class=\"attachment-post-thumbnail size-post-thumbnail wp-post-image\" alt=\"\" decoding=\"async\" srcset=\"https:\/\/i0.wp.com\/www.guinee7.com\/wp-content\/uploads\/2026\/09\/IMG-20260904-WA0046.jpg?w=1080&amp;ssl=1 1080w, https:\/\/i0.wp.com\/www.guinee7.com\/wp-content\/uploads\/2026\/09\/IMG-20260904-WA0046.jpg?resize=300%2C142&amp;ssl=1 300w, https:\/\/i0.wp.com\/www.guinee7.com\/wp-content\/uploads\/2026\/09\/IMG-20260904-WA0046.jpg?resize=1024%2C484&amp;ssl=1 1024w, https:\/\/i0.wp.com\/www.guinee7.com\/wp-content\/uploads\/2026\/09\/IMG-20260904-WA0046.jpg?resize=768%2C363&amp;ssl=1 768w\" sizes=\"(max-width: 1080px) 100vw, 1080px\"><\/div>\n<p><strong>Guin\u00e9e-<\/strong> \u00c0 quelques jours de l\u2019entr\u00e9e en vigueur annonc\u00e9e de l\u2019interdiction des plastiques \u00e0 usage unique, l\u2019Union des Producteurs d\u2019Eaux Min\u00e9rales de Guin\u00e9e (UPEMGUI) appelle ses membres \u00e0 prendre des dispositions pour \u00e9couler leurs stocks de sachets plastiques avant le 20 septembre 2026.<\/p>\n<p>Dans une declaration lue par son pr\u00e9sident, Souleymane Fofana, \u00e0 la maison de la presse de Conakry ce vendredi, l\u2019organisation professionnelle revient sur les difficult\u00e9s auxquelles les producteurs d\u2019eaux min\u00e9rales en sachet sont confront\u00e9s depuis plusieurs mois et r\u00e9affirme sa volont\u00e9 de privil\u00e9gier le dialogue avec les autorit\u00e9s.<\/p>\n<p>Selon l\u2019UPEMGUI, les producteurs sont confront\u00e9s \u00e0 une situation difficile depuis pr\u00e8s d\u2019un an. L\u2019organisation affirme toutefois que ses membres ont fait preuve de patience et ont respect\u00e9 les proc\u00e9dures engag\u00e9es pour tenter de r\u00e9gulariser leur situation. \u00ab Depuis un (1) an maintenant nous sommes dans une situation difficile qui n\u2019a pas encore connue sa fin. Malgr\u00e9 tout, vous avez fait preuve de sagesse en restant serein et respectant les proc\u00e9dures de r\u00e9gularisation. De ce fait le bureau s\u2019est battu par tous les moyens afin de trouver une sortie de crise. En continuant ce combat, soyez rassurer que le bureau ne m\u00e9nagera aucun effort pour avoir un gain de cause \u00bb, indique Souleymane Fofana.<\/p>\n<p><strong>L\u2019\u00e9ch\u00e9ance du 20 septembre<\/strong><\/p>\n<p>Le pr\u00e9sident de l\u2019UPEMGUI alerte par ailleurs sur la proximit\u00e9 de la date du 20 septembre 2026, qui constitue, selon lui, une nouvelle \u00e9tape dans cette crise. \u00ab D\u2019ici l\u00e0, dans exactement Seize (16) jours soit le 20 Septembre 2026 nous nous retrouverons dans une situation aussi compliqu\u00e9e que le pass\u00e9. La question de l\u2019interdiction des plastiques \u00e0 usage unique est aujourd\u2019hui un enjeu majeur pour la Guin\u00e9e, sur les plans Environnemental, Economique et Social \u00bb, souligne-t-il.<\/p>\n<p>L\u2019organisation tient n\u00e9anmoins \u00e0 pr\u00e9ciser qu\u2019elle ne s\u2019oppose pas au principe de l\u2019interdiction des plastiques \u00e0 usage unique. Elle estime au contraire que la protection de l\u2019environnement constitue un objectif partag\u00e9. \u00ab En tant que Pr\u00e9sident de l\u2019Union des Producteurs d\u2019Eaux Min\u00e9rales de Guin\u00e9e (UPEMGUI), je tiens \u00e0 \u00eatre clair : Nous ne sommes pas contre le d\u00e9cret d\u2019interdiction qui vise d\u2019ailleurs \u00e0 prot\u00e9ger l\u2019environnement. Bien au contraire. Nous voyons chaque jour les d\u00e9g\u00e2ts des d\u00e9chets plastiques dans nos cours d\u2019eau, nos canalisations et notre cadre de vie \u00bb, affirme Souleymane Fofana.<\/p>\n<p><strong>L\u2019UPEMGUI propose de transformer les d\u00e9chets en opportunit\u00e9 \u00e9conomique<\/strong><\/p>\n<p>Pour accompagner cette transition, l\u2019Union propose notamment de d\u00e9velopper une fili\u00e8re de valorisation des d\u00e9chets plastiques. Elle souhaite que ces d\u00e9chets puissent \u00eatre rachet\u00e9s par des unit\u00e9s sp\u00e9cialis\u00e9es et consid\u00e9r\u00e9s comme une v\u00e9ritable mati\u00e8re premi\u00e8re.<\/p>\n<p>L\u2019approche d\u00e9fendue par l\u2019organisation repose sur trois axes : donner une valeur \u00e9conomique aux d\u00e9chets plastiques, d\u00e9velopper de nouvelles activit\u00e9s autour de leur transformation et favoriser la cr\u00e9ation de PME sp\u00e9cialis\u00e9es dans leur collecte et leur traitement. \u00ab Valoriser les d\u00e9chets plastiques en leur donnant un prix d\u2019achat concurrentiel, achet\u00e9 par des unit\u00e9s de transformation. Consid\u00e9rer le plastique comme une mati\u00e8re premi\u00e8re, capable de cr\u00e9er de nouvelles activit\u00e9s et des emplois. Mettre en place progressivement des PME sp\u00e9cialis\u00e9es dans la collecte, le tri et la transformation des d\u00e9chets plastiques \u00bb, d\u00e9taille le pr\u00e9sident de l\u2019UPEMGUI.<\/p>\n<p>Dans cette perspective, l\u2019organisation entend collaborer avec les acteurs d\u00e9j\u00e0 pr\u00e9sents ou dispos\u00e9s \u00e0 int\u00e9grer la cha\u00eene de valeur du plastique : \u00ab pour les PME partenaires, l\u2019UPEMGUI entend travailler main dans la main avec celles d\u00e9j\u00e0 engag\u00e9es ou pr\u00eates \u00e0 s\u2019engager dans la cha\u00eene de valeur du plastique : collecteurs, trieuses, unit\u00e9s de broyage, de lavage et de transformation. Ces PME deviendront des piliers de l\u2019\u00e9conomie circulaire : elles cr\u00e9eront des emplois pour les jeunes et les femmes, r\u00e9duiront la pollution et g\u00e9n\u00e9reront une v\u00e9ritable valeur ajout\u00e9e locale. Ainsi, nous transformons un d\u00e9fi environnemental en opportunit\u00e9 \u00e9conomique pour la Guin\u00e9e. Nous ne sommes pas dans une logique de confrontation, mais de partenariat avec l\u2019\u00c9tat. \u00bb<\/p>\n<p><strong>\u00ab Nous voulons une Guin\u00e9e plus propre \u00bb<\/strong><\/p>\n<p>Tout en reconnaissant l\u2019importance de la lutte contre la pollution plastique, l\u2019UPEMGUI estime que la transition doit \u00e9galement prendre en compte les cons\u00e9quences \u00e9conomiques et sociales li\u00e9es \u00e0 l\u2019activit\u00e9 des producteurs d\u2019eaux en sachet. \u00ab Nous voulons une Guin\u00e9e plus propre, mais aussi une transition qui prot\u00e8ge les emplois, les investissements et les familles qui vivent de cette activit\u00e9 \u00bb, rappelle Souleymane Fofana.<\/p>\n<p>L\u2019organisation adresse \u00e9galement ses f\u00e9licitations au pr\u00e9sident de la R\u00e9publique, Mamadi Doumbouya, ainsi qu\u2019au gouvernement, pour leur engagement en faveur du Programme Simandou 2040. \u00ab C\u2019est pourquoi nous adressons nos chaleureuses f\u00e9licitations \u00e0 son Excellence le Pr\u00e9sident de la R\u00e9publique, le G\u00e9n\u00e9ral Mamadi DOUMBOUYA, ainsi qu\u2019\u00e0 l\u2019ensemble de son Gouvernement, pour leur vision et leur engagement en faveur de la transformation de notre pays \u00e0 travers le Programme Simandou 2040. Nous r\u00e9affirmons notre disponibilit\u00e9 \u00e0 accompagner cette dynamique nationale pour une Guin\u00e9e plus forte, prosp\u00e8re et durable. \u00bb<\/p>\n<p><strong>Arr\u00eat de la production et de la commercialisation \u00e0 partir du 20 septembre<\/strong><\/p>\n<p>En conclusion, l\u2019UPEMGUI demande \u00e0 l\u2019ensemble des producteurs d\u2019eaux min\u00e9rales en sachet d\u2019\u00e9couler leurs stocks avant la date butoir annonc\u00e9e et de suspendre ensuite leur activit\u00e9 jusqu\u2019\u00e0 nouvel ordre. \u00ab Pour finir dans le cadre du respect de l\u2019autorit\u00e9 de l\u2019Etat et de donner une force au bureau pour atteindre l\u2019objectif, nous demandons \u00e0 l\u2019ensemble des producteurs d\u2019eaux min\u00e9rales en sachet, d\u2019\u00e9couler les stocks de plastiques avant le 20 septembre 2026 et d\u2019arr\u00eater toute production et commercialisation des eaux en sachet sur toute l\u2019\u00e9tendue du territoire national \u00e0 partir de cette date jusqu\u2019\u00e0 nouvel ordre \u00bb, annonce le pr\u00e9sident de l\u2019Union des Producteurs d\u2019Eaux Min\u00e9rales de Guin\u00e9e.<\/p>\n<p><strong>Abdoul Lory Sylla pour guinee7.com <\/strong><\/p>\n<\/div>\n","protected":false},"excerpt":{"rendered":"<p>Guin\u00e9e- \u00c0 quelques jours de l\u2019entr\u00e9e en vigueur annonc\u00e9e de l\u2019interdiction des plastiques \u00e0 usage unique, l\u2019Union des Producteurs d\u2019Eaux Min\u00e9rales de Guin\u00e9e (UPEMGUI) appelle ses membres \u00e0 prendre des dispositions pour \u00e9couler leurs stocks de sachets plastiques avant le 20 septembre 2026. Dans une declaration lue par son pr\u00e9sident, Souleymane Fofana, \u00e0 la maison &hellip;<\/p>\n","protected":false},"author":1,"featured_media":0,"comment_status":"closed","ping_status":"closed","sticky":false,"template":"","format":"standard","meta":{"footnotes":""},"categories":[2],"tags":[22],"_links":{"self":[{"href":"https:\/\/de.ambaguinee.org\/index.php?rest_route=\/wp\/v2\/posts\/133049"}],"collection":[{"href":"https:\/\/de.ambaguinee.org\/index.php?rest_route=\/wp\/v2\/posts"}],"about":[{"href":"https:\/\/de.ambaguinee.org\/index.php?rest_route=\/wp\/v2\/types\/post"}],"author":[{"embeddable":true,"href":"https:\/\/de.ambaguinee.org\/index.php?rest_route=\/wp\/v2\/users\/1"}],"replies":[{"embeddable":true,"href":"https:\/\/de.ambaguinee.org\/index.php?rest_route=%2Fwp%2Fv2%2Fcomments&post=133049"}],"version-history":[{"count":0,"href":"https:\/\/de.ambaguinee.org\/index.php?rest_route=\/wp\/v2\/posts\/133049\/revisions"}],"wp:attachment":[{"href":"https:\/\/de.ambaguinee.org\/index.php?rest_route=%2Fwp%2Fv2%2Fmedia&parent=133049"}],"wp:term":[{"taxonomy":"category","embeddable":true,"href":"https:\/\/de.ambaguinee.org\/index.php?rest_route=%2Fwp%2Fv2%2Fcategories&post=133049"},{"taxonomy":"post_tag","embeddable":true,"href":"https:\/\/de.ambaguinee.org\/index.php?rest_route=%2Fwp%2Fv2%2Ftags&post=133049"}],"curies":[{"name":"wp","href":"https:\/\/api.w.org\/{rel}","templated":true}]}}