{"id":133115,"date":"2026-09-05T23:03:41","date_gmt":"2026-09-05T21:03:41","guid":{"rendered":"https:\/\/de.ambaguinee.org\/?p=133115"},"modified":"2026-09-05T23:03:41","modified_gmt":"2026-09-05T21:03:41","slug":"general-mouctar-kaba-le-commandement-des-operations-speciales-na-pas-vocation-a-se-substituer-aux-structures-existantes","status":"publish","type":"post","link":"https:\/\/de.ambaguinee.org\/?p=133115","title":{"rendered":"G\u00e9n\u00e9ral Mouctar Kaba : \u201cle Commandement des op\u00e9rations sp\u00e9ciales n\u2019a pas vocation \u00e0 se substituer aux structures existantes\u201d"},"content":{"rendered":"<div>\n<div style=\"margin-bottom:20px;\"><img width=\"1002\" height=\"707\"src=\"https:\/\/i0.wp.com\/www.guinee7.com\/wp-content\/uploads\/2026\/09\/IMG-20260905-WA0006.jpg?w=1002&amp;ssl=1\" class=\"attachment-post-thumbnail size-post-thumbnail wp-post-image\" alt=\"\" decoding=\"async\" loading=\"lazy\" srcset=\"https:\/\/i0.wp.com\/www.guinee7.com\/wp-content\/uploads\/2026\/09\/IMG-20260905-WA0006.jpg?w=1002&amp;ssl=1 1002w, https:\/\/i0.wp.com\/www.guinee7.com\/wp-content\/uploads\/2026\/09\/IMG-20260905-WA0006.jpg?resize=300%2C212&amp;ssl=1 300w, https:\/\/i0.wp.com\/www.guinee7.com\/wp-content\/uploads\/2026\/09\/IMG-20260905-WA0006.jpg?resize=768%2C542&amp;ssl=1 768w\" sizes=\"auto, (max-width: 1002px) 100vw, 1002px\"><\/div>\n<p><span style=\"font-size: 17px;\">Conakry-Les responsables du Commandement des op\u00e9rations sp\u00e9ciales (COS) ont \u00e9t\u00e9 install\u00e9s dans leurs fonctions. Il s\u2019agit du g\u00e9n\u00e9ral de brigade Mouctar Kaba, commandant du COS, et du lieutenant-colonel Elhadj Baba <\/span><span style=\"font-size: 17px;\">Barry, commandant adjoint. La c\u00e9r\u00e9monie de prise de fonctions s\u2019est d\u00e9roul\u00e9e au camp Koundara, \u00e0 Kaloum, o\u00f9 se trouve le si\u00e8ge du COS, en pr\u00e9sence de la hi\u00e9rarchie militaire.<\/span><\/p>\n<p><span style=\"font-size: 17px;\">L\u2019interop\u00e9rabilit\u00e9 des diff\u00e9rentes unit\u00e9s des forces arm\u00e9es guin\u00e9ennes, la for<\/span><span style=\"font-size: 17px;\">mation, la qualification, la rigueur, le professionnalisme, la discipline et l\u2019efficacit\u00e9 \u00e9taient au centre du premier discours du commandant du Commandement des op\u00e9rations sp\u00e9ciales.<\/span><\/p>\n<p><span style=\"font-size: 17px;\">\u00ab C\u2019est avec un sentiment d\u2019honneur, mais \u00e9galement avec une pleine conscience de la responsabilit\u00e9 qui nous est c<\/span><span style=\"font-size: 17px;\">onfi\u00e9e, que <\/span><span style=\"font-size: 17px;\">mon adjoint et moi prenons aujourd\u2019hui officiellement nos fonctions \u00e0 la t\u00eate du Commandement des op\u00e9rations sp\u00e9ciales. Je voudrais, avant toute chose, adresser mes sinc\u00e8res remerciements \u00e0 Son Excellence Monsieur le Pr\u00e9sident de la R\u00e9publique, chef supr\u00eame des arm\u00e9es, pour la confiance plac\u00e9e en nous \u00bb, a d\u00e9clar\u00e9 le g\u00e9n\u00e9ral Mouctar Kaba chez nos confr\u00e8res <\/span><span style=\"font-size: 17px;\">de la RTG, vendredi 4 septembre 2026.<\/span><\/p>\n<p><span style=\"font-size: 17px;\">Selon lui, \u00ab le Commandement des op\u00e9rations sp\u00e9ciales n\u2019a pas vocation \u00e0 se substituer aux structures existantes. Il doit, au contraire, permettre de f\u00e9d\u00e9rer les comp\u00e9tences, de renforcer la coordination, de d\u00e9velopper l\u2019interop\u00e9rabilit\u00e9 et de mettre \u00e0 la disposition du commandement national une capacit\u00e9 sp\u00e9cialis\u00e9e, r\u00e9active et coh\u00e9rente. Nous devons \u00e9galement faire de l\u2019interop\u00e9rabilit\u00e9 une v\u00e9ritable culture \u00bb.<\/span><\/p>\n<p><span style=\"font-size: 17px;\">Le g\u00e9n\u00e9ral Mouctar Kaba a conclu son intervention en soulignant que \u00ab le COS ne pourra atteindre ses objectifs qu\u2019\u00e0 travers une coop\u00e9ration \u00e9troite avec les \u00e9tats-majors, les forces, les directions et l\u2019ensemble des services concern\u00e9s \u00bb.<\/span><\/p>\n<p><span style=\"font-size: 17px;\">Pour rappel, le Commandement des op\u00e9rations sp\u00e9ciales a \u00e9t\u00e9 cr\u00e9\u00e9 le 22 avril 2026 par d\u00e9cret pr\u00e9sidentiel. Il regroupe en son sein les unit\u00e9s sp\u00e9ciales des forces de d\u00e9fense et de s\u00e9curit\u00e9, notamment le Groupement des forces sp\u00e9ciales (GFS), le Bataillon autonome des troupes a\u00e9roport\u00e9es (BATA), le Groupement des forces d\u2019intervention rapide (GFIR), le Groupement d\u2019intervention de la Gendarmerie nationale (GIGN), les fusiliers commandos de l\u2019Air, les fusiliers marins commandos et le Groupement d\u2019intervention et de protection de la Police nationale (GIPPN).<\/span><\/p>\n<p><span style=\"font-size: 17px;\">Le 15 ao\u00fbt dernier, G\u00e9n\u00e9ral Mouctar Kaba et lieutenant-colonel Elhadj Baba Barry ont \u00e9t\u00e9 nomm\u00e9s \u00e0 la t\u00eate du Commandement des op\u00e9rations sp\u00e9ciales (COS).<\/span><\/p>\n<p><strong><span style=\"font-size: 17px;\">Bhoye Barry pour guinee7.com<\/span><\/strong><!--\/data\/user\/0\/com.samsung.android.app.notes\/files\/clipdata\/clipdata_bodytext_260905_110108_092.sdocx--><\/p>\n<\/div>\n","protected":false},"excerpt":{"rendered":"<p>Conakry-Les responsables du Commandement des op\u00e9rations sp\u00e9ciales (COS) ont \u00e9t\u00e9 install\u00e9s dans leurs fonctions. Il s\u2019agit du g\u00e9n\u00e9ral de brigade Mouctar Kaba, commandant du COS, et du lieutenant-colonel Elhadj Baba Barry, commandant adjoint. La c\u00e9r\u00e9monie de prise de fonctions s\u2019est d\u00e9roul\u00e9e au camp Koundara, \u00e0 Kaloum, o\u00f9 se trouve le si\u00e8ge du COS, en pr\u00e9sence &hellip;<\/p>\n","protected":false},"author":1,"featured_media":0,"comment_status":"closed","ping_status":"closed","sticky":false,"template":"","format":"standard","meta":{"footnotes":""},"categories":[2],"tags":[22],"_links":{"self":[{"href":"https:\/\/de.ambaguinee.org\/index.php?rest_route=\/wp\/v2\/posts\/133115"}],"collection":[{"href":"https:\/\/de.ambaguinee.org\/index.php?rest_route=\/wp\/v2\/posts"}],"about":[{"href":"https:\/\/de.ambaguinee.org\/index.php?rest_route=\/wp\/v2\/types\/post"}],"author":[{"embeddable":true,"href":"https:\/\/de.ambaguinee.org\/index.php?rest_route=\/wp\/v2\/users\/1"}],"replies":[{"embeddable":true,"href":"https:\/\/de.ambaguinee.org\/index.php?rest_route=%2Fwp%2Fv2%2Fcomments&post=133115"}],"version-history":[{"count":0,"href":"https:\/\/de.ambaguinee.org\/index.php?rest_route=\/wp\/v2\/posts\/133115\/revisions"}],"wp:attachment":[{"href":"https:\/\/de.ambaguinee.org\/index.php?rest_route=%2Fwp%2Fv2%2Fmedia&parent=133115"}],"wp:term":[{"taxonomy":"category","embeddable":true,"href":"https:\/\/de.ambaguinee.org\/index.php?rest_route=%2Fwp%2Fv2%2Fcategories&post=133115"},{"taxonomy":"post_tag","embeddable":true,"href":"https:\/\/de.ambaguinee.org\/index.php?rest_route=%2Fwp%2Fv2%2Ftags&post=133115"}],"curies":[{"name":"wp","href":"https:\/\/api.w.org\/{rel}","templated":true}]}}