{"id":133118,"date":"2026-09-05T23:03:41","date_gmt":"2026-09-05T21:03:41","guid":{"rendered":"https:\/\/de.ambaguinee.org\/?p=133118"},"modified":"2026-09-05T23:03:41","modified_gmt":"2026-09-05T21:03:41","slug":"guinee-algassimou-diallo-introuvable-dans-sa-cellule-la-defense-sinquiete-communique","status":"publish","type":"post","link":"https:\/\/de.ambaguinee.org\/?p=133118","title":{"rendered":"Guin\u00e9e : Algassimou Diallo introuvable dans sa cellule,\u00a0la d\u00e9fense s\u2019inqui\u00e8te (Communiqu\u00e9)"},"content":{"rendered":"<div>\n<div style=\"margin-bottom:20px;\"><img width=\"576\" height=\"523\"src=\"https:\/\/i0.wp.com\/www.guinee7.com\/wp-content\/uploads\/2026\/08\/img-20260819-wa0026.webp?w=576&amp;ssl=1\" class=\"attachment-post-thumbnail size-post-thumbnail wp-post-image\" alt=\"IMG-20260819-WA0026\" decoding=\"async\" loading=\"lazy\" srcset=\"https:\/\/i0.wp.com\/www.guinee7.com\/wp-content\/uploads\/2026\/08\/img-20260819-wa0026.webp?w=576&amp;ssl=1 576w, https:\/\/i0.wp.com\/www.guinee7.com\/wp-content\/uploads\/2026\/08\/img-20260819-wa0026.webp?resize=300%2C272&amp;ssl=1 300w\" sizes=\"auto, (max-width: 576px) 100vw, 576px\"><\/div>\n<p><span style=\"font-size: 17px;\">Dans un communiqu\u00e9, diffus\u00e9 par nos confr\u00e8res de Refletguinee.com, le Collectif des avocats Algassimou DIALLO informe l\u2019opinion publique, ce dernier n\u2019est plus dans sa cellule \u00e0 la date du 5 septembre 2026. <\/span><\/p>\n<p><span style=\"font-size: 17px;\">\u201cIl aurait \u00e9t\u00e9 extrait de son lieu de d\u00e9tention et conduit vers une destination inconnue. Les aut<\/span><span style=\"font-size: 17px;\">ori<\/span><span style=\"font-size: 17px;\">t\u00e9<\/span><span style=\"font-size: 17px;\">s iudiciaires<\/span><span style=\"font-size: 17px;\"><b> contact\u00e9es d\u00e9clarent n\u2019en rien sav<\/b><\/span><span style=\"font-size: 17px;\">oir et les d\u00e9marches entreprises aupr\u00e8s de l\u2019\u00e9tablissement p\u00e9nitentiaire sont demeur\u00e9es sans r\u00e9ponse. Aucun ordre d\u2019extraction n\u2019a \u00e9t\u00e9 port\u00e9 \u00e0 la connaissance de la d\u00e9fense. Ni sa famille ni ses conseils ne savent o\u00f9 il se trouve\u201d, lit-on dans la d\u00e9c<\/span><span style=\"font-size: 17px;\">laration que nous vous pr<\/span><span style=\"font-size: 17px;\">oposons ci-dessous.<\/span><\/p>\n<p><img data-recalc-dims=\"1\" loading=\"lazy\" decoding=\"async\" class=\"alignnone wp-image-166744 size-full\"src=\"https:\/\/i0.wp.com\/www.guinee7.com\/wp-content\/uploads\/2026\/09\/IMG-20260905-WA0026.jpg?w=979&amp;ssl=1\" alt=\"\" width=\"979\" height=\"1080\" srcset=\"https:\/\/i0.wp.com\/www.guinee7.com\/wp-content\/uploads\/2026\/09\/IMG-20260905-WA0026.jpg?w=979&amp;ssl=1 979w, https:\/\/i0.wp.com\/www.guinee7.com\/wp-content\/uploads\/2026\/09\/IMG-20260905-WA0026.jpg?resize=272%2C300&amp;ssl=1 272w, https:\/\/i0.wp.com\/www.guinee7.com\/wp-content\/uploads\/2026\/09\/IMG-20260905-WA0026.jpg?resize=928%2C1024&amp;ssl=1 928w, https:\/\/i0.wp.com\/www.guinee7.com\/wp-content\/uploads\/2026\/09\/IMG-20260905-WA0026.jpg?resize=768%2C847&amp;ssl=1 768w\" sizes=\"auto, (max-width: 979px) 100vw, 979px\"><\/p>\n<p><strong><span style=\"font-size: 17px;\">Focus guinee7.com<\/span><\/strong><!--\/data\/user\/0\/com.samsung.android.app.notes\/files\/clipdata\/clipdata_bodytext_260905_192115_693.sdocx--><\/p>\n<\/div>\n","protected":false},"excerpt":{"rendered":"<p>Dans un communiqu\u00e9, diffus\u00e9 par nos confr\u00e8res de Refletguinee.com, le Collectif des avocats Algassimou DIALLO informe l\u2019opinion publique, ce dernier n\u2019est plus dans sa cellule \u00e0 la date du 5 septembre 2026. \u201cIl aurait \u00e9t\u00e9 extrait de son lieu de d\u00e9tention et conduit vers une destination inconnue. Les autorit\u00e9s iudiciaires contact\u00e9es d\u00e9clarent n\u2019en rien savoir &hellip;<\/p>\n","protected":false},"author":1,"featured_media":0,"comment_status":"closed","ping_status":"closed","sticky":false,"template":"","format":"standard","meta":{"footnotes":""},"categories":[2],"tags":[22],"_links":{"self":[{"href":"https:\/\/de.ambaguinee.org\/index.php?rest_route=\/wp\/v2\/posts\/133118"}],"collection":[{"href":"https:\/\/de.ambaguinee.org\/index.php?rest_route=\/wp\/v2\/posts"}],"about":[{"href":"https:\/\/de.ambaguinee.org\/index.php?rest_route=\/wp\/v2\/types\/post"}],"author":[{"embeddable":true,"href":"https:\/\/de.ambaguinee.org\/index.php?rest_route=\/wp\/v2\/users\/1"}],"replies":[{"embeddable":true,"href":"https:\/\/de.ambaguinee.org\/index.php?rest_route=%2Fwp%2Fv2%2Fcomments&post=133118"}],"version-history":[{"count":0,"href":"https:\/\/de.ambaguinee.org\/index.php?rest_route=\/wp\/v2\/posts\/133118\/revisions"}],"wp:attachment":[{"href":"https:\/\/de.ambaguinee.org\/index.php?rest_route=%2Fwp%2Fv2%2Fmedia&parent=133118"}],"wp:term":[{"taxonomy":"category","embeddable":true,"href":"https:\/\/de.ambaguinee.org\/index.php?rest_route=%2Fwp%2Fv2%2Fcategories&post=133118"},{"taxonomy":"post_tag","embeddable":true,"href":"https:\/\/de.ambaguinee.org\/index.php?rest_route=%2Fwp%2Fv2%2Ftags&post=133118"}],"curies":[{"name":"wp","href":"https:\/\/api.w.org\/{rel}","templated":true}]}}