{"id":133194,"date":"2026-09-06T23:03:38","date_gmt":"2026-09-06T21:03:38","guid":{"rendered":"https:\/\/de.ambaguinee.org\/?p=133194"},"modified":"2026-09-06T23:03:38","modified_gmt":"2026-09-06T21:03:38","slug":"diplomatie-mamadi-doumbouya-nomme-un-nouvel-ambassadeur-de-guinee-aux-etats-unis","status":"publish","type":"post","link":"https:\/\/de.ambaguinee.org\/?p=133194","title":{"rendered":"Diplomatie : Mamadi Doumbouya nomme un nouvel ambassadeur de Guin\u00e9e aux \u00c9tats-Unis"},"content":{"rendered":"<div>\n<div style=\"margin-bottom:20px;\"><img width=\"2000\" height=\"1333\"src=\"https:\/\/i0.wp.com\/www.guinee7.com\/wp-content\/uploads\/2026\/05\/fb_img_1779726795511-scaled.webp?w=2000&amp;ssl=1\" class=\"attachment-post-thumbnail size-post-thumbnail wp-post-image\" alt=\"\" decoding=\"async\" loading=\"lazy\" srcset=\"https:\/\/i0.wp.com\/www.guinee7.com\/wp-content\/uploads\/2026\/05\/fb_img_1779726795511-scaled.webp?w=2000&amp;ssl=1 2000w, https:\/\/i0.wp.com\/www.guinee7.com\/wp-content\/uploads\/2026\/05\/fb_img_1779726795511-scaled.webp?resize=300%2C200&amp;ssl=1 300w, https:\/\/i0.wp.com\/www.guinee7.com\/wp-content\/uploads\/2026\/05\/fb_img_1779726795511-scaled.webp?resize=1024%2C683&amp;ssl=1 1024w, https:\/\/i0.wp.com\/www.guinee7.com\/wp-content\/uploads\/2026\/05\/fb_img_1779726795511-scaled.webp?resize=768%2C512&amp;ssl=1 768w, https:\/\/i0.wp.com\/www.guinee7.com\/wp-content\/uploads\/2026\/05\/fb_img_1779726795511-scaled.webp?resize=1536%2C1024&amp;ssl=1 1536w\" sizes=\"auto, (max-width: 2000px) 100vw, 2000px\"><\/div>\n<p><span style=\"font-size: 17px;\">Le pr\u00e9sident de la R\u00e9publique, Mamadi Doumbouya, a nomm\u00e9 ce samedi 5 septembre 2026 un nouvel ambassadeur de Guin\u00e9e aupr\u00e8s des \u00c9tats-Unis d\u2019Am\u00e9rique.<\/span><\/p>\n<p><span style=\"font-size: 17px;\">Selon un d\u00e9cret lu \u00e0 la t\u00e9l\u00e9vision nationale, Ibrahima N\u2019Da\u00efry Diallo a \u00e9t\u00e9 nomm\u00e9 Ambassadeur extraordinaire et pl\u00e9nipotentiaire de la R\u00e9publique de Guin\u00e9e aupr\u00e8s des \u00c9tats-Unis d\u2019Am\u00e9rique.<\/span><\/p>\n<p><span style=\"font-size: 17px;\">Jusqu\u2019ici, Ibrahima N\u2019Da\u00efry Diallo occupait les fonctions de charg\u00e9 d\u2019affaires \u00e0 l\u2019ambassade de Guin\u00e9e \u00e0 Washington.<\/span><\/p>\n<p><strong><span style=\"font-size: 17px;\">Focus Guin\u00e9e7.com<\/span><\/strong><br \/><!--\/data\/user\/0\/com.samsung.android.app.notes\/files\/clipdata\/clipdata_bodytext_260905_222810_841.sdocx--><\/p>\n<\/div>\n","protected":false},"excerpt":{"rendered":"<p>Le pr\u00e9sident de la R\u00e9publique, Mamadi Doumbouya, a nomm\u00e9 ce samedi 5 septembre 2026 un nouvel ambassadeur de Guin\u00e9e aupr\u00e8s des \u00c9tats-Unis d\u2019Am\u00e9rique. Selon un d\u00e9cret lu \u00e0 la t\u00e9l\u00e9vision nationale, Ibrahima N\u2019Da\u00efry Diallo a \u00e9t\u00e9 nomm\u00e9 Ambassadeur extraordinaire et pl\u00e9nipotentiaire de la R\u00e9publique de Guin\u00e9e aupr\u00e8s des \u00c9tats-Unis d\u2019Am\u00e9rique. Jusqu\u2019ici, Ibrahima N\u2019Da\u00efry Diallo occupait &hellip;<\/p>\n","protected":false},"author":1,"featured_media":0,"comment_status":"closed","ping_status":"closed","sticky":false,"template":"","format":"standard","meta":{"footnotes":""},"categories":[2],"tags":[22],"_links":{"self":[{"href":"https:\/\/de.ambaguinee.org\/index.php?rest_route=\/wp\/v2\/posts\/133194"}],"collection":[{"href":"https:\/\/de.ambaguinee.org\/index.php?rest_route=\/wp\/v2\/posts"}],"about":[{"href":"https:\/\/de.ambaguinee.org\/index.php?rest_route=\/wp\/v2\/types\/post"}],"author":[{"embeddable":true,"href":"https:\/\/de.ambaguinee.org\/index.php?rest_route=\/wp\/v2\/users\/1"}],"replies":[{"embeddable":true,"href":"https:\/\/de.ambaguinee.org\/index.php?rest_route=%2Fwp%2Fv2%2Fcomments&post=133194"}],"version-history":[{"count":0,"href":"https:\/\/de.ambaguinee.org\/index.php?rest_route=\/wp\/v2\/posts\/133194\/revisions"}],"wp:attachment":[{"href":"https:\/\/de.ambaguinee.org\/index.php?rest_route=%2Fwp%2Fv2%2Fmedia&parent=133194"}],"wp:term":[{"taxonomy":"category","embeddable":true,"href":"https:\/\/de.ambaguinee.org\/index.php?rest_route=%2Fwp%2Fv2%2Fcategories&post=133194"},{"taxonomy":"post_tag","embeddable":true,"href":"https:\/\/de.ambaguinee.org\/index.php?rest_route=%2Fwp%2Fv2%2Ftags&post=133194"}],"curies":[{"name":"wp","href":"https:\/\/api.w.org\/{rel}","templated":true}]}}