{"id":14287,"date":"2021-08-26T23:02:41","date_gmt":"2021-08-26T21:02:41","guid":{"rendered":"https:\/\/de.ambaguinee.org\/?p=14287"},"modified":"2021-08-26T23:02:41","modified_gmt":"2021-08-26T21:02:41","slug":"sc-toulon-integration-progressive-pour-sadio-lentraineur-explique-ses-attentes","status":"publish","type":"post","link":"https:\/\/de.ambaguinee.org\/?p=14287","title":{"rendered":"SC Toulon : int\u00e9gration progressive pour Sadio, l\u2019entra\u00eeneur explique ses attentes"},"content":{"rendered":"<div>\n<p>Transf\u00e9r\u00e9 au Sporting Club de Toulon il y a quelques jours, Amadou Sadio Diallo, \u00e9tait en conf\u00e9rence ce jeudi dans l\u2019apr\u00e8s-midi. L\u2019ancien pensionnaire du championnat guin\u00e9en a profit\u00e9 pour parler de son arriv\u00e9e et de son souhait de d\u00e9marrer d\u00e8s ce vendredi. Ludovic Batelli, entra\u00eeneur du club, \u00e9tait \u00e9galement pr\u00e9sent \u00e0 la conf\u00e9rence. Le technicien fran\u00e7ais a \u00e9voqu\u00e9 l\u2019int\u00e9gration de Sadio Diallo et ses attentes.<\/p>\n<p>L\u2019article <a rel=\"nofollow\" href=\"https:\/\/www.foot224.co\/2021\/08\/26\/sc-toulon-integration-progressive-pour-sadio-lentraineur-explique-ses-attentes\/\">SC Toulon : int\u00e9gration progressive pour Sadio, l\u2019entra\u00eeneur explique ses attentes<\/a> est apparu en premier sur <a rel=\"nofollow\" href=\"https:\/\/www.foot224.co\/\">Foot224 &#8211; Actualit\u00e9 Sport Guin\u00e9e<\/a>.<\/p>\n<\/div>\n","protected":false},"excerpt":{"rendered":"<p>Transf\u00e9r\u00e9 au Sporting Club de Toulon il y a quelques jours, Amadou Sadio Diallo, \u00e9tait en conf\u00e9rence ce jeudi dans l\u2019apr\u00e8s-midi. L\u2019ancien pensionnaire du championnat guin\u00e9en a profit\u00e9 pour parler de son arriv\u00e9e et de son souhait de d\u00e9marrer d\u00e8s ce vendredi. Ludovic Batelli, entra\u00eeneur du club, \u00e9tait \u00e9galement pr\u00e9sent \u00e0 la conf\u00e9rence. Le technicien &hellip;<\/p>\n","protected":false},"author":1,"featured_media":0,"comment_status":"closed","ping_status":"closed","sticky":false,"template":"","format":"standard","meta":{"footnotes":""},"categories":[4],"tags":[],"_links":{"self":[{"href":"https:\/\/de.ambaguinee.org\/index.php?rest_route=\/wp\/v2\/posts\/14287"}],"collection":[{"href":"https:\/\/de.ambaguinee.org\/index.php?rest_route=\/wp\/v2\/posts"}],"about":[{"href":"https:\/\/de.ambaguinee.org\/index.php?rest_route=\/wp\/v2\/types\/post"}],"author":[{"embeddable":true,"href":"https:\/\/de.ambaguinee.org\/index.php?rest_route=\/wp\/v2\/users\/1"}],"replies":[{"embeddable":true,"href":"https:\/\/de.ambaguinee.org\/index.php?rest_route=%2Fwp%2Fv2%2Fcomments&post=14287"}],"version-history":[{"count":0,"href":"https:\/\/de.ambaguinee.org\/index.php?rest_route=\/wp\/v2\/posts\/14287\/revisions"}],"wp:attachment":[{"href":"https:\/\/de.ambaguinee.org\/index.php?rest_route=%2Fwp%2Fv2%2Fmedia&parent=14287"}],"wp:term":[{"taxonomy":"category","embeddable":true,"href":"https:\/\/de.ambaguinee.org\/index.php?rest_route=%2Fwp%2Fv2%2Fcategories&post=14287"},{"taxonomy":"post_tag","embeddable":true,"href":"https:\/\/de.ambaguinee.org\/index.php?rest_route=%2Fwp%2Fv2%2Ftags&post=14287"}],"curies":[{"name":"wp","href":"https:\/\/api.w.org\/{rel}","templated":true}]}}