{"id":14376,"date":"2021-08-27T23:02:49","date_gmt":"2021-08-27T21:02:49","guid":{"rendered":"https:\/\/de.ambaguinee.org\/?p=14376"},"modified":"2021-08-27T23:02:49","modified_gmt":"2021-08-27T21:02:49","slug":"transfert-un-ancien-du-horoya-signe-en-afrique-du-sud","status":"publish","type":"post","link":"https:\/\/de.ambaguinee.org\/?p=14376","title":{"rendered":"Transfert : un ancien du Horoya signe en Afrique du Sud"},"content":{"rendered":"<div>\n<p><strong>JOHANNESBURG- Abdoulaye Kant\u00e9, qui a r\u00e9cemment \u00e9t\u00e9 lib\u00e9r\u00e9 par le Horoya AC apr\u00e8s la fin son contrat, vient de rebondir en Afrique du Sud. C\u2019est le Venda football Academy qui accueille le gardien de but guin\u00e9en qui s est engag\u00e9 jusqu\u2019en 2023 avec cette \u00e9quipe de deuxi\u00e8me division sud-africaine<\/strong>. <\/p>\n<p>L\u2019annonce a \u00e9t\u00e9 faite par le joueur lui-m\u00eame sur sa page <em>Facebook<\/em>. \u201c<em><strong>Hamdoulilah. Afrique du Sud jusqu\u2019en 2023 avec VFA. Une pens\u00e9e \u00e0 tous ceux qui m\u2019ont soutenu pendant ces ann\u00e9es<\/strong><\/em>\u201d a post\u00e9 l\u2019international guin\u00e9en. <\/p>\n<p>Il faut pr\u00e9ciser que Abdoulaye Kant\u00e9 est pass\u00e9 par plusieurs clubs guin\u00e9ens dont le Fello Star de Lab\u00e9, l\u2019AS Kaloum et derni\u00e8rement le Horoya.<\/p>\n<p><strong><em>GUINEEFOOT.INFO<\/em><\/strong> <\/p>\n<p>L\u2019article <a rel=\"nofollow\" href=\"https:\/\/guineefoot.info\/transfert-un-ancien-du-horoya-signe-en-afrique-du-sud\/\">Transfert : un ancien du Horoya signe en Afrique du Sud<\/a> est apparu en premier sur <a rel=\"nofollow\" href=\"https:\/\/guineefoot.info\/\">Guineefoot<\/a>.<\/p>\n<\/div>\n","protected":false},"excerpt":{"rendered":"<p>JOHANNESBURG- Abdoulaye Kant\u00e9, qui a r\u00e9cemment \u00e9t\u00e9 lib\u00e9r\u00e9 par le Horoya AC apr\u00e8s la fin son contrat, vient de rebondir en Afrique du Sud. C\u2019est le Venda football Academy qui accueille le gardien de but guin\u00e9en qui s est engag\u00e9 jusqu\u2019en 2023 avec cette \u00e9quipe de deuxi\u00e8me division sud-africaine. L\u2019annonce a \u00e9t\u00e9 faite par le &hellip;<\/p>\n","protected":false},"author":1,"featured_media":0,"comment_status":"closed","ping_status":"closed","sticky":false,"template":"","format":"standard","meta":{"footnotes":""},"categories":[4],"tags":[],"_links":{"self":[{"href":"https:\/\/de.ambaguinee.org\/index.php?rest_route=\/wp\/v2\/posts\/14376"}],"collection":[{"href":"https:\/\/de.ambaguinee.org\/index.php?rest_route=\/wp\/v2\/posts"}],"about":[{"href":"https:\/\/de.ambaguinee.org\/index.php?rest_route=\/wp\/v2\/types\/post"}],"author":[{"embeddable":true,"href":"https:\/\/de.ambaguinee.org\/index.php?rest_route=\/wp\/v2\/users\/1"}],"replies":[{"embeddable":true,"href":"https:\/\/de.ambaguinee.org\/index.php?rest_route=%2Fwp%2Fv2%2Fcomments&post=14376"}],"version-history":[{"count":0,"href":"https:\/\/de.ambaguinee.org\/index.php?rest_route=\/wp\/v2\/posts\/14376\/revisions"}],"wp:attachment":[{"href":"https:\/\/de.ambaguinee.org\/index.php?rest_route=%2Fwp%2Fv2%2Fmedia&parent=14376"}],"wp:term":[{"taxonomy":"category","embeddable":true,"href":"https:\/\/de.ambaguinee.org\/index.php?rest_route=%2Fwp%2Fv2%2Fcategories&post=14376"},{"taxonomy":"post_tag","embeddable":true,"href":"https:\/\/de.ambaguinee.org\/index.php?rest_route=%2Fwp%2Fv2%2Ftags&post=14376"}],"curies":[{"name":"wp","href":"https:\/\/api.w.org\/{rel}","templated":true}]}}