{"id":14377,"date":"2021-08-27T23:02:50","date_gmt":"2021-08-27T21:02:50","guid":{"rendered":"https:\/\/de.ambaguinee.org\/?p=14377"},"modified":"2021-08-27T23:02:50","modified_gmt":"2021-08-27T21:02:50","slug":"momo-yansane-avant-le-real-madrid-je-suis-pret-a-100-a-ecrire-mon-histoire","status":"publish","type":"post","link":"https:\/\/de.ambaguinee.org\/?p=14377","title":{"rendered":"Momo Yansan\u00e9 avant le R\u00e9al Madrid \u201cJe suis pr\u00eat \u00e0 100% \u00e0 \u00e9crire mon histoire\u201d"},"content":{"rendered":"<div>\n<p><strong>MOLDAVIE- Momo Yansan\u00e9 va pouvoir r\u00e9aliser son r\u00eave. L\u2019attaquant guin\u00e9en va enfin disputer la Ligue des champions europ\u00e9enne la saison prochaine. Avec son club Sheriff Tiraspol, Momo Yansan\u00e9 disputera la prestigieuse comp\u00e9tition interclubs d\u2019Europe. <\/strong><\/p>\n<p>Lui et son club sont tomb\u00e9s sur le R\u00e9al Madrid, l\u2019Inter Milan et le Sakhtar. Un tirage que le guin\u00e9en voit comme un d\u00e9fi pour lui son club Moldave qui disputeront pour la premi\u00e8re fois ce tournoi. <\/p>\n<p><em><strong>\u201cD\u2019abord, c\u2019est le football et on croit en notre \u00e9quipe et en nos diff\u00e9rents talents. Donc je pense que notre groupe est jouable et je suis convaincu que si nous travaillons plus, nous allons faire le miracle.<\/strong><\/em><\/p>\n<p><strong><em>C\u2019est vrai que nous allons rencontrer de grands clubs comme le Real Madrid et l\u2019inter de Milan qui ont de l\u2019exp\u00e9rience et qui ont l\u2019habitude de jouer la Ligue des Champions mais personnellement je suis \u00e0 100%<\/em><\/strong> <em><strong>pr\u00eat pour \u00e9crire mon histoire dans ce prestigieux troph\u00e9e d\u2019Europe<\/strong><\/em>\u201d a confi\u00e9 Momo Yansan\u00e9 dans des propos recueillis par <em>Sportdrome.com<\/em>. <\/p>\n<p>Le natif de Fria qui a pr\u00eat\u00e9 pr\u00eat\u00e9 ses services au Hafia FC et le FUS de Rabat, n\u2019a pas \u00e9t\u00e9 convoqu\u00e9 par Didier Six pour les deux premi\u00e8res journ\u00e9es des \u00e9liminatoires de la coupe du monde 2022 au Qatar, contre la Guin\u00e9e-Bissau et le Maroc.<\/p>\n<p><strong><em>GUINEEFOOT.INFO<\/em> <\/strong><\/p>\n<p>L\u2019article <a rel=\"nofollow\" href=\"https:\/\/guineefoot.info\/momo-yansane-avant-le-real-madrid-je-suis-pret-a-100-a-ecrire-mon-histoire\/\">Momo Yansan\u00e9 avant le R\u00e9al Madrid \u201cJe suis pr\u00eat \u00e0 100% \u00e0 \u00e9crire mon histoire\u201d<\/a> est apparu en premier sur <a rel=\"nofollow\" href=\"https:\/\/guineefoot.info\/\">Guineefoot<\/a>.<\/p>\n<\/div>\n","protected":false},"excerpt":{"rendered":"<p>MOLDAVIE- Momo Yansan\u00e9 va pouvoir r\u00e9aliser son r\u00eave. L\u2019attaquant guin\u00e9en va enfin disputer la Ligue des champions europ\u00e9enne la saison prochaine. Avec son club Sheriff Tiraspol, Momo Yansan\u00e9 disputera la prestigieuse comp\u00e9tition interclubs d\u2019Europe. Lui et son club sont tomb\u00e9s sur le R\u00e9al Madrid, l\u2019Inter Milan et le Sakhtar. Un tirage que le guin\u00e9en voit &hellip;<\/p>\n","protected":false},"author":1,"featured_media":0,"comment_status":"closed","ping_status":"closed","sticky":false,"template":"","format":"standard","meta":{"footnotes":""},"categories":[4],"tags":[],"_links":{"self":[{"href":"https:\/\/de.ambaguinee.org\/index.php?rest_route=\/wp\/v2\/posts\/14377"}],"collection":[{"href":"https:\/\/de.ambaguinee.org\/index.php?rest_route=\/wp\/v2\/posts"}],"about":[{"href":"https:\/\/de.ambaguinee.org\/index.php?rest_route=\/wp\/v2\/types\/post"}],"author":[{"embeddable":true,"href":"https:\/\/de.ambaguinee.org\/index.php?rest_route=\/wp\/v2\/users\/1"}],"replies":[{"embeddable":true,"href":"https:\/\/de.ambaguinee.org\/index.php?rest_route=%2Fwp%2Fv2%2Fcomments&post=14377"}],"version-history":[{"count":0,"href":"https:\/\/de.ambaguinee.org\/index.php?rest_route=\/wp\/v2\/posts\/14377\/revisions"}],"wp:attachment":[{"href":"https:\/\/de.ambaguinee.org\/index.php?rest_route=%2Fwp%2Fv2%2Fmedia&parent=14377"}],"wp:term":[{"taxonomy":"category","embeddable":true,"href":"https:\/\/de.ambaguinee.org\/index.php?rest_route=%2Fwp%2Fv2%2Fcategories&post=14377"},{"taxonomy":"post_tag","embeddable":true,"href":"https:\/\/de.ambaguinee.org\/index.php?rest_route=%2Fwp%2Fv2%2Ftags&post=14377"}],"curies":[{"name":"wp","href":"https:\/\/api.w.org\/{rel}","templated":true}]}}