{"id":14527,"date":"2021-08-30T23:04:57","date_gmt":"2021-08-30T21:04:57","guid":{"rendered":"https:\/\/de.ambaguinee.org\/?p=14527"},"modified":"2021-08-30T23:04:57","modified_gmt":"2021-08-30T21:04:57","slug":"flash-syli-un-forfait-et-une-incertitude-avant-la-guinee-bissau","status":"publish","type":"post","link":"https:\/\/de.ambaguinee.org\/?p=14527","title":{"rendered":"Flash Syli : un forfait et une incertitude avant la Guin\u00e9e-Bissau"},"content":{"rendered":"<div>\n<p><strong>NOUAKCHOTT- La Guin\u00e9e d\u00e9fiera la Guin\u00e9e-Bissau dans le derby ouest-africain ce mercredi sans l\u2019un de ses joueurs initialement convoqu\u00e9 par Didier Six. Selon la page Facebook de f\u00e9d\u00e9ration guin\u00e9enne de Football, l\u2019attaquant Mendes Moreira est forfait pour cette affiche. <\/strong><\/p>\n<p>Le joueur devrait directement se rendre \u00e0 Conakry pour r\u00e9gulariser son passeport, ce qui le privera de cette confrontation. Il pourrait cependant \u00eatre disponible pour lundi 6 septembre lors de la r\u00e9ception du Maroc \u00e0 Conakry.<\/p>\n<p>L\u2019autre incertitude dans l\u2019effectif du Syli concerne le jeune Saidou Sow. Le d\u00e9fenseur de l\u2019AS Saint-Etienne en France souffre au niveau du poignet. Une blessure qui pourrait le priver aussi de match ce mercredi. Il est \u00e0 l\u2019h\u00f4pital en ce moment pour suivre des examens suppl\u00e9mentaires, et est donc tr\u00e8s incertain contre la Guin\u00e9e-Bissau.<\/p>\n<p>Naby Keita, Amadou Diawara, Mohamed Bayo,  Mohamed Ali Camara et Ibrahima Sory Cont\u00e9 Maibra sont attendus ce soit \u00e0 Nouakchott. Pour l\u2019heure, Didier Six va diriger sa premi\u00e8re s\u00e9ance d\u2019entra\u00eenement 17h avec seulement 14 joueurs sur les 25 s\u00e9lectionn\u00e9s. <\/p>\n<p><strong>Mohamed Lamine Tour\u00e9, envoy\u00e9 sp\u00e9cial \u00e0 Nouakchott <\/strong><\/p>\n<p>L\u2019article <a rel=\"nofollow\" href=\"https:\/\/guineefoot.info\/flash-syli-un-forfait-et-une-incertitude-avant-la-guinee-bissau\/\">Flash Syli : un forfait et une incertitude avant la Guin\u00e9e-Bissau<\/a> est apparu en premier sur <a rel=\"nofollow\" href=\"https:\/\/guineefoot.info\/\">Guineefoot<\/a>.<\/p>\n<\/div>\n","protected":false},"excerpt":{"rendered":"<p>NOUAKCHOTT- La Guin\u00e9e d\u00e9fiera la Guin\u00e9e-Bissau dans le derby ouest-africain ce mercredi sans l\u2019un de ses joueurs initialement convoqu\u00e9 par Didier Six. Selon la page Facebook de f\u00e9d\u00e9ration guin\u00e9enne de Football, l\u2019attaquant Mendes Moreira est forfait pour cette affiche. Le joueur devrait directement se rendre \u00e0 Conakry pour r\u00e9gulariser son passeport, ce qui le privera &hellip;<\/p>\n","protected":false},"author":1,"featured_media":0,"comment_status":"closed","ping_status":"closed","sticky":false,"template":"","format":"standard","meta":{"footnotes":""},"categories":[4],"tags":[],"_links":{"self":[{"href":"https:\/\/de.ambaguinee.org\/index.php?rest_route=\/wp\/v2\/posts\/14527"}],"collection":[{"href":"https:\/\/de.ambaguinee.org\/index.php?rest_route=\/wp\/v2\/posts"}],"about":[{"href":"https:\/\/de.ambaguinee.org\/index.php?rest_route=\/wp\/v2\/types\/post"}],"author":[{"embeddable":true,"href":"https:\/\/de.ambaguinee.org\/index.php?rest_route=\/wp\/v2\/users\/1"}],"replies":[{"embeddable":true,"href":"https:\/\/de.ambaguinee.org\/index.php?rest_route=%2Fwp%2Fv2%2Fcomments&post=14527"}],"version-history":[{"count":0,"href":"https:\/\/de.ambaguinee.org\/index.php?rest_route=\/wp\/v2\/posts\/14527\/revisions"}],"wp:attachment":[{"href":"https:\/\/de.ambaguinee.org\/index.php?rest_route=%2Fwp%2Fv2%2Fmedia&parent=14527"}],"wp:term":[{"taxonomy":"category","embeddable":true,"href":"https:\/\/de.ambaguinee.org\/index.php?rest_route=%2Fwp%2Fv2%2Fcategories&post=14527"},{"taxonomy":"post_tag","embeddable":true,"href":"https:\/\/de.ambaguinee.org\/index.php?rest_route=%2Fwp%2Fv2%2Ftags&post=14527"}],"curies":[{"name":"wp","href":"https:\/\/api.w.org\/{rel}","templated":true}]}}