{"id":14623,"date":"2021-08-31T23:04:03","date_gmt":"2021-08-31T21:04:03","guid":{"rendered":"https:\/\/de.ambaguinee.org\/?p=14623"},"modified":"2021-08-31T23:04:03","modified_gmt":"2021-08-31T21:04:03","slug":"flash-syli-un-deuxieme-forfait-dans-les-rangs-de-la-guinee","status":"publish","type":"post","link":"https:\/\/de.ambaguinee.org\/?p=14623","title":{"rendered":"Flash Syli : un deuxi\u00e8me forfait dans les rangs de la Guin\u00e9e"},"content":{"rendered":"<div>\n<p><strong>NOUAKCHOTT- Comme pr\u00e9c\u00e9demment annonc\u00e9 par <em>Guineefoot<\/em>, l\u2019indisponibilit\u00e9 de Saidou Sow est d\u00e9sormais confirm\u00e9e. Le jeune d\u00e9fenseur guin\u00e9en \u00e9voluant en France (Saint-Etienne), est trop court pour \u00eatre disponible ce mercredi. <\/strong><\/p>\n<p>Bless\u00e9 au poignet avec son club il y a quelques jours en championnat de France, Saidou Sow ne sera pas du rendez-vous de ce mercredi contre la Guin\u00e9e-Bissau. Cet autre forfait vient s\u2019ajouter \u00e0 celui de Mendes Moreira, oblig\u00e9 de regagner Conakry pour faire son passeport. Saidou Sow va-t-il \u00eatre disponible pour le match contre le Maroc le 6 septembre prochain \u00e0 Conakry ? Rien n\u2019est s\u00fbr pour le moment. <\/p>\n<p>Reste \u00e0 savoir aussi si Seydouba Soumah, qui a eu de p\u00e9pins physiques avec son club le week-end dernier, va \u00eatre de la partie contre les Djurtus de Guin\u00e9e-Bissau, ce mercredi, pour la premi\u00e8re journ\u00e9e des \u00e9liminatoires du mondial 2022 au Qatar.<\/p>\n<p><strong>Mohamed LAMINE TOUR\u00c9, depuis Nouakchott<\/strong> <\/p>\n<p>L\u2019article <a rel=\"nofollow\" href=\"https:\/\/guineefoot.info\/flash-syli-un-deuxieme-forfait-dans-les-rangs\/\">Flash Syli : un deuxi\u00e8me forfait dans les rangs de la Guin\u00e9e<\/a> est apparu en premier sur <a rel=\"nofollow\" href=\"https:\/\/guineefoot.info\/\">Guineefoot<\/a>.<\/p>\n<\/div>\n","protected":false},"excerpt":{"rendered":"<p>NOUAKCHOTT- Comme pr\u00e9c\u00e9demment annonc\u00e9 par Guineefoot, l\u2019indisponibilit\u00e9 de Saidou Sow est d\u00e9sormais confirm\u00e9e. Le jeune d\u00e9fenseur guin\u00e9en \u00e9voluant en France (Saint-Etienne), est trop court pour \u00eatre disponible ce mercredi. Bless\u00e9 au poignet avec son club il y a quelques jours en championnat de France, Saidou Sow ne sera pas du rendez-vous de ce mercredi contre &hellip;<\/p>\n","protected":false},"author":1,"featured_media":0,"comment_status":"closed","ping_status":"closed","sticky":false,"template":"","format":"standard","meta":{"footnotes":""},"categories":[4],"tags":[],"_links":{"self":[{"href":"https:\/\/de.ambaguinee.org\/index.php?rest_route=\/wp\/v2\/posts\/14623"}],"collection":[{"href":"https:\/\/de.ambaguinee.org\/index.php?rest_route=\/wp\/v2\/posts"}],"about":[{"href":"https:\/\/de.ambaguinee.org\/index.php?rest_route=\/wp\/v2\/types\/post"}],"author":[{"embeddable":true,"href":"https:\/\/de.ambaguinee.org\/index.php?rest_route=\/wp\/v2\/users\/1"}],"replies":[{"embeddable":true,"href":"https:\/\/de.ambaguinee.org\/index.php?rest_route=%2Fwp%2Fv2%2Fcomments&post=14623"}],"version-history":[{"count":0,"href":"https:\/\/de.ambaguinee.org\/index.php?rest_route=\/wp\/v2\/posts\/14623\/revisions"}],"wp:attachment":[{"href":"https:\/\/de.ambaguinee.org\/index.php?rest_route=%2Fwp%2Fv2%2Fmedia&parent=14623"}],"wp:term":[{"taxonomy":"category","embeddable":true,"href":"https:\/\/de.ambaguinee.org\/index.php?rest_route=%2Fwp%2Fv2%2Fcategories&post=14623"},{"taxonomy":"post_tag","embeddable":true,"href":"https:\/\/de.ambaguinee.org\/index.php?rest_route=%2Fwp%2Fv2%2Ftags&post=14623"}],"curies":[{"name":"wp","href":"https:\/\/api.w.org\/{rel}","templated":true}]}}